{"id":153757,"date":"2019-02-26T19:54:13","date_gmt":"2019-02-26T18:54:13","guid":{"rendered":"http:\/\/zakrasnejsivimperk.cz\/?p=153757"},"modified":"2019-02-27T19:01:00","modified_gmt":"2019-02-27T18:01:00","slug":"historicke-foto-vimperk-prvni-sidliste-ve-meste-v-sedesatych-letech-2-2","status":"publish","type":"post","link":"https:\/\/zakrasnejsivimperk.cz\/?p=153757","title":{"rendered":"HISTORICK\u00c9 FOTO: Vimperk \u2013 prvn\u00ed s\u00eddli\u0161t\u011b ve m\u011bst\u011b v \u0161edes\u00e1t\u00fdch letech (3)"},"content":{"rendered":"<p><img loading=\"lazy\" decoding=\"async\" class=\"aligncenter wp-image-153758\" src=\"http:\/\/zakrasnejsivimperk.cz\/wp-content\/uploads\/2019\/02\/26\/vimperk-star\u00e9-s\u00eddli\u0161t\u011b.jpg\" alt=\"\" width=\"800\" height=\"744\" srcset=\"https:\/\/zakrasnejsivimperk.cz\/wp-content\/uploads\/2019\/02\/26\/vimperk-star\u00e9-s\u00eddli\u0161t\u011b.jpg 616w, https:\/\/zakrasnejsivimperk.cz\/wp-content\/uploads\/2019\/02\/26\/vimperk-star\u00e9-s\u00eddli\u0161t\u011b-300x279.jpg 300w, https:\/\/zakrasnejsivimperk.cz\/wp-content\/uploads\/2019\/02\/26\/vimperk-star\u00e9-s\u00eddli\u0161t\u011b-384x357.jpg 384w, https:\/\/zakrasnejsivimperk.cz\/wp-content\/uploads\/2019\/02\/26\/vimperk-star\u00e9-s\u00eddli\u0161t\u011b-519x483.jpg 519w\" sizes=\"(max-width: 800px) 100vw, 800px\" \/><\/p>\n<p style=\"text-align: center;\"><strong>Foto: Atelier\u00a0\u0160echtl a Vose\u010dek<\/strong><\/p>\n<p>&nbsp;<\/p>\n<p>&nbsp;<\/p>\n<p>&nbsp;<\/p>\n","protected":false},"excerpt":{"rendered":"<p>Foto: Atelier\u00a0\u0160echtl <\/p>\n","protected":false},"author":2,"featured_media":153760,"comment_status":"open","ping_status":"open","sticky":false,"template":"","format":"gallery","meta":{"footnotes":""},"categories":[74],"tags":[],"jetpack_featured_media_url":"https:\/\/zakrasnejsivimperk.cz\/wp-content\/uploads\/2019\/02\/26\/r\u00e1me\u010dek-star\u00e9-s\u00eddli\u0161t\u011b.jpg","_links":{"self":[{"href":"https:\/\/zakrasnejsivimperk.cz\/index.php?rest_route=\/wp\/v2\/posts\/153757"}],"collection":[{"href":"https:\/\/zakrasnejsivimperk.cz\/index.php?rest_route=\/wp\/v2\/posts"}],"about":[{"href":"https:\/\/zakrasnejsivimperk.cz\/index.php?rest_route=\/wp\/v2\/types\/post"}],"author":[{"embeddable":true,"href":"https:\/\/zakrasnejsivimperk.cz\/index.php?rest_route=\/wp\/v2\/users\/2"}],"replies":[{"embeddable":true,"href":"https:\/\/zakrasnejsivimperk.cz\/index.php?rest_route=%2Fwp%2Fv2%2Fcomments&post=153757"}],"version-history":[{"count":3,"href":"https:\/\/zakrasnejsivimperk.cz\/index.php?rest_route=\/wp\/v2\/posts\/153757\/revisions"}],"predecessor-version":[{"id":153865,"href":"https:\/\/zakrasnejsivimperk.cz\/index.php?rest_route=\/wp\/v2\/posts\/153757\/revisions\/153865"}],"wp:featuredmedia":[{"embeddable":true,"href":"https:\/\/zakrasnejsivimperk.cz\/index.php?rest_route=\/wp\/v2\/media\/153760"}],"wp:attachment":[{"href":"https:\/\/zakrasnejsivimperk.cz\/index.php?rest_route=%2Fwp%2Fv2%2Fmedia&parent=153757"}],"wp:term":[{"taxonomy":"category","embeddable":true,"href":"https:\/\/zakrasnejsivimperk.cz\/index.php?rest_route=%2Fwp%2Fv2%2Fcategories&post=153757"},{"taxonomy":"post_tag","embeddable":true,"href":"https:\/\/zakrasnejsivimperk.cz\/index.php?rest_route=%2Fwp%2Fv2%2Ftags&post=153757"}],"curies":[{"name":"wp","href":"https:\/\/api.w.org\/{rel}","templated":true}]}}