{"id":152041,"date":"2019-02-04T21:24:07","date_gmt":"2019-02-04T20:24:07","guid":{"rendered":"http:\/\/zakrasnejsivimperk.cz\/?p=152041"},"modified":"2019-02-04T21:24:07","modified_gmt":"2019-02-04T20:24:07","slug":"historicke-foto-legenda-vimperskeho-hokeje-vladimir-pesl-na-snimku-ze-sezony-199697","status":"publish","type":"post","link":"https:\/\/zakrasnejsivimperk.cz\/?p=152041","title":{"rendered":"HISTORICK\u00c9 FOTO: Legenda vimpersk\u00e9ho hokeje &#8211; Vladim\u00edr Pe\u0161l na sn\u00edmku ze sezony 1996\/97"},"content":{"rendered":"<p><img loading=\"lazy\" decoding=\"async\" class=\"aligncenter wp-image-152042 size-full\" src=\"http:\/\/zakrasnejsivimperk.cz\/wp-content\/uploads\/2019\/02\/04\/vladim\u00edr-pe\u0161l.jpg\" alt=\"\" width=\"887\" height=\"676\" srcset=\"https:\/\/zakrasnejsivimperk.cz\/wp-content\/uploads\/2019\/02\/04\/vladim\u00edr-pe\u0161l.jpg 887w, https:\/\/zakrasnejsivimperk.cz\/wp-content\/uploads\/2019\/02\/04\/vladim\u00edr-pe\u0161l-300x229.jpg 300w, https:\/\/zakrasnejsivimperk.cz\/wp-content\/uploads\/2019\/02\/04\/vladim\u00edr-pe\u0161l-768x585.jpg 768w, https:\/\/zakrasnejsivimperk.cz\/wp-content\/uploads\/2019\/02\/04\/vladim\u00edr-pe\u0161l-468x357.jpg 468w, https:\/\/zakrasnejsivimperk.cz\/wp-content\/uploads\/2019\/02\/04\/vladim\u00edr-pe\u0161l-634x483.jpg 634w\" sizes=\"(max-width: 887px) 100vw, 887px\" \/><\/p>\n<p style=\"text-align: center;\">Foto: Zden\u011bk JUNGVIRT<\/p>\n<p style=\"text-align: center;\">Digitalizace: Petr BEDNAR\u010c\u00cdK &#8211; Revita group<\/p>\n<p>&nbsp;<\/p>\n<p>&nbsp;<\/p>\n<p>&nbsp;<\/p>\n","protected":false},"excerpt":{"rendered":"<p>Foto: Zden\u011bk <\/p>\n","protected":false},"author":2,"featured_media":152043,"comment_status":"open","ping_status":"open","sticky":false,"template":"","format":"gallery","meta":{"footnotes":""},"categories":[74],"tags":[],"jetpack_featured_media_url":"https:\/\/zakrasnejsivimperk.cz\/wp-content\/uploads\/2019\/02\/04\/r\u00e1me\u010dek-vladim\u00edr-pe\u0161l.jpg","_links":{"self":[{"href":"https:\/\/zakrasnejsivimperk.cz\/index.php?rest_route=\/wp\/v2\/posts\/152041"}],"collection":[{"href":"https:\/\/zakrasnejsivimperk.cz\/index.php?rest_route=\/wp\/v2\/posts"}],"about":[{"href":"https:\/\/zakrasnejsivimperk.cz\/index.php?rest_route=\/wp\/v2\/types\/post"}],"author":[{"embeddable":true,"href":"https:\/\/zakrasnejsivimperk.cz\/index.php?rest_route=\/wp\/v2\/users\/2"}],"replies":[{"embeddable":true,"href":"https:\/\/zakrasnejsivimperk.cz\/index.php?rest_route=%2Fwp%2Fv2%2Fcomments&post=152041"}],"version-history":[{"count":1,"href":"https:\/\/zakrasnejsivimperk.cz\/index.php?rest_route=\/wp\/v2\/posts\/152041\/revisions"}],"predecessor-version":[{"id":152044,"href":"https:\/\/zakrasnejsivimperk.cz\/index.php?rest_route=\/wp\/v2\/posts\/152041\/revisions\/152044"}],"wp:featuredmedia":[{"embeddable":true,"href":"https:\/\/zakrasnejsivimperk.cz\/index.php?rest_route=\/wp\/v2\/media\/152043"}],"wp:attachment":[{"href":"https:\/\/zakrasnejsivimperk.cz\/index.php?rest_route=%2Fwp%2Fv2%2Fmedia&parent=152041"}],"wp:term":[{"taxonomy":"category","embeddable":true,"href":"https:\/\/zakrasnejsivimperk.cz\/index.php?rest_route=%2Fwp%2Fv2%2Fcategories&post=152041"},{"taxonomy":"post_tag","embeddable":true,"href":"https:\/\/zakrasnejsivimperk.cz\/index.php?rest_route=%2Fwp%2Fv2%2Ftags&post=152041"}],"curies":[{"name":"wp","href":"https:\/\/api.w.org\/{rel}","templated":true}]}}