{"id":148410,"date":"2018-12-17T18:32:09","date_gmt":"2018-12-17T17:32:09","guid":{"rendered":"http:\/\/zakrasnejsivimperk.cz\/?p=148410"},"modified":"2018-12-22T17:44:15","modified_gmt":"2018-12-22T16:44:15","slug":"jak-to-bylo-pred-sto-lety-rekonstrukce-slavneho-navratu-t-g-masaryka-z-exilu-vlakem-do-prahy","status":"publish","type":"post","link":"https:\/\/zakrasnejsivimperk.cz\/?p=148410","title":{"rendered":"JAK TO BYLO P\u0158ED STO LETY: Rekonstrukce slavn\u00e9ho n\u00e1vratu T. G. Masaryka z exilu vlakem do Prahy"},"content":{"rendered":"<h6>Vznik \u010ceskoslovensk\u00e9 republiky 28. \u0159\u00edjna byl dozajista nejv\u011bt\u0161\u00ed ud\u00e1lost\u00ed roku 1918. N\u00e1vrat presidenta Osvoboditele Tom\u00e1\u0161e Garrigue Masaryka do vlasti byl ale bezpochyby velkou n\u00e1rodn\u00ed manifestac\u00ed. Poj\u010fte si ho spolu s n\u00e1mi p\u0159ipomenout.<\/h6>\n<h6>Stejn\u011b jako p\u0159ed 100 lety se Masaryk do vlasti vr\u00e1t\u00ed p\u0159es Horn\u00ed Dvo\u0159i\u0161t\u011b v p\u00e1tek 21. prosince 2018. Program cesty zvl\u00e1\u0161tn\u00edho vlaku se zast\u00e1vkami v \u010cesk\u00fdch Bud\u011bjovic\u00edch, Vesel\u00ed nad Lu\u017enic\u00ed, T\u00e1bo\u0159e a Bene\u0161ov\u011b u Prahy najdete na webu\u00a0<a href=\"http:\/\/www.vlaktgm.cz\/?fbclid=IwAR2X012pjjfk_4Z6SIba8kuYAEIwSPXbf2CI0PiX4_4y7PvzMnnBcd7B0Uk\" target=\"_blank\" rel=\"nofollow noopener\" data-lynx-mode=\"async\" data-lynx-uri=\"https:\/\/l.facebook.com\/l.php?u=http%3A%2F%2Fwww.vlaktgm.cz%2F%3Ffbclid%3DIwAR2X012pjjfk_4Z6SIba8kuYAEIwSPXbf2CI0PiX4_4y7PvzMnnBcd7B0Uk&amp;h=AT06g0di5Wx2KODbakM004hD8c1J_d7JNdtenlpa2y2F5qrvZRLJOF6vq46NF8hSBoH2FI_I6KWHlGnHyp85N9PO691f5nDK27psRQqbBv_fLz-3w7DggTQKd9B9s7zph3YdK-N-ZRrf1_JcPZrWd_sv5CDsemEo2uagQ-WSvL5J_jd4EBZoBZKdum6nQGPzilDiCPFnhUPCTxUQFymqE-4d0qR2UAHrUMMaJZVOmIOhGhSi5Jc0co4sqqtV388q6RV9DjZyjGsNywtSmxsdg2udUMap6XaC86aY3tS6q8OL31AD63ZPU5_gkJq4D_MtrKUfo3ySPcOfFqPf4NLY67oROIELSj7KjVewz9SHwEgRv0-Rv0eQnrX5zM3Kgc-1KRsppsUwad1t3Z2HnOQfLwhvN51-itDZAWL-YU1cDzCOXjVEpU61kj7WlinSeS-MPmWpGdP9Gm-SdY7OcpnIQyz45dEvvc0ssxFm2n6JtpZrghjrjRrhwJzw1OcqTDzzm7-BHqOCwOjoF9dV0L713u0Q2esyBMynIKmjRvNUhGQ3pXpsXNiSnqayNgoqa_SBLNanbcdlp_hpm97btuntS-6wHfq-8qw-jhCDxq464jVp4FIkXYzNWvSXb5-L_mqAdnDKKeo0yaIOmCXAh8ZkJik8y-AVot61H4vKenq5V9EjMzWHXh2tz5xPJeHpDVclhK7MUXWB5fK4d-JaUgLjliL3kVUj4yFZg7cJv56kpWVAiZEUiY7r_1i_IBAXH0oKDd6KqBpofkahztQPAHzc67vvSrl23o8JJszFqyQcVIUpQZyxIWT46JbCOGHX7WSZXHCdk5C64xXI2Gm-eyvOAD8u4A2AMPw4fddPCf6_-YGuKYmKDiV1meCOfQ_L5qv3KSiqLX976OITrn65C7x5Lx-UZgEug60\">www.vlaktgm.cz.<\/a><\/h6>\n<h6><a href=\"https:\/\/www.facebook.com\/events\/1933954200034070\/?acontext=%7B%22action_history%22%3A%22null%22%7D&amp;__tn__=K%2AF&amp;eid=ARBYUx6dgflwK65FbAT55r2W1aygFGY48ttoXVEkxrDdqe3gIsZjNEvCD2AYjb1xq7iYK0imO9nd5tmK&amp;__xts__%5B0%5D=68.ARBgbKWj_mp-Mfl1aIFgXy-BX9wS7Ky1z3CLVUQY6q58gy2qW5xBp6MpWZ3e_6eDWiC_MQ0mXi_TuQDO5LVbtJdkDZiC1AMkBEfA16pOM_XZQOc4F5wsm-zkUSPSE5gN5QSNJZs9RPC8qNr7bjcbq1Q9quJkKV0w-N8otdneozrKXwj5BTj2pt14OWKup2dBu6uVNgkin04CR5qT5u8UFA0RfzaRMB6twz3ahlrFiImrNmA5c5wHutSGQzysHKsUN_2Jq-jbtTvsiDjWP_vTaq24XqtB6VlMMbXpqECl4XmWn91J3v5D18SAUP9EXSKI49IC8H_61fR7_BUqsEHqi76VDPDQ1CCHZJHHMTQaWMOCpCKZZ2bPi_187i1flDYDzpqZ9R2hQ67QWWBXTFja3JN8G544VDNbGE4LZjgRQ3T9k1OCLPKZomZLBwvSWo_9UQqsMZgawZXPBBIlx1TpJBVCgRpmJ4iBWoQkqZUR6CQ0j04gyVmBB3HDj8q0RYZFkj6-f7hggQ7XNISoyJo4GBpQ6pMKeP3sKdVHu_PDY2A0e130AIDD\" target=\"_blank\" rel=\"noopener\" data-hovercard=\"\/ajax\/hovercard\/event.php?id=1933954200034070&amp;extragetparams=%7B%22__tn__%22%3A%22%2CdK%2AF-R%22%2C%22eid%22%3A%22ARBYUx6dgflwK65FbAT55r2W1aygFGY48ttoXVEkxrDdqe3gIsZjNEvCD2AYjb1xq7iYK0imO9nd5tmK%22%2C%22directed_target_id%22%3Anull%2C%22groups_location%22%3Anull%7D\" data-hovercard-prefer-more-content-show=\"1\">N\u00e1vrat TGM<\/a>\u00a0vyvrchol\u00ed v sobotu 22. prosince na pra\u017esk\u00e9m Hlavn\u00edm (Willsonov\u011b) n\u00e1dra\u017e\u00ed a n\u00e1sledn\u00fdm pochodem legion\u00e1\u0159\u016f a presidenta Masaryka Prahou.<\/h6>\n<h5 id=\"js_m\" class=\"_14f3 _14f5 _5pbw _5vra\" data-ft=\"{&quot;tn&quot;:&quot;C&quot;}\"><a href=\"https:\/\/www.facebook.com\/csol.cz\/\" target=\"_blank\" rel=\"noopener\"><span class=\"fwn fcg\"><span class=\"fwb fcg\" data-ft=\"{&quot;tn&quot;:&quot;k&quot;}\">\u010ceskoslovensk\u00e1 obec legion\u00e1\u0159sk\u00e1<\/span><\/span><\/a><\/h5>\n<p>&nbsp;<\/p>\n<h6><em>Informace o j\u00edzd\u011b zvl\u00e1\u0161tn\u00edch vlak\u016f tak\u00e9 zde:<\/em><\/h6>\n<h1><a href=\"https:\/\/www.cd.cz\/100-let-spolu\/akce\/-30756\/\" target=\"_blank\" rel=\"noopener\">Rekonstrukce slavn\u00e9ho n\u00e1vratu T. G. Masaryka z exilu vlakem<\/a><\/h1>\n<p><img loading=\"lazy\" decoding=\"async\" class=\"aligncenter wp-image-148417\" src=\"http:\/\/zakrasnejsivimperk.cz\/wp-content\/uploads\/2018\/12\/17\/plakat-tgm-v-cb-214x300.jpg\" alt=\"\" width=\"1100\" height=\"1540\" srcset=\"https:\/\/zakrasnejsivimperk.cz\/wp-content\/uploads\/2018\/12\/17\/plakat-tgm-v-cb-214x300.jpg 214w, https:\/\/zakrasnejsivimperk.cz\/wp-content\/uploads\/2018\/12\/17\/plakat-tgm-v-cb-255x357.jpg 255w, https:\/\/zakrasnejsivimperk.cz\/wp-content\/uploads\/2018\/12\/17\/plakat-tgm-v-cb-345x483.jpg 345w, https:\/\/zakrasnejsivimperk.cz\/wp-content\/uploads\/2018\/12\/17\/plakat-tgm-v-cb.jpg 700w\" sizes=\"(max-width: 1100px) 100vw, 1100px\" \/><\/p>\n<p>&nbsp;<\/p>\n<p>&nbsp;<\/p>\n<p><img loading=\"lazy\" decoding=\"async\" class=\"aligncenter wp-image-148411 size-full\" src=\"http:\/\/zakrasnejsivimperk.cz\/wp-content\/uploads\/2018\/12\/17\/plakat-navrat-tgm.jpg\" alt=\"\" width=\"1334\" height=\"1878\" srcset=\"https:\/\/zakrasnejsivimperk.cz\/wp-content\/uploads\/2018\/12\/17\/plakat-navrat-tgm.jpg 1334w, https:\/\/zakrasnejsivimperk.cz\/wp-content\/uploads\/2018\/12\/17\/plakat-navrat-tgm-213x300.jpg 213w, https:\/\/zakrasnejsivimperk.cz\/wp-content\/uploads\/2018\/12\/17\/plakat-navrat-tgm-768x1081.jpg 768w, https:\/\/zakrasnejsivimperk.cz\/wp-content\/uploads\/2018\/12\/17\/plakat-navrat-tgm-727x1024.jpg 727w, https:\/\/zakrasnejsivimperk.cz\/wp-content\/uploads\/2018\/12\/17\/plakat-navrat-tgm-254x357.jpg 254w, https:\/\/zakrasnejsivimperk.cz\/wp-content\/uploads\/2018\/12\/17\/plakat-navrat-tgm-343x483.jpg 343w\" sizes=\"(max-width: 1334px) 100vw, 1334px\" \/><\/p>\n<p>&nbsp;<\/p>\n<p>&nbsp;<\/p>\n<p>&nbsp;<\/p>\n<p>&nbsp;<\/p>\n","protected":false},"excerpt":{"rendered":"<p>Vznik \u010ceskoslovensk\u00e9 <\/p>\n","protected":false},"author":2,"featured_media":148414,"comment_status":"open","ping_status":"open","sticky":false,"template":"","format":"gallery","meta":{"footnotes":""},"categories":[74],"tags":[],"jetpack_featured_media_url":"https:\/\/zakrasnejsivimperk.cz\/wp-content\/uploads\/2018\/12\/17\/r\u00e1me\u010dek-n\u00e1vrat-tgm-x.jpg","_links":{"self":[{"href":"https:\/\/zakrasnejsivimperk.cz\/index.php?rest_route=\/wp\/v2\/posts\/148410"}],"collection":[{"href":"https:\/\/zakrasnejsivimperk.cz\/index.php?rest_route=\/wp\/v2\/posts"}],"about":[{"href":"https:\/\/zakrasnejsivimperk.cz\/index.php?rest_route=\/wp\/v2\/types\/post"}],"author":[{"embeddable":true,"href":"https:\/\/zakrasnejsivimperk.cz\/index.php?rest_route=\/wp\/v2\/users\/2"}],"replies":[{"embeddable":true,"href":"https:\/\/zakrasnejsivimperk.cz\/index.php?rest_route=%2Fwp%2Fv2%2Fcomments&post=148410"}],"version-history":[{"count":4,"href":"https:\/\/zakrasnejsivimperk.cz\/index.php?rest_route=\/wp\/v2\/posts\/148410\/revisions"}],"predecessor-version":[{"id":148418,"href":"https:\/\/zakrasnejsivimperk.cz\/index.php?rest_route=\/wp\/v2\/posts\/148410\/revisions\/148418"}],"wp:featuredmedia":[{"embeddable":true,"href":"https:\/\/zakrasnejsivimperk.cz\/index.php?rest_route=\/wp\/v2\/media\/148414"}],"wp:attachment":[{"href":"https:\/\/zakrasnejsivimperk.cz\/index.php?rest_route=%2Fwp%2Fv2%2Fmedia&parent=148410"}],"wp:term":[{"taxonomy":"category","embeddable":true,"href":"https:\/\/zakrasnejsivimperk.cz\/index.php?rest_route=%2Fwp%2Fv2%2Fcategories&post=148410"},{"taxonomy":"post_tag","embeddable":true,"href":"https:\/\/zakrasnejsivimperk.cz\/index.php?rest_route=%2Fwp%2Fv2%2Ftags&post=148410"}],"curies":[{"name":"wp","href":"https:\/\/api.w.org\/{rel}","templated":true}]}}