{"id":14827,"date":"2015-04-07T06:18:53","date_gmt":"2015-04-07T05:18:53","guid":{"rendered":"http:\/\/zakrasnejsivimperk.cz\/?p=14827"},"modified":"2015-04-07T06:18:53","modified_gmt":"2015-04-07T05:18:53","slug":"idnes-blizi-se-soumrak-vesnickych-hospod-cekaji-je-hned-tri-velke-zmeny","status":"publish","type":"post","link":"https:\/\/zakrasnejsivimperk.cz\/?p=14827","title":{"rendered":"iDNES: Bl\u00ed\u017e\u00ed se soumrak vesnick\u00fdch hospod? \u010cekaj\u00ed je hned t\u0159i velk\u00e9 zm\u011bny"},"content":{"rendered":"<p style=\"text-align: justify;\">Z\u00e1kaz kou\u0159en\u00ed. Omezen\u00ed hrac\u00edch automat\u016f. Povinn\u00e1 elektronick\u00e1 evidence tr\u017eeb. Na \u010desk\u00e9 hospody se val\u00ed hned t\u0159i zm\u011bny najednou. Nejv\u00edc jsou ohro\u017eeny mal\u00e9 vesnick\u00e9 podniky. Hostin\u0161t\u00ed maj\u00ed obavu z budoucnosti, chystan\u00e9 zm\u011bny jim zkomplikuj\u00ed podnik\u00e1n\u00ed a mnoh\u00fdm ohroz\u00ed \u017eivnost.<\/p>\n<p style=\"text-align: justify;\">\u201eTohle je soumrak hospod. Jak vejde v platnost n\u011bkter\u00e9 ze zmi\u0148ovan\u00fdch na\u0159\u00edzen\u00ed, j\u00e1 sv\u016fj podnik zav\u00edr\u00e1m,\u201c tvrd\u00ed Petr Pavlas, kter\u00fd \u010dty\u0159iadvacet\u00a0let\u00a0vede klatovskou pivnici Modr\u00fd abb\u00e9.<\/p>\n<p><strong>Cel\u00fd \u010dl\u00e1nek p\u0159in\u00e1\u0161\u00ed port\u00e1l <a href=\"http:\/\/http:\/\/ekonomika.idnes.cz\/restaurateri-versus-zakony-sobotkovy-vlady-fnp-\/ekonomika.aspx?c=A150403_154443_ekonomika_fih#utm_source=sph.idnes&amp;utm_medium=richtext&amp;utm_content=top6\" target=\"_blank\">iDNES<\/a><\/strong><\/p>\n<p>&nbsp;<\/p>\n<p>&nbsp;<\/p>\n<p>&nbsp;<\/p>\n<p>&nbsp;<\/p>\n","protected":false},"excerpt":{"rendered":"<p>Z\u00e1kaz kou\u0159en\u00ed. <\/p>\n","protected":false},"author":2,"featured_media":2097,"comment_status":"open","ping_status":"open","sticky":false,"template":"","format":"standard","meta":{"footnotes":""},"categories":[18],"tags":[],"jetpack_featured_media_url":"https:\/\/zakrasnejsivimperk.cz\/wp-content\/uploads\/2014\/12\/idnes.png","_links":{"self":[{"href":"https:\/\/zakrasnejsivimperk.cz\/index.php?rest_route=\/wp\/v2\/posts\/14827"}],"collection":[{"href":"https:\/\/zakrasnejsivimperk.cz\/index.php?rest_route=\/wp\/v2\/posts"}],"about":[{"href":"https:\/\/zakrasnejsivimperk.cz\/index.php?rest_route=\/wp\/v2\/types\/post"}],"author":[{"embeddable":true,"href":"https:\/\/zakrasnejsivimperk.cz\/index.php?rest_route=\/wp\/v2\/users\/2"}],"replies":[{"embeddable":true,"href":"https:\/\/zakrasnejsivimperk.cz\/index.php?rest_route=%2Fwp%2Fv2%2Fcomments&post=14827"}],"version-history":[{"count":1,"href":"https:\/\/zakrasnejsivimperk.cz\/index.php?rest_route=\/wp\/v2\/posts\/14827\/revisions"}],"predecessor-version":[{"id":14828,"href":"https:\/\/zakrasnejsivimperk.cz\/index.php?rest_route=\/wp\/v2\/posts\/14827\/revisions\/14828"}],"wp:featuredmedia":[{"embeddable":true,"href":"https:\/\/zakrasnejsivimperk.cz\/index.php?rest_route=\/wp\/v2\/media\/2097"}],"wp:attachment":[{"href":"https:\/\/zakrasnejsivimperk.cz\/index.php?rest_route=%2Fwp%2Fv2%2Fmedia&parent=14827"}],"wp:term":[{"taxonomy":"category","embeddable":true,"href":"https:\/\/zakrasnejsivimperk.cz\/index.php?rest_route=%2Fwp%2Fv2%2Fcategories&post=14827"},{"taxonomy":"post_tag","embeddable":true,"href":"https:\/\/zakrasnejsivimperk.cz\/index.php?rest_route=%2Fwp%2Fv2%2Ftags&post=14827"}],"curies":[{"name":"wp","href":"https:\/\/api.w.org\/{rel}","templated":true}]}}