{"id":148027,"date":"2018-12-14T15:02:50","date_gmt":"2018-12-14T14:02:50","guid":{"rendered":"http:\/\/zakrasnejsivimperk.cz\/?p=148027"},"modified":"2018-12-16T13:36:13","modified_gmt":"2018-12-16T12:36:13","slug":"nejen-pro-pametniky-vanocni-atmosfera-v-domove-pro-seniory-stachy-kusov-v-prosinci-1996-obyvatele-prijely-potesit-deti-z-vimperske-materske-skoly-v-klostermannove-ulici","status":"publish","type":"post","link":"https:\/\/zakrasnejsivimperk.cz\/?p=148027","title":{"rendered":"NEJEN PRO PAM\u011aTN\u00cdKY: V\u00e1no\u010dn\u00ed atmosf\u00e9ra v Domov\u011b pro seniory Stachy &#8211; K\u016fsov v prosinci 1996. Obyvatele p\u0159ijely pot\u011b\u0161it d\u011bti z vimpersk\u00e9 mate\u0159sk\u00e9 \u0161koly v Klostermannov\u011b ulici"},"content":{"rendered":"<p><strong>Foto: Zden\u011bk JUNGVIRT<\/strong><\/p>\n<p><strong>Digitalizace: Petr BEDNAR\u010cIK &#8211; Revita group<\/strong><\/p>\n<div id='gallery-1' class='gallery galleryid-148027 gallery-columns-3 gallery-size-medium'><figure class='gallery-item'>\n\t\t\t<div class='gallery-icon landscape'>\n\t\t\t\t<a href='https:\/\/zakrasnejsivimperk.cz\/?attachment_id=148028'><img loading=\"lazy\" decoding=\"async\" width=\"300\" height=\"201\" src=\"https:\/\/zakrasnejsivimperk.cz\/wp-content\/uploads\/2018\/12\/12\/v\u00e1noce-v-k\u016fsov\u011b-1996-1-300x201.jpg\" class=\"attachment-medium size-medium\" alt=\"\" srcset=\"https:\/\/zakrasnejsivimperk.cz\/wp-content\/uploads\/2018\/12\/12\/v\u00e1noce-v-k\u016fsov\u011b-1996-1-300x201.jpg 300w, https:\/\/zakrasnejsivimperk.cz\/wp-content\/uploads\/2018\/12\/12\/v\u00e1noce-v-k\u016fsov\u011b-1996-1-768x514.jpg 768w, https:\/\/zakrasnejsivimperk.cz\/wp-content\/uploads\/2018\/12\/12\/v\u00e1noce-v-k\u016fsov\u011b-1996-1-534x357.jpg 534w, https:\/\/zakrasnejsivimperk.cz\/wp-content\/uploads\/2018\/12\/12\/v\u00e1noce-v-k\u016fsov\u011b-1996-1-722x483.jpg 722w, https:\/\/zakrasnejsivimperk.cz\/wp-content\/uploads\/2018\/12\/12\/v\u00e1noce-v-k\u016fsov\u011b-1996-1.jpg 1014w\" sizes=\"(max-width: 300px) 100vw, 300px\" \/><\/a>\n\t\t\t<\/div><\/figure><figure class='gallery-item'>\n\t\t\t<div class='gallery-icon landscape'>\n\t\t\t\t<a href='https:\/\/zakrasnejsivimperk.cz\/?attachment_id=148029'><img loading=\"lazy\" decoding=\"async\" width=\"300\" height=\"198\" src=\"https:\/\/zakrasnejsivimperk.cz\/wp-content\/uploads\/2018\/12\/12\/v\u00e1noce-v-k\u016fsov\u011b-1996-2-300x198.jpg\" class=\"attachment-medium size-medium\" alt=\"\" srcset=\"https:\/\/zakrasnejsivimperk.cz\/wp-content\/uploads\/2018\/12\/12\/v\u00e1noce-v-k\u016fsov\u011b-1996-2-300x198.jpg 300w, https:\/\/zakrasnejsivimperk.cz\/wp-content\/uploads\/2018\/12\/12\/v\u00e1noce-v-k\u016fsov\u011b-1996-2-768x507.jpg 768w, https:\/\/zakrasnejsivimperk.cz\/wp-content\/uploads\/2018\/12\/12\/v\u00e1noce-v-k\u016fsov\u011b-1996-2-100x65.jpg 100w, https:\/\/zakrasnejsivimperk.cz\/wp-content\/uploads\/2018\/12\/12\/v\u00e1noce-v-k\u016fsov\u011b-1996-2-541x357.jpg 541w, https:\/\/zakrasnejsivimperk.cz\/wp-content\/uploads\/2018\/12\/12\/v\u00e1noce-v-k\u016fsov\u011b-1996-2-732x483.jpg 732w, https:\/\/zakrasnejsivimperk.cz\/wp-content\/uploads\/2018\/12\/12\/v\u00e1noce-v-k\u016fsov\u011b-1996-2.jpg 1009w\" sizes=\"(max-width: 300px) 100vw, 300px\" \/><\/a>\n\t\t\t<\/div><\/figure><figure class='gallery-item'>\n\t\t\t<div class='gallery-icon landscape'>\n\t\t\t\t<a href='https:\/\/zakrasnejsivimperk.cz\/?attachment_id=148030'><img loading=\"lazy\" decoding=\"async\" width=\"300\" height=\"201\" src=\"https:\/\/zakrasnejsivimperk.cz\/wp-content\/uploads\/2018\/12\/12\/v\u00e1noce-v-k\u016fsov\u011b-1996-3-300x201.jpg\" class=\"attachment-medium size-medium\" alt=\"\" srcset=\"https:\/\/zakrasnejsivimperk.cz\/wp-content\/uploads\/2018\/12\/12\/v\u00e1noce-v-k\u016fsov\u011b-1996-3-300x201.jpg 300w, https:\/\/zakrasnejsivimperk.cz\/wp-content\/uploads\/2018\/12\/12\/v\u00e1noce-v-k\u016fsov\u011b-1996-3-768x515.jpg 768w, https:\/\/zakrasnejsivimperk.cz\/wp-content\/uploads\/2018\/12\/12\/v\u00e1noce-v-k\u016fsov\u011b-1996-3-533x357.jpg 533w, https:\/\/zakrasnejsivimperk.cz\/wp-content\/uploads\/2018\/12\/12\/v\u00e1noce-v-k\u016fsov\u011b-1996-3-721x483.jpg 721w, https:\/\/zakrasnejsivimperk.cz\/wp-content\/uploads\/2018\/12\/12\/v\u00e1noce-v-k\u016fsov\u011b-1996-3.jpg 1009w\" sizes=\"(max-width: 300px) 100vw, 300px\" \/><\/a>\n\t\t\t<\/div><\/figure><figure class='gallery-item'>\n\t\t\t<div class='gallery-icon landscape'>\n\t\t\t\t<a href='https:\/\/zakrasnejsivimperk.cz\/?attachment_id=148031'><img loading=\"lazy\" decoding=\"async\" width=\"300\" height=\"200\" src=\"https:\/\/zakrasnejsivimperk.cz\/wp-content\/uploads\/2018\/12\/12\/v\u00e1noce-v-k\u016fsov\u011b-1996-4-300x200.jpg\" class=\"attachment-medium size-medium\" alt=\"\" srcset=\"https:\/\/zakrasnejsivimperk.cz\/wp-content\/uploads\/2018\/12\/12\/v\u00e1noce-v-k\u016fsov\u011b-1996-4-300x200.jpg 300w, https:\/\/zakrasnejsivimperk.cz\/wp-content\/uploads\/2018\/12\/12\/v\u00e1noce-v-k\u016fsov\u011b-1996-4-768x511.jpg 768w, https:\/\/zakrasnejsivimperk.cz\/wp-content\/uploads\/2018\/12\/12\/v\u00e1noce-v-k\u016fsov\u011b-1996-4-537x357.jpg 537w, https:\/\/zakrasnejsivimperk.cz\/wp-content\/uploads\/2018\/12\/12\/v\u00e1noce-v-k\u016fsov\u011b-1996-4-726x483.jpg 726w, https:\/\/zakrasnejsivimperk.cz\/wp-content\/uploads\/2018\/12\/12\/v\u00e1noce-v-k\u016fsov\u011b-1996-4.jpg 1009w\" sizes=\"(max-width: 300px) 100vw, 300px\" \/><\/a>\n\t\t\t<\/div><\/figure><figure class='gallery-item'>\n\t\t\t<div class='gallery-icon landscape'>\n\t\t\t\t<a href='https:\/\/zakrasnejsivimperk.cz\/?attachment_id=148032'><img loading=\"lazy\" decoding=\"async\" width=\"300\" height=\"202\" src=\"https:\/\/zakrasnejsivimperk.cz\/wp-content\/uploads\/2018\/12\/12\/v\u00e1noce-v-k\u016fsov\u011b-1996-5-300x202.jpg\" class=\"attachment-medium size-medium\" alt=\"\" srcset=\"https:\/\/zakrasnejsivimperk.cz\/wp-content\/uploads\/2018\/12\/12\/v\u00e1noce-v-k\u016fsov\u011b-1996-5-300x202.jpg 300w, https:\/\/zakrasnejsivimperk.cz\/wp-content\/uploads\/2018\/12\/12\/v\u00e1noce-v-k\u016fsov\u011b-1996-5-768x518.jpg 768w, https:\/\/zakrasnejsivimperk.cz\/wp-content\/uploads\/2018\/12\/12\/v\u00e1noce-v-k\u016fsov\u011b-1996-5-530x357.jpg 530w, https:\/\/zakrasnejsivimperk.cz\/wp-content\/uploads\/2018\/12\/12\/v\u00e1noce-v-k\u016fsov\u011b-1996-5-717x483.jpg 717w, https:\/\/zakrasnejsivimperk.cz\/wp-content\/uploads\/2018\/12\/12\/v\u00e1noce-v-k\u016fsov\u011b-1996-5.jpg 1000w\" sizes=\"(max-width: 300px) 100vw, 300px\" \/><\/a>\n\t\t\t<\/div><\/figure><figure class='gallery-item'>\n\t\t\t<div class='gallery-icon landscape'>\n\t\t\t\t<a href='https:\/\/zakrasnejsivimperk.cz\/?attachment_id=148033'><img loading=\"lazy\" decoding=\"async\" width=\"300\" height=\"196\" src=\"https:\/\/zakrasnejsivimperk.cz\/wp-content\/uploads\/2018\/12\/12\/v\u00e1noce-v-k\u016fsov\u011b-1996-6-300x196.jpg\" class=\"attachment-medium size-medium\" alt=\"\" srcset=\"https:\/\/zakrasnejsivimperk.cz\/wp-content\/uploads\/2018\/12\/12\/v\u00e1noce-v-k\u016fsov\u011b-1996-6-300x196.jpg 300w, https:\/\/zakrasnejsivimperk.cz\/wp-content\/uploads\/2018\/12\/12\/v\u00e1noce-v-k\u016fsov\u011b-1996-6-768x502.jpg 768w, https:\/\/zakrasnejsivimperk.cz\/wp-content\/uploads\/2018\/12\/12\/v\u00e1noce-v-k\u016fsov\u011b-1996-6-100x65.jpg 100w, https:\/\/zakrasnejsivimperk.cz\/wp-content\/uploads\/2018\/12\/12\/v\u00e1noce-v-k\u016fsov\u011b-1996-6-546x357.jpg 546w, https:\/\/zakrasnejsivimperk.cz\/wp-content\/uploads\/2018\/12\/12\/v\u00e1noce-v-k\u016fsov\u011b-1996-6-739x483.jpg 739w, https:\/\/zakrasnejsivimperk.cz\/wp-content\/uploads\/2018\/12\/12\/v\u00e1noce-v-k\u016fsov\u011b-1996-6.jpg 1019w\" sizes=\"(max-width: 300px) 100vw, 300px\" \/><\/a>\n\t\t\t<\/div><\/figure><figure class='gallery-item'>\n\t\t\t<div class='gallery-icon landscape'>\n\t\t\t\t<a href='https:\/\/zakrasnejsivimperk.cz\/?attachment_id=148034'><img loading=\"lazy\" decoding=\"async\" width=\"300\" height=\"195\" src=\"https:\/\/zakrasnejsivimperk.cz\/wp-content\/uploads\/2018\/12\/12\/v\u00e1noce-v-k\u016fsov\u011b-1996-7-300x195.jpg\" class=\"attachment-medium size-medium\" alt=\"\" srcset=\"https:\/\/zakrasnejsivimperk.cz\/wp-content\/uploads\/2018\/12\/12\/v\u00e1noce-v-k\u016fsov\u011b-1996-7-300x195.jpg 300w, https:\/\/zakrasnejsivimperk.cz\/wp-content\/uploads\/2018\/12\/12\/v\u00e1noce-v-k\u016fsov\u011b-1996-7-768x498.jpg 768w, https:\/\/zakrasnejsivimperk.cz\/wp-content\/uploads\/2018\/12\/12\/v\u00e1noce-v-k\u016fsov\u011b-1996-7-100x65.jpg 100w, https:\/\/zakrasnejsivimperk.cz\/wp-content\/uploads\/2018\/12\/12\/v\u00e1noce-v-k\u016fsov\u011b-1996-7-550x357.jpg 550w, https:\/\/zakrasnejsivimperk.cz\/wp-content\/uploads\/2018\/12\/12\/v\u00e1noce-v-k\u016fsov\u011b-1996-7-745x483.jpg 745w, https:\/\/zakrasnejsivimperk.cz\/wp-content\/uploads\/2018\/12\/12\/v\u00e1noce-v-k\u016fsov\u011b-1996-7.jpg 1019w\" sizes=\"(max-width: 300px) 100vw, 300px\" \/><\/a>\n\t\t\t<\/div><\/figure><figure class='gallery-item'>\n\t\t\t<div class='gallery-icon landscape'>\n\t\t\t\t<a href='https:\/\/zakrasnejsivimperk.cz\/?attachment_id=148035'><img loading=\"lazy\" decoding=\"async\" width=\"300\" height=\"195\" src=\"https:\/\/zakrasnejsivimperk.cz\/wp-content\/uploads\/2018\/12\/12\/v\u00e1noce-v-k\u016fsov\u011b-1996-8-300x195.jpg\" class=\"attachment-medium size-medium\" alt=\"\" srcset=\"https:\/\/zakrasnejsivimperk.cz\/wp-content\/uploads\/2018\/12\/12\/v\u00e1noce-v-k\u016fsov\u011b-1996-8-300x195.jpg 300w, https:\/\/zakrasnejsivimperk.cz\/wp-content\/uploads\/2018\/12\/12\/v\u00e1noce-v-k\u016fsov\u011b-1996-8-768x500.jpg 768w, https:\/\/zakrasnejsivimperk.cz\/wp-content\/uploads\/2018\/12\/12\/v\u00e1noce-v-k\u016fsov\u011b-1996-8-100x65.jpg 100w, https:\/\/zakrasnejsivimperk.cz\/wp-content\/uploads\/2018\/12\/12\/v\u00e1noce-v-k\u016fsov\u011b-1996-8-548x357.jpg 548w, https:\/\/zakrasnejsivimperk.cz\/wp-content\/uploads\/2018\/12\/12\/v\u00e1noce-v-k\u016fsov\u011b-1996-8-742x483.jpg 742w, https:\/\/zakrasnejsivimperk.cz\/wp-content\/uploads\/2018\/12\/12\/v\u00e1noce-v-k\u016fsov\u011b-1996-8-745x483.jpg 745w, https:\/\/zakrasnejsivimperk.cz\/wp-content\/uploads\/2018\/12\/12\/v\u00e1noce-v-k\u016fsov\u011b-1996-8.jpg 1012w\" sizes=\"(max-width: 300px) 100vw, 300px\" \/><\/a>\n\t\t\t<\/div><\/figure>\n\t\t<\/div>\n\n","protected":false},"excerpt":{"rendered":"<p>Foto: Zden\u011bk <\/p>\n","protected":false},"author":2,"featured_media":148206,"comment_status":"open","ping_status":"open","sticky":false,"template":"","format":"gallery","meta":{"footnotes":""},"categories":[74],"tags":[],"jetpack_featured_media_url":"https:\/\/zakrasnejsivimperk.cz\/wp-content\/uploads\/2018\/12\/14\/r\u00e1me\u010dek-v\u00e1no\u010dn\u00ed-atmosf\u00e9ra.jpg","_links":{"self":[{"href":"https:\/\/zakrasnejsivimperk.cz\/index.php?rest_route=\/wp\/v2\/posts\/148027"}],"collection":[{"href":"https:\/\/zakrasnejsivimperk.cz\/index.php?rest_route=\/wp\/v2\/posts"}],"about":[{"href":"https:\/\/zakrasnejsivimperk.cz\/index.php?rest_route=\/wp\/v2\/types\/post"}],"author":[{"embeddable":true,"href":"https:\/\/zakrasnejsivimperk.cz\/index.php?rest_route=\/wp\/v2\/users\/2"}],"replies":[{"embeddable":true,"href":"https:\/\/zakrasnejsivimperk.cz\/index.php?rest_route=%2Fwp%2Fv2%2Fcomments&post=148027"}],"version-history":[{"count":2,"href":"https:\/\/zakrasnejsivimperk.cz\/index.php?rest_route=\/wp\/v2\/posts\/148027\/revisions"}],"predecessor-version":[{"id":148205,"href":"https:\/\/zakrasnejsivimperk.cz\/index.php?rest_route=\/wp\/v2\/posts\/148027\/revisions\/148205"}],"wp:featuredmedia":[{"embeddable":true,"href":"https:\/\/zakrasnejsivimperk.cz\/index.php?rest_route=\/wp\/v2\/media\/148206"}],"wp:attachment":[{"href":"https:\/\/zakrasnejsivimperk.cz\/index.php?rest_route=%2Fwp%2Fv2%2Fmedia&parent=148027"}],"wp:term":[{"taxonomy":"category","embeddable":true,"href":"https:\/\/zakrasnejsivimperk.cz\/index.php?rest_route=%2Fwp%2Fv2%2Fcategories&post=148027"},{"taxonomy":"post_tag","embeddable":true,"href":"https:\/\/zakrasnejsivimperk.cz\/index.php?rest_route=%2Fwp%2Fv2%2Ftags&post=148027"}],"curies":[{"name":"wp","href":"https:\/\/api.w.org\/{rel}","templated":true}]}}