{"id":148020,"date":"2018-12-21T18:04:23","date_gmt":"2018-12-21T17:04:23","guid":{"rendered":"http:\/\/zakrasnejsivimperk.cz\/?p=148020"},"modified":"2018-12-21T22:19:22","modified_gmt":"2018-12-21T21:19:22","slug":"nejen-pro-pametniky-predvanocni-setkani-senioru-pripravila-v-prosinci-1996-vimperska-farni-charita-potesit-pritomne-prisly-deti-z-materske-skoly-v-mirove-ulici-s-ucitelkou-blankou-posmournou","status":"publish","type":"post","link":"https:\/\/zakrasnejsivimperk.cz\/?p=148020","title":{"rendered":"NEJEN PRO PAM\u011aTN\u00cdKY: P\u0159edv\u00e1no\u010dn\u00ed setk\u00e1n\u00ed senior\u016f p\u0159ipravila v prosinci 1996 vimpersk\u00e1 farn\u00ed charita. Pot\u011b\u0161it p\u0159\u00edtomn\u00e9 p\u0159i\u0161ly d\u011bti z mate\u0159sk\u00e9 \u0161koly v M\u00edrov\u00e9 ulici s u\u010ditelkou Blankou Po\u0161mournou"},"content":{"rendered":"<p><strong>Foto: Zden\u011bk JUNGVIRT<\/strong><\/p>\n<p><strong>Digitalizace: Petr BEDNAR\u010c\u00cdK &#8211; Revita group<\/strong><\/p>\n<div id='gallery-1' class='gallery galleryid-148020 gallery-columns-3 gallery-size-medium'><figure class='gallery-item'>\n\t\t\t<div class='gallery-icon landscape'>\n\t\t\t\t<a href='https:\/\/zakrasnejsivimperk.cz\/?attachment_id=148023'><img loading=\"lazy\" decoding=\"async\" width=\"300\" height=\"172\" src=\"https:\/\/zakrasnejsivimperk.cz\/wp-content\/uploads\/2018\/12\/12\/p\u0159edv\u00e1no\u010dn\u00ed-posezen\u00ed-dps-1996-1-300x172.jpg\" class=\"attachment-medium size-medium\" alt=\"\" srcset=\"https:\/\/zakrasnejsivimperk.cz\/wp-content\/uploads\/2018\/12\/12\/p\u0159edv\u00e1no\u010dn\u00ed-posezen\u00ed-dps-1996-1-300x172.jpg 300w, https:\/\/zakrasnejsivimperk.cz\/wp-content\/uploads\/2018\/12\/12\/p\u0159edv\u00e1no\u010dn\u00ed-posezen\u00ed-dps-1996-1-768x441.jpg 768w, https:\/\/zakrasnejsivimperk.cz\/wp-content\/uploads\/2018\/12\/12\/p\u0159edv\u00e1no\u010dn\u00ed-posezen\u00ed-dps-1996-1-1024x588.jpg 1024w, https:\/\/zakrasnejsivimperk.cz\/wp-content\/uploads\/2018\/12\/12\/p\u0159edv\u00e1no\u010dn\u00ed-posezen\u00ed-dps-1996-1-621x357.jpg 621w, https:\/\/zakrasnejsivimperk.cz\/wp-content\/uploads\/2018\/12\/12\/p\u0159edv\u00e1no\u010dn\u00ed-posezen\u00ed-dps-1996-1-841x483.jpg 841w, https:\/\/zakrasnejsivimperk.cz\/wp-content\/uploads\/2018\/12\/12\/p\u0159edv\u00e1no\u010dn\u00ed-posezen\u00ed-dps-1996-1.jpg 1100w\" sizes=\"(max-width: 300px) 100vw, 300px\" \/><\/a>\n\t\t\t<\/div><\/figure><figure class='gallery-item'>\n\t\t\t<div class='gallery-icon landscape'>\n\t\t\t\t<a href='https:\/\/zakrasnejsivimperk.cz\/?attachment_id=148024'><img loading=\"lazy\" decoding=\"async\" width=\"300\" height=\"194\" src=\"https:\/\/zakrasnejsivimperk.cz\/wp-content\/uploads\/2018\/12\/12\/p\u0159edv\u00e1no\u010dn\u00ed-posezen\u00ed-dps-1996-2-300x194.jpg\" class=\"attachment-medium size-medium\" alt=\"\" srcset=\"https:\/\/zakrasnejsivimperk.cz\/wp-content\/uploads\/2018\/12\/12\/p\u0159edv\u00e1no\u010dn\u00ed-posezen\u00ed-dps-1996-2-300x194.jpg 300w, https:\/\/zakrasnejsivimperk.cz\/wp-content\/uploads\/2018\/12\/12\/p\u0159edv\u00e1no\u010dn\u00ed-posezen\u00ed-dps-1996-2-768x498.jpg 768w, https:\/\/zakrasnejsivimperk.cz\/wp-content\/uploads\/2018\/12\/12\/p\u0159edv\u00e1no\u010dn\u00ed-posezen\u00ed-dps-1996-2-1024x664.jpg 1024w, https:\/\/zakrasnejsivimperk.cz\/wp-content\/uploads\/2018\/12\/12\/p\u0159edv\u00e1no\u010dn\u00ed-posezen\u00ed-dps-1996-2-100x65.jpg 100w, https:\/\/zakrasnejsivimperk.cz\/wp-content\/uploads\/2018\/12\/12\/p\u0159edv\u00e1no\u010dn\u00ed-posezen\u00ed-dps-1996-2-551x357.jpg 551w, https:\/\/zakrasnejsivimperk.cz\/wp-content\/uploads\/2018\/12\/12\/p\u0159edv\u00e1no\u010dn\u00ed-posezen\u00ed-dps-1996-2-745x483.jpg 745w, https:\/\/zakrasnejsivimperk.cz\/wp-content\/uploads\/2018\/12\/12\/p\u0159edv\u00e1no\u010dn\u00ed-posezen\u00ed-dps-1996-2.jpg 1100w\" sizes=\"(max-width: 300px) 100vw, 300px\" \/><\/a>\n\t\t\t<\/div><\/figure><figure class='gallery-item'>\n\t\t\t<div class='gallery-icon landscape'>\n\t\t\t\t<a href='https:\/\/zakrasnejsivimperk.cz\/?attachment_id=148025'><img loading=\"lazy\" decoding=\"async\" width=\"300\" height=\"195\" src=\"https:\/\/zakrasnejsivimperk.cz\/wp-content\/uploads\/2018\/12\/12\/p\u0159edv\u00e1no\u010dn\u00ed-posezen\u00ed-dps-1996-3-300x195.jpg\" class=\"attachment-medium size-medium\" alt=\"\" srcset=\"https:\/\/zakrasnejsivimperk.cz\/wp-content\/uploads\/2018\/12\/12\/p\u0159edv\u00e1no\u010dn\u00ed-posezen\u00ed-dps-1996-3-300x195.jpg 300w, https:\/\/zakrasnejsivimperk.cz\/wp-content\/uploads\/2018\/12\/12\/p\u0159edv\u00e1no\u010dn\u00ed-posezen\u00ed-dps-1996-3-768x499.jpg 768w, https:\/\/zakrasnejsivimperk.cz\/wp-content\/uploads\/2018\/12\/12\/p\u0159edv\u00e1no\u010dn\u00ed-posezen\u00ed-dps-1996-3-1024x665.jpg 1024w, https:\/\/zakrasnejsivimperk.cz\/wp-content\/uploads\/2018\/12\/12\/p\u0159edv\u00e1no\u010dn\u00ed-posezen\u00ed-dps-1996-3-100x65.jpg 100w, https:\/\/zakrasnejsivimperk.cz\/wp-content\/uploads\/2018\/12\/12\/p\u0159edv\u00e1no\u010dn\u00ed-posezen\u00ed-dps-1996-3-550x357.jpg 550w, https:\/\/zakrasnejsivimperk.cz\/wp-content\/uploads\/2018\/12\/12\/p\u0159edv\u00e1no\u010dn\u00ed-posezen\u00ed-dps-1996-3-744x483.jpg 744w, https:\/\/zakrasnejsivimperk.cz\/wp-content\/uploads\/2018\/12\/12\/p\u0159edv\u00e1no\u010dn\u00ed-posezen\u00ed-dps-1996-3-745x483.jpg 745w, https:\/\/zakrasnejsivimperk.cz\/wp-content\/uploads\/2018\/12\/12\/p\u0159edv\u00e1no\u010dn\u00ed-posezen\u00ed-dps-1996-3.jpg 1100w\" sizes=\"(max-width: 300px) 100vw, 300px\" \/><\/a>\n\t\t\t<\/div><\/figure>\n\t\t<\/div>\n\n","protected":false},"excerpt":{"rendered":"<p>Foto: Zden\u011bk <\/p>\n","protected":false},"author":2,"featured_media":148792,"comment_status":"open","ping_status":"open","sticky":false,"template":"","format":"gallery","meta":{"footnotes":""},"categories":[74],"tags":[],"jetpack_featured_media_url":"https:\/\/zakrasnejsivimperk.cz\/wp-content\/uploads\/2018\/12\/21\/r\u00e1me\u010dek-setk\u00e1n\u00ed-senior\u016f.jpg","_links":{"self":[{"href":"https:\/\/zakrasnejsivimperk.cz\/index.php?rest_route=\/wp\/v2\/posts\/148020"}],"collection":[{"href":"https:\/\/zakrasnejsivimperk.cz\/index.php?rest_route=\/wp\/v2\/posts"}],"about":[{"href":"https:\/\/zakrasnejsivimperk.cz\/index.php?rest_route=\/wp\/v2\/types\/post"}],"author":[{"embeddable":true,"href":"https:\/\/zakrasnejsivimperk.cz\/index.php?rest_route=\/wp\/v2\/users\/2"}],"replies":[{"embeddable":true,"href":"https:\/\/zakrasnejsivimperk.cz\/index.php?rest_route=%2Fwp%2Fv2%2Fcomments&post=148020"}],"version-history":[{"count":4,"href":"https:\/\/zakrasnejsivimperk.cz\/index.php?rest_route=\/wp\/v2\/posts\/148020\/revisions"}],"predecessor-version":[{"id":148793,"href":"https:\/\/zakrasnejsivimperk.cz\/index.php?rest_route=\/wp\/v2\/posts\/148020\/revisions\/148793"}],"wp:featuredmedia":[{"embeddable":true,"href":"https:\/\/zakrasnejsivimperk.cz\/index.php?rest_route=\/wp\/v2\/media\/148792"}],"wp:attachment":[{"href":"https:\/\/zakrasnejsivimperk.cz\/index.php?rest_route=%2Fwp%2Fv2%2Fmedia&parent=148020"}],"wp:term":[{"taxonomy":"category","embeddable":true,"href":"https:\/\/zakrasnejsivimperk.cz\/index.php?rest_route=%2Fwp%2Fv2%2Fcategories&post=148020"},{"taxonomy":"post_tag","embeddable":true,"href":"https:\/\/zakrasnejsivimperk.cz\/index.php?rest_route=%2Fwp%2Fv2%2Ftags&post=148020"}],"curies":[{"name":"wp","href":"https:\/\/api.w.org\/{rel}","templated":true}]}}