{"id":148008,"date":"2018-12-23T21:01:55","date_gmt":"2018-12-23T20:01:55","guid":{"rendered":"http:\/\/zakrasnejsivimperk.cz\/?p=148008"},"modified":"2018-12-23T21:01:55","modified_gmt":"2018-12-23T20:01:55","slug":"nejen-pro-pametniky-priprava-na-vanoce-u-2-pruzkumneho-praporu-ve-vojenske-posadce-u-sloupu-ve-vimperku-v-prosinci-1996","status":"publish","type":"post","link":"https:\/\/zakrasnejsivimperk.cz\/?p=148008","title":{"rendered":"NEJEN PRO PAM\u011aTN\u00cdKY: P\u0159\u00edprava na V\u00e1noce u 2. pr\u016fzkumn\u00e9ho praporu ve vojensk\u00e9 pos\u00e1dce U Sloup\u016f ve Vimperku v prosinci 1996"},"content":{"rendered":"<p><strong>Foto: Zden\u011bk JUNGVIRT<\/strong><\/p>\n<p><strong>Digitalizace: Petr BEDNAR\u010c\u00cdK &#8211; Revita group<\/strong><\/p>\n<div id='gallery-1' class='gallery galleryid-148008 gallery-columns-3 gallery-size-medium'><figure class='gallery-item'>\n\t\t\t<div class='gallery-icon landscape'>\n\t\t\t\t<a href='https:\/\/zakrasnejsivimperk.cz\/?attachment_id=148009'><img loading=\"lazy\" decoding=\"async\" width=\"300\" height=\"194\" src=\"https:\/\/zakrasnejsivimperk.cz\/wp-content\/uploads\/2018\/12\/12\/vojensk\u00e9-v\u00e1noce-1996-1-300x194.jpg\" class=\"attachment-medium size-medium\" alt=\"\" srcset=\"https:\/\/zakrasnejsivimperk.cz\/wp-content\/uploads\/2018\/12\/12\/vojensk\u00e9-v\u00e1noce-1996-1-300x194.jpg 300w, https:\/\/zakrasnejsivimperk.cz\/wp-content\/uploads\/2018\/12\/12\/vojensk\u00e9-v\u00e1noce-1996-1-768x497.jpg 768w, https:\/\/zakrasnejsivimperk.cz\/wp-content\/uploads\/2018\/12\/12\/vojensk\u00e9-v\u00e1noce-1996-1-1024x663.jpg 1024w, https:\/\/zakrasnejsivimperk.cz\/wp-content\/uploads\/2018\/12\/12\/vojensk\u00e9-v\u00e1noce-1996-1-100x65.jpg 100w, https:\/\/zakrasnejsivimperk.cz\/wp-content\/uploads\/2018\/12\/12\/vojensk\u00e9-v\u00e1noce-1996-1-552x357.jpg 552w, https:\/\/zakrasnejsivimperk.cz\/wp-content\/uploads\/2018\/12\/12\/vojensk\u00e9-v\u00e1noce-1996-1-746x483.jpg 746w, https:\/\/zakrasnejsivimperk.cz\/wp-content\/uploads\/2018\/12\/12\/vojensk\u00e9-v\u00e1noce-1996-1-745x483.jpg 745w, https:\/\/zakrasnejsivimperk.cz\/wp-content\/uploads\/2018\/12\/12\/vojensk\u00e9-v\u00e1noce-1996-1.jpg 1100w\" sizes=\"(max-width: 300px) 100vw, 300px\" \/><\/a>\n\t\t\t<\/div><\/figure><figure class='gallery-item'>\n\t\t\t<div class='gallery-icon landscape'>\n\t\t\t\t<a href='https:\/\/zakrasnejsivimperk.cz\/?attachment_id=148010'><img loading=\"lazy\" decoding=\"async\" width=\"300\" height=\"191\" src=\"https:\/\/zakrasnejsivimperk.cz\/wp-content\/uploads\/2018\/12\/12\/vojensk\u00e9-v\u00e1noce-1996-2-300x191.jpg\" class=\"attachment-medium size-medium\" alt=\"\" srcset=\"https:\/\/zakrasnejsivimperk.cz\/wp-content\/uploads\/2018\/12\/12\/vojensk\u00e9-v\u00e1noce-1996-2-300x191.jpg 300w, https:\/\/zakrasnejsivimperk.cz\/wp-content\/uploads\/2018\/12\/12\/vojensk\u00e9-v\u00e1noce-1996-2-768x488.jpg 768w, https:\/\/zakrasnejsivimperk.cz\/wp-content\/uploads\/2018\/12\/12\/vojensk\u00e9-v\u00e1noce-1996-2-1024x651.jpg 1024w, https:\/\/zakrasnejsivimperk.cz\/wp-content\/uploads\/2018\/12\/12\/vojensk\u00e9-v\u00e1noce-1996-2-100x65.jpg 100w, https:\/\/zakrasnejsivimperk.cz\/wp-content\/uploads\/2018\/12\/12\/vojensk\u00e9-v\u00e1noce-1996-2-562x357.jpg 562w, https:\/\/zakrasnejsivimperk.cz\/wp-content\/uploads\/2018\/12\/12\/vojensk\u00e9-v\u00e1noce-1996-2-760x483.jpg 760w, https:\/\/zakrasnejsivimperk.cz\/wp-content\/uploads\/2018\/12\/12\/vojensk\u00e9-v\u00e1noce-1996-2.jpg 1100w\" sizes=\"(max-width: 300px) 100vw, 300px\" \/><\/a>\n\t\t\t<\/div><\/figure><figure class='gallery-item'>\n\t\t\t<div class='gallery-icon landscape'>\n\t\t\t\t<a href='https:\/\/zakrasnejsivimperk.cz\/?attachment_id=148011'><img loading=\"lazy\" decoding=\"async\" width=\"300\" height=\"190\" src=\"https:\/\/zakrasnejsivimperk.cz\/wp-content\/uploads\/2018\/12\/12\/vojensk\u00e9-v\u00e1noce-1996-3-300x190.jpg\" class=\"attachment-medium size-medium\" alt=\"\" srcset=\"https:\/\/zakrasnejsivimperk.cz\/wp-content\/uploads\/2018\/12\/12\/vojensk\u00e9-v\u00e1noce-1996-3-300x190.jpg 300w, https:\/\/zakrasnejsivimperk.cz\/wp-content\/uploads\/2018\/12\/12\/vojensk\u00e9-v\u00e1noce-1996-3-768x487.jpg 768w, https:\/\/zakrasnejsivimperk.cz\/wp-content\/uploads\/2018\/12\/12\/vojensk\u00e9-v\u00e1noce-1996-3-1024x649.jpg 1024w, https:\/\/zakrasnejsivimperk.cz\/wp-content\/uploads\/2018\/12\/12\/vojensk\u00e9-v\u00e1noce-1996-3-563x357.jpg 563w, https:\/\/zakrasnejsivimperk.cz\/wp-content\/uploads\/2018\/12\/12\/vojensk\u00e9-v\u00e1noce-1996-3-762x483.jpg 762w, https:\/\/zakrasnejsivimperk.cz\/wp-content\/uploads\/2018\/12\/12\/vojensk\u00e9-v\u00e1noce-1996-3.jpg 1100w\" sizes=\"(max-width: 300px) 100vw, 300px\" \/><\/a>\n\t\t\t<\/div><\/figure><figure class='gallery-item'>\n\t\t\t<div class='gallery-icon landscape'>\n\t\t\t\t<a href='https:\/\/zakrasnejsivimperk.cz\/?attachment_id=148012'><img loading=\"lazy\" decoding=\"async\" width=\"300\" height=\"190\" src=\"https:\/\/zakrasnejsivimperk.cz\/wp-content\/uploads\/2018\/12\/12\/vojensk\u00e9-v\u00e1noce-1996-4-300x190.jpg\" class=\"attachment-medium size-medium\" alt=\"\" srcset=\"https:\/\/zakrasnejsivimperk.cz\/wp-content\/uploads\/2018\/12\/12\/vojensk\u00e9-v\u00e1noce-1996-4-300x190.jpg 300w, https:\/\/zakrasnejsivimperk.cz\/wp-content\/uploads\/2018\/12\/12\/vojensk\u00e9-v\u00e1noce-1996-4-768x487.jpg 768w, https:\/\/zakrasnejsivimperk.cz\/wp-content\/uploads\/2018\/12\/12\/vojensk\u00e9-v\u00e1noce-1996-4-1024x649.jpg 1024w, https:\/\/zakrasnejsivimperk.cz\/wp-content\/uploads\/2018\/12\/12\/vojensk\u00e9-v\u00e1noce-1996-4-563x357.jpg 563w, https:\/\/zakrasnejsivimperk.cz\/wp-content\/uploads\/2018\/12\/12\/vojensk\u00e9-v\u00e1noce-1996-4-762x483.jpg 762w, https:\/\/zakrasnejsivimperk.cz\/wp-content\/uploads\/2018\/12\/12\/vojensk\u00e9-v\u00e1noce-1996-4.jpg 1100w\" sizes=\"(max-width: 300px) 100vw, 300px\" \/><\/a>\n\t\t\t<\/div><\/figure>\n\t\t<\/div>\n\n","protected":false},"excerpt":{"rendered":"<p>Foto: Zden\u011bk <\/p>\n","protected":false},"author":2,"featured_media":148922,"comment_status":"open","ping_status":"open","sticky":false,"template":"","format":"gallery","meta":{"footnotes":""},"categories":[74],"tags":[],"jetpack_featured_media_url":"https:\/\/zakrasnejsivimperk.cz\/wp-content\/uploads\/2018\/12\/23\/r\u00e1me\u010dek-vojensk\u00e9-v\u00e1noce.jpg","_links":{"self":[{"href":"https:\/\/zakrasnejsivimperk.cz\/index.php?rest_route=\/wp\/v2\/posts\/148008"}],"collection":[{"href":"https:\/\/zakrasnejsivimperk.cz\/index.php?rest_route=\/wp\/v2\/posts"}],"about":[{"href":"https:\/\/zakrasnejsivimperk.cz\/index.php?rest_route=\/wp\/v2\/types\/post"}],"author":[{"embeddable":true,"href":"https:\/\/zakrasnejsivimperk.cz\/index.php?rest_route=\/wp\/v2\/users\/2"}],"replies":[{"embeddable":true,"href":"https:\/\/zakrasnejsivimperk.cz\/index.php?rest_route=%2Fwp%2Fv2%2Fcomments&post=148008"}],"version-history":[{"count":1,"href":"https:\/\/zakrasnejsivimperk.cz\/index.php?rest_route=\/wp\/v2\/posts\/148008\/revisions"}],"predecessor-version":[{"id":148013,"href":"https:\/\/zakrasnejsivimperk.cz\/index.php?rest_route=\/wp\/v2\/posts\/148008\/revisions\/148013"}],"wp:featuredmedia":[{"embeddable":true,"href":"https:\/\/zakrasnejsivimperk.cz\/index.php?rest_route=\/wp\/v2\/media\/148922"}],"wp:attachment":[{"href":"https:\/\/zakrasnejsivimperk.cz\/index.php?rest_route=%2Fwp%2Fv2%2Fmedia&parent=148008"}],"wp:term":[{"taxonomy":"category","embeddable":true,"href":"https:\/\/zakrasnejsivimperk.cz\/index.php?rest_route=%2Fwp%2Fv2%2Fcategories&post=148008"},{"taxonomy":"post_tag","embeddable":true,"href":"https:\/\/zakrasnejsivimperk.cz\/index.php?rest_route=%2Fwp%2Fv2%2Ftags&post=148008"}],"curies":[{"name":"wp","href":"https:\/\/api.w.org\/{rel}","templated":true}]}}