{"id":146815,"date":"2018-11-28T15:23:41","date_gmt":"2018-11-28T14:23:41","guid":{"rendered":"http:\/\/zakrasnejsivimperk.cz\/?p=146815"},"modified":"2018-11-29T15:26:28","modified_gmt":"2018-11-29T14:26:28","slug":"jizni-cechy-jihoceske-nemocnice-opet-uspely-v-celorepublikovem-hodnoceni","status":"publish","type":"post","link":"https:\/\/zakrasnejsivimperk.cz\/?p=146815","title":{"rendered":"JI\u017dN\u00cd \u010cECHY: Jiho\u010desk\u00e9 nemocnice op\u011bt usp\u011bly v celorepublikov\u00e9m hodnocen\u00ed"},"content":{"rendered":"<p><img loading=\"lazy\" decoding=\"async\" class=\"aligncenter wp-image-146816 size-full\" src=\"http:\/\/zakrasnejsivimperk.cz\/wp-content\/uploads\/2018\/11\/28\/hodnocen\u00ed-nemocnic-1.jpg\" alt=\"\" width=\"631\" height=\"315\" srcset=\"https:\/\/zakrasnejsivimperk.cz\/wp-content\/uploads\/2018\/11\/28\/hodnocen\u00ed-nemocnic-1.jpg 631w, https:\/\/zakrasnejsivimperk.cz\/wp-content\/uploads\/2018\/11\/28\/hodnocen\u00ed-nemocnic-1-300x150.jpg 300w\" sizes=\"(max-width: 631px) 100vw, 631px\" \/><\/p>\n<p>&nbsp;<\/p>\n<div id=\"js_jt\" class=\"_5pbx userContent _3576\" data-ad-preview=\"message\" data-ft=\"{&quot;tn&quot;:&quot;K&quot;}\">\n<div id=\"id_5bfe3b8d406948687594091\" class=\"text_exposed_root text_exposed\">\n<h6><strong>Jiho\u010desk\u00e9 nemocnice op\u011bt zaznamenaly \u00fasp\u011bch v celorepublikov\u00e9m presti\u017en\u00edm projektu Nemocnice roku, kter\u00fd po\u0159\u00e1d\u00e1 neziskov\u00e1 organizace HealthCare Institute. Nemocnice Strakonice je \u010dtvrtou nejlep\u0161\u00ed nemocnic\u00ed v \u010cesk\u00e9 republice, d\u00e1le se um\u00edstila na 3. m\u00edst\u011b v hodnocen\u00ed zam\u011bstnanc\u016f. Nemocnice Jind\u0159ich\u016fv Hradec obsadila t\u0159et\u00ed p\u0159\u00ed\u010dku v hodnocen\u00ed pacient\u016f. Krajsk\u00e1 Nemocnice \u010cesk\u00e9 Bud\u011bjovice se stala absolutn\u00edm v\u00edt\u011bzem v\u00a0<span class=\"text_exposed_show\">hodnocen\u00ed finan\u010dn\u00ed kondice.\u00a0<\/span><\/strong><\/h6>\n<p><span class=\"text_exposed_show\"><em><img loading=\"lazy\" decoding=\"async\" class=\"size-medium wp-image-146818 alignright\" src=\"http:\/\/zakrasnejsivimperk.cz\/wp-content\/uploads\/2018\/11\/28\/jihoceske_nemocnice_logo-300x169.jpg\" alt=\"\" width=\"300\" height=\"169\" srcset=\"https:\/\/zakrasnejsivimperk.cz\/wp-content\/uploads\/2018\/11\/28\/jihoceske_nemocnice_logo-300x169.jpg 300w, https:\/\/zakrasnejsivimperk.cz\/wp-content\/uploads\/2018\/11\/28\/jihoceske_nemocnice_logo.jpg 450w\" sizes=\"(max-width: 300px) 100vw, 300px\" \/><img loading=\"lazy\" decoding=\"async\" class=\"alignleft wp-image-92309 size-medium\" src=\"http:\/\/zakrasnejsivimperk.cz\/wp-content\/uploads\/2017\/02\/09\/jiho\u010desk\u00fd-kraj3-300x161.jpg\" alt=\"\" width=\"300\" height=\"161\" srcset=\"https:\/\/zakrasnejsivimperk.cz\/wp-content\/uploads\/2017\/02\/09\/jiho\u010desk\u00fd-kraj3-300x161.jpg 300w, https:\/\/zakrasnejsivimperk.cz\/wp-content\/uploads\/2017\/02\/09\/jiho\u010desk\u00fd-kraj3-768x412.jpg 768w, https:\/\/zakrasnejsivimperk.cz\/wp-content\/uploads\/2017\/02\/09\/jiho\u010desk\u00fd-kraj3-665x357.jpg 665w, https:\/\/zakrasnejsivimperk.cz\/wp-content\/uploads\/2017\/02\/09\/jiho\u010desk\u00fd-kraj3-899x483.jpg 899w, https:\/\/zakrasnejsivimperk.cz\/wp-content\/uploads\/2017\/02\/09\/jiho\u010desk\u00fd-kraj3.jpg 1000w\" sizes=\"(max-width: 300px) 100vw, 300px\" \/>\u201eJsem nesm\u00edrn\u011b hrd\u00e1 na to, \u017ee se se na\u0161e nemocnice st\u00e1le dr\u017e\u00ed v \u010dele. Nejen v sout\u011b\u017e\u00edch, ale hlavn\u011b v re\u00e1ln\u00e9m \u017eivot\u011b se tak ukazuje, \u017ee jiho\u010desk\u00e9 zdravotnictv\u00ed m\u016f\u017ee b\u00fdt vzorem pro celou \u010ceskou republiku,\u201c<\/em> uvedla hejtmanka Ivana Str\u00e1sk\u00e1 s t\u00edm, \u017ee z\u00e1kladn\u00ed filozofi\u00ed jiho\u010desk\u00fdch nemocnic je st\u00e1le zlep\u0161ovat p\u00e9\u010di o pacienty, m\u00edt spokojen\u00e9 zam\u011bstnance, modernizovat vybaven\u00ed a zisk investovat zp\u011bt do sv\u00e9ho dal\u0161\u00edho rozvoje.\u00a0<\/span><\/p>\n<p><span class=\"text_exposed_show\"><em>\u201eNeust\u00e1le se sna\u017e\u00edme zdokonalovat zdravotn\u00ed p\u00e9\u010di, slu\u017eby pro pacienty, vybaven\u00ed \u010di jednotliv\u00e1 odd\u011blen\u00ed. Kontinu\u00e1ln\u011b investujeme do rozvoje, d\u00edky \u010demu\u017e bezesporu pat\u0159\u00edme k absolutn\u00ed republikov\u00e9 \u0161pi\u010dce. Z \u00fasp\u011bchu v projektu Nemocnice roku m\u00e1m up\u0159\u00edmnou radost,\u201c<\/em> navazuje p\u0159edsedkyn\u011b holdingu Jiho\u010desk\u00e9 nemocnice Zuzana Roithov\u00e1.<\/span><\/p>\n<p><span class=\"text_exposed_show\">V projektu se hodnot\u00ed finan\u010dn\u00ed zdrav\u00ed, spokojenost hospitalizovan\u00fdch pacient\u016f, spokojenost ambulantn\u00edch pacient\u016f a spokojenost zam\u011bstnanc\u016f. <em>\u201e\u00dasp\u011bch jiho\u010desk\u00fdch nemocnic je pro n\u00e1s cennou zp\u011btnou vazbou a motivace pokra\u010dovat v \u00fasp\u011b\u0161n\u00e9 cest\u011b d\u00e1l,\u201c<\/em> \u0159\u00edk\u00e1 \u010dlen p\u0159edstavenstva Jiho\u010desk\u00fdch nemocnic Michal \u010carva\u0161.<\/span><\/p>\n<\/div>\n<\/div>\n<p><strong>Text a foto: (tzj\u010d)<\/strong><\/p>\n<p><img loading=\"lazy\" decoding=\"async\" class=\"aligncenter wp-image-146817 size-full\" src=\"http:\/\/zakrasnejsivimperk.cz\/wp-content\/uploads\/2018\/11\/28\/hodnocen\u00ed-nemocnic-2.jpg\" alt=\"\" width=\"638\" height=\"288\" srcset=\"https:\/\/zakrasnejsivimperk.cz\/wp-content\/uploads\/2018\/11\/28\/hodnocen\u00ed-nemocnic-2.jpg 638w, https:\/\/zakrasnejsivimperk.cz\/wp-content\/uploads\/2018\/11\/28\/hodnocen\u00ed-nemocnic-2-300x135.jpg 300w\" sizes=\"(max-width: 638px) 100vw, 638px\" \/><\/p>\n<div class=\"_3x-2\" data-ft=\"{&quot;tn&quot;:&quot;H&quot;}\"><\/div>\n<div data-ft=\"{&quot;tn&quot;:&quot;H&quot;}\"><\/div>\n<div data-ft=\"{&quot;tn&quot;:&quot;H&quot;}\"><\/div>\n<div data-ft=\"{&quot;tn&quot;:&quot;H&quot;}\"><\/div>\n","protected":false},"excerpt":{"rendered":"<p>&nbsp; Jiho\u010desk\u00e9 <\/p>\n","protected":false},"author":2,"featured_media":146820,"comment_status":"open","ping_status":"open","sticky":false,"template":"","format":"gallery","meta":{"footnotes":""},"categories":[72],"tags":[],"jetpack_featured_media_url":"https:\/\/zakrasnejsivimperk.cz\/wp-content\/uploads\/2018\/11\/28\/r\u00e1me\u010dek-nemocnice-usp\u011bly.jpg","_links":{"self":[{"href":"https:\/\/zakrasnejsivimperk.cz\/index.php?rest_route=\/wp\/v2\/posts\/146815"}],"collection":[{"href":"https:\/\/zakrasnejsivimperk.cz\/index.php?rest_route=\/wp\/v2\/posts"}],"about":[{"href":"https:\/\/zakrasnejsivimperk.cz\/index.php?rest_route=\/wp\/v2\/types\/post"}],"author":[{"embeddable":true,"href":"https:\/\/zakrasnejsivimperk.cz\/index.php?rest_route=\/wp\/v2\/users\/2"}],"replies":[{"embeddable":true,"href":"https:\/\/zakrasnejsivimperk.cz\/index.php?rest_route=%2Fwp%2Fv2%2Fcomments&post=146815"}],"version-history":[{"count":1,"href":"https:\/\/zakrasnejsivimperk.cz\/index.php?rest_route=\/wp\/v2\/posts\/146815\/revisions"}],"predecessor-version":[{"id":146819,"href":"https:\/\/zakrasnejsivimperk.cz\/index.php?rest_route=\/wp\/v2\/posts\/146815\/revisions\/146819"}],"wp:featuredmedia":[{"embeddable":true,"href":"https:\/\/zakrasnejsivimperk.cz\/index.php?rest_route=\/wp\/v2\/media\/146820"}],"wp:attachment":[{"href":"https:\/\/zakrasnejsivimperk.cz\/index.php?rest_route=%2Fwp%2Fv2%2Fmedia&parent=146815"}],"wp:term":[{"taxonomy":"category","embeddable":true,"href":"https:\/\/zakrasnejsivimperk.cz\/index.php?rest_route=%2Fwp%2Fv2%2Fcategories&post=146815"},{"taxonomy":"post_tag","embeddable":true,"href":"https:\/\/zakrasnejsivimperk.cz\/index.php?rest_route=%2Fwp%2Fv2%2Ftags&post=146815"}],"curies":[{"name":"wp","href":"https:\/\/api.w.org\/{rel}","templated":true}]}}