{"id":146783,"date":"2018-12-03T15:43:52","date_gmt":"2018-12-03T14:43:52","guid":{"rendered":"http:\/\/zakrasnejsivimperk.cz\/?p=146783"},"modified":"2018-12-04T15:24:37","modified_gmt":"2018-12-04T14:24:37","slug":"nejen-pro-pametniky-ucastnici-detske-literarni-souteze-mestske-knihovny-vimperk-se-v-prosinci-1996-sesli-v-knihovne-k-vyhodnoceni-souteze-a-posezeni-u-rozsviceneho-vanocniho-stromecku","status":"publish","type":"post","link":"https:\/\/zakrasnejsivimperk.cz\/?p=146783","title":{"rendered":"NEJEN PRO PAM\u011aTN\u00cdKY: \u00da\u010dastn\u00edci d\u011btsk\u00e9 liter\u00e1rn\u00ed sout\u011b\u017ee M\u011bstsk\u00e9 knihovny Vimperk se v prosinci 1996 se\u0161li v knihovn\u011b k vyhodnocen\u00ed sout\u011b\u017ee a posezen\u00ed u rozsv\u00edcen\u00e9ho v\u00e1no\u010dn\u00edho strome\u010dku"},"content":{"rendered":"<p><strong>Foto: Zden\u011bk JUNGVIRT<\/strong><\/p>\n<p><strong>Digitalizace: Petr BEDNAR\u010c\u00cdK &#8211; Revita group<\/strong><\/p>\n<p><img loading=\"lazy\" decoding=\"async\" class=\"aligncenter wp-image-146788 size-full\" src=\"http:\/\/zakrasnejsivimperk.cz\/wp-content\/uploads\/2018\/11\/27\/knihovna-1296-d\u011btsk\u00e1-sout\u011b\u017e-5.jpg\" alt=\"\" width=\"1012\" height=\"671\" srcset=\"https:\/\/zakrasnejsivimperk.cz\/wp-content\/uploads\/2018\/11\/27\/knihovna-1296-d\u011btsk\u00e1-sout\u011b\u017e-5.jpg 1012w, https:\/\/zakrasnejsivimperk.cz\/wp-content\/uploads\/2018\/11\/27\/knihovna-1296-d\u011btsk\u00e1-sout\u011b\u017e-5-300x199.jpg 300w, https:\/\/zakrasnejsivimperk.cz\/wp-content\/uploads\/2018\/11\/27\/knihovna-1296-d\u011btsk\u00e1-sout\u011b\u017e-5-768x509.jpg 768w, https:\/\/zakrasnejsivimperk.cz\/wp-content\/uploads\/2018\/11\/27\/knihovna-1296-d\u011btsk\u00e1-sout\u011b\u017e-5-100x65.jpg 100w, https:\/\/zakrasnejsivimperk.cz\/wp-content\/uploads\/2018\/11\/27\/knihovna-1296-d\u011btsk\u00e1-sout\u011b\u017e-5-538x357.jpg 538w, https:\/\/zakrasnejsivimperk.cz\/wp-content\/uploads\/2018\/11\/27\/knihovna-1296-d\u011btsk\u00e1-sout\u011b\u017e-5-728x483.jpg 728w\" sizes=\"(max-width: 1012px) 100vw, 1012px\" \/><\/p>\n<p>&nbsp;<\/p>\n<p><img loading=\"lazy\" decoding=\"async\" class=\"aligncenter wp-image-146785\" src=\"http:\/\/zakrasnejsivimperk.cz\/wp-content\/uploads\/2018\/11\/27\/knihovna-1296-d\u011btsk\u00e1-sout\u011b\u017e-2-300x203.jpg\" alt=\"\" width=\"1002\" height=\"679\" srcset=\"https:\/\/zakrasnejsivimperk.cz\/wp-content\/uploads\/2018\/11\/27\/knihovna-1296-d\u011btsk\u00e1-sout\u011b\u017e-2-300x203.jpg 300w, https:\/\/zakrasnejsivimperk.cz\/wp-content\/uploads\/2018\/11\/27\/knihovna-1296-d\u011btsk\u00e1-sout\u011b\u017e-2-768x520.jpg 768w, https:\/\/zakrasnejsivimperk.cz\/wp-content\/uploads\/2018\/11\/27\/knihovna-1296-d\u011btsk\u00e1-sout\u011b\u017e-2-527x357.jpg 527w, https:\/\/zakrasnejsivimperk.cz\/wp-content\/uploads\/2018\/11\/27\/knihovna-1296-d\u011btsk\u00e1-sout\u011b\u017e-2-713x483.jpg 713w, https:\/\/zakrasnejsivimperk.cz\/wp-content\/uploads\/2018\/11\/27\/knihovna-1296-d\u011btsk\u00e1-sout\u011b\u017e-2.jpg 983w\" sizes=\"(max-width: 1002px) 100vw, 1002px\" \/><\/p>\n<p>&nbsp;<\/p>\n<p><img loading=\"lazy\" decoding=\"async\" class=\"aligncenter wp-image-146786 size-full\" src=\"http:\/\/zakrasnejsivimperk.cz\/wp-content\/uploads\/2018\/11\/27\/knihovna-1296-d\u011btsk\u00e1-sout\u011b\u017e-3.jpg\" alt=\"\" width=\"1017\" height=\"661\" srcset=\"https:\/\/zakrasnejsivimperk.cz\/wp-content\/uploads\/2018\/11\/27\/knihovna-1296-d\u011btsk\u00e1-sout\u011b\u017e-3.jpg 1017w, https:\/\/zakrasnejsivimperk.cz\/wp-content\/uploads\/2018\/11\/27\/knihovna-1296-d\u011btsk\u00e1-sout\u011b\u017e-3-300x195.jpg 300w, https:\/\/zakrasnejsivimperk.cz\/wp-content\/uploads\/2018\/11\/27\/knihovna-1296-d\u011btsk\u00e1-sout\u011b\u017e-3-768x499.jpg 768w, https:\/\/zakrasnejsivimperk.cz\/wp-content\/uploads\/2018\/11\/27\/knihovna-1296-d\u011btsk\u00e1-sout\u011b\u017e-3-100x65.jpg 100w, https:\/\/zakrasnejsivimperk.cz\/wp-content\/uploads\/2018\/11\/27\/knihovna-1296-d\u011btsk\u00e1-sout\u011b\u017e-3-549x357.jpg 549w, https:\/\/zakrasnejsivimperk.cz\/wp-content\/uploads\/2018\/11\/27\/knihovna-1296-d\u011btsk\u00e1-sout\u011b\u017e-3-743x483.jpg 743w, https:\/\/zakrasnejsivimperk.cz\/wp-content\/uploads\/2018\/11\/27\/knihovna-1296-d\u011btsk\u00e1-sout\u011b\u017e-3-745x483.jpg 745w\" sizes=\"(max-width: 1017px) 100vw, 1017px\" \/><\/p>\n<p>&nbsp;<\/p>\n<p><img loading=\"lazy\" decoding=\"async\" class=\"aligncenter wp-image-146787 size-full\" src=\"http:\/\/zakrasnejsivimperk.cz\/wp-content\/uploads\/2018\/11\/27\/knihovna-1296-d\u011btsk\u00e1-sout\u011b\u017e-4.jpg\" alt=\"\" width=\"1009\" height=\"661\" srcset=\"https:\/\/zakrasnejsivimperk.cz\/wp-content\/uploads\/2018\/11\/27\/knihovna-1296-d\u011btsk\u00e1-sout\u011b\u017e-4.jpg 1009w, https:\/\/zakrasnejsivimperk.cz\/wp-content\/uploads\/2018\/11\/27\/knihovna-1296-d\u011btsk\u00e1-sout\u011b\u017e-4-300x197.jpg 300w, https:\/\/zakrasnejsivimperk.cz\/wp-content\/uploads\/2018\/11\/27\/knihovna-1296-d\u011btsk\u00e1-sout\u011b\u017e-4-768x503.jpg 768w, https:\/\/zakrasnejsivimperk.cz\/wp-content\/uploads\/2018\/11\/27\/knihovna-1296-d\u011btsk\u00e1-sout\u011b\u017e-4-100x65.jpg 100w, https:\/\/zakrasnejsivimperk.cz\/wp-content\/uploads\/2018\/11\/27\/knihovna-1296-d\u011btsk\u00e1-sout\u011b\u017e-4-545x357.jpg 545w, https:\/\/zakrasnejsivimperk.cz\/wp-content\/uploads\/2018\/11\/27\/knihovna-1296-d\u011btsk\u00e1-sout\u011b\u017e-4-737x483.jpg 737w\" sizes=\"(max-width: 1009px) 100vw, 1009px\" \/><\/p>\n<p>&nbsp;<\/p>\n<p><img loading=\"lazy\" decoding=\"async\" class=\"aligncenter wp-image-146784\" src=\"http:\/\/zakrasnejsivimperk.cz\/wp-content\/uploads\/2018\/11\/27\/knihovna-1296-d\u011btsk\u00e1-sout\u011b\u017e-1-300x202.jpg\" alt=\"\" width=\"1002\" height=\"674\" srcset=\"https:\/\/zakrasnejsivimperk.cz\/wp-content\/uploads\/2018\/11\/27\/knihovna-1296-d\u011btsk\u00e1-sout\u011b\u017e-1-300x202.jpg 300w, https:\/\/zakrasnejsivimperk.cz\/wp-content\/uploads\/2018\/11\/27\/knihovna-1296-d\u011btsk\u00e1-sout\u011b\u017e-1-768x516.jpg 768w, https:\/\/zakrasnejsivimperk.cz\/wp-content\/uploads\/2018\/11\/27\/knihovna-1296-d\u011btsk\u00e1-sout\u011b\u017e-1-531x357.jpg 531w, https:\/\/zakrasnejsivimperk.cz\/wp-content\/uploads\/2018\/11\/27\/knihovna-1296-d\u011btsk\u00e1-sout\u011b\u017e-1-718x483.jpg 718w, https:\/\/zakrasnejsivimperk.cz\/wp-content\/uploads\/2018\/11\/27\/knihovna-1296-d\u011btsk\u00e1-sout\u011b\u017e-1.jpg 998w\" sizes=\"(max-width: 1002px) 100vw, 1002px\" \/><\/p>\n<p>&nbsp;<\/p>\n<p>&nbsp;<\/p>\n<p>&nbsp;<\/p>\n<p>&nbsp;<\/p>\n","protected":false},"excerpt":{"rendered":"<p>Foto: Zden\u011bk <\/p>\n","protected":false},"author":2,"featured_media":147273,"comment_status":"open","ping_status":"open","sticky":false,"template":"","format":"gallery","meta":{"footnotes":""},"categories":[74],"tags":[],"jetpack_featured_media_url":"https:\/\/zakrasnejsivimperk.cz\/wp-content\/uploads\/2018\/12\/03\/r\u00e1me\u010dek-vyhodnocen\u00ed-sout\u011b\u017ee.jpg","_links":{"self":[{"href":"https:\/\/zakrasnejsivimperk.cz\/index.php?rest_route=\/wp\/v2\/posts\/146783"}],"collection":[{"href":"https:\/\/zakrasnejsivimperk.cz\/index.php?rest_route=\/wp\/v2\/posts"}],"about":[{"href":"https:\/\/zakrasnejsivimperk.cz\/index.php?rest_route=\/wp\/v2\/types\/post"}],"author":[{"embeddable":true,"href":"https:\/\/zakrasnejsivimperk.cz\/index.php?rest_route=\/wp\/v2\/users\/2"}],"replies":[{"embeddable":true,"href":"https:\/\/zakrasnejsivimperk.cz\/index.php?rest_route=%2Fwp%2Fv2%2Fcomments&post=146783"}],"version-history":[{"count":2,"href":"https:\/\/zakrasnejsivimperk.cz\/index.php?rest_route=\/wp\/v2\/posts\/146783\/revisions"}],"predecessor-version":[{"id":147274,"href":"https:\/\/zakrasnejsivimperk.cz\/index.php?rest_route=\/wp\/v2\/posts\/146783\/revisions\/147274"}],"wp:featuredmedia":[{"embeddable":true,"href":"https:\/\/zakrasnejsivimperk.cz\/index.php?rest_route=\/wp\/v2\/media\/147273"}],"wp:attachment":[{"href":"https:\/\/zakrasnejsivimperk.cz\/index.php?rest_route=%2Fwp%2Fv2%2Fmedia&parent=146783"}],"wp:term":[{"taxonomy":"category","embeddable":true,"href":"https:\/\/zakrasnejsivimperk.cz\/index.php?rest_route=%2Fwp%2Fv2%2Fcategories&post=146783"},{"taxonomy":"post_tag","embeddable":true,"href":"https:\/\/zakrasnejsivimperk.cz\/index.php?rest_route=%2Fwp%2Fv2%2Ftags&post=146783"}],"curies":[{"name":"wp","href":"https:\/\/api.w.org\/{rel}","templated":true}]}}