{"id":146716,"date":"2018-11-27T21:27:44","date_gmt":"2018-11-27T20:27:44","guid":{"rendered":"http:\/\/zakrasnejsivimperk.cz\/?p=146716"},"modified":"2018-11-28T15:24:32","modified_gmt":"2018-11-28T14:24:32","slug":"jizni-cechy-reflexni-cervena-obalka-pomuze-hlavne-osamocenym-jihoceskym-seniorum-v-tisni-pri-ohrozeni-zivota-ci-zdravi","status":"publish","type":"post","link":"https:\/\/zakrasnejsivimperk.cz\/?p=146716","title":{"rendered":"JI\u017dN\u00cd \u010cECHY: Reflexn\u00ed \u010derven\u00e1 ob\u00e1lka pom\u016f\u017ee hlavn\u011b osamocen\u00fdm jiho\u010desk\u00fdm senior\u016fm v t\u00edsni, p\u0159i ohro\u017een\u00ed \u017eivota \u010di zdrav\u00ed"},"content":{"rendered":"<p><img loading=\"lazy\" decoding=\"async\" class=\"aligncenter wp-image-146726 size-full\" src=\"http:\/\/zakrasnejsivimperk.cz\/wp-content\/uploads\/2018\/11\/27\/kraj-\u010derven\u00e1-ob\u00e1lka-1.jpg\" alt=\"\" width=\"1910\" height=\"1831\" srcset=\"https:\/\/zakrasnejsivimperk.cz\/wp-content\/uploads\/2018\/11\/27\/kraj-\u010derven\u00e1-ob\u00e1lka-1.jpg 1910w, https:\/\/zakrasnejsivimperk.cz\/wp-content\/uploads\/2018\/11\/27\/kraj-\u010derven\u00e1-ob\u00e1lka-1-300x288.jpg 300w, https:\/\/zakrasnejsivimperk.cz\/wp-content\/uploads\/2018\/11\/27\/kraj-\u010derven\u00e1-ob\u00e1lka-1-768x736.jpg 768w, https:\/\/zakrasnejsivimperk.cz\/wp-content\/uploads\/2018\/11\/27\/kraj-\u010derven\u00e1-ob\u00e1lka-1-1024x982.jpg 1024w, https:\/\/zakrasnejsivimperk.cz\/wp-content\/uploads\/2018\/11\/27\/kraj-\u010derven\u00e1-ob\u00e1lka-1-372x357.jpg 372w, https:\/\/zakrasnejsivimperk.cz\/wp-content\/uploads\/2018\/11\/27\/kraj-\u010derven\u00e1-ob\u00e1lka-1-504x483.jpg 504w\" sizes=\"(max-width: 1910px) 100vw, 1910px\" \/><\/p>\n<p>&nbsp;<\/p>\n<h6>Navozen\u00ed pocitu jistoty a bezpe\u010d\u00ed pro na\u0161e nejstar\u0161\u00ed spoluob\u010dany. To je hlavn\u00edm smyslem projektu Seniorsk\u00e1 ob\u00e1lka, kter\u00fd v pond\u011bl\u00ed 26. listopadu odstartoval v Jiho\u010desk\u00e9m kraji. Tiskopis m\u00e1 zejm\u00e9na star\u00fdm osam\u011bl\u00fdm lidem pomoci v t\u00edsni, p\u0159i ohro\u017een\u00ed \u017eivota \u010di zdrav\u00ed.<\/h6>\n<p><img loading=\"lazy\" decoding=\"async\" class=\"size-medium wp-image-92309 alignright\" src=\"http:\/\/zakrasnejsivimperk.cz\/wp-content\/uploads\/2017\/02\/09\/jiho\u010desk\u00fd-kraj3-300x161.jpg\" alt=\"\" width=\"300\" height=\"161\" srcset=\"https:\/\/zakrasnejsivimperk.cz\/wp-content\/uploads\/2017\/02\/09\/jiho\u010desk\u00fd-kraj3-300x161.jpg 300w, https:\/\/zakrasnejsivimperk.cz\/wp-content\/uploads\/2017\/02\/09\/jiho\u010desk\u00fd-kraj3-768x412.jpg 768w, https:\/\/zakrasnejsivimperk.cz\/wp-content\/uploads\/2017\/02\/09\/jiho\u010desk\u00fd-kraj3-665x357.jpg 665w, https:\/\/zakrasnejsivimperk.cz\/wp-content\/uploads\/2017\/02\/09\/jiho\u010desk\u00fd-kraj3-899x483.jpg 899w, https:\/\/zakrasnejsivimperk.cz\/wp-content\/uploads\/2017\/02\/09\/jiho\u010desk\u00fd-kraj3.jpg 1000w\" sizes=\"(max-width: 300px) 100vw, 300px\" \/>V\u00edtanou pom\u016fckou bude ob\u00e1lka i pro slo\u017eky integrovan\u00e9ho z\u00e1chrann\u00e9ho syst\u00e9mu \u2013 tedy zdravotnickou z\u00e1chrannou slu\u017ebu, hasi\u010de a policii. D\u00edky vypln\u011bn\u00fdm \u00fadaj\u016fm p\u0159i p\u0159\u00edpadn\u00e9m z\u00e1sahu u seniora doma toti\u017e snadno zjist\u00ed, jak\u00e9 doty\u010dn\u00fd \u010dlov\u011bk bere l\u00e9ky, jak\u00fdmi nemocemi trp\u00ed a uveden tam bude i kontakt na jeho p\u0159\u00edbuzn\u00e9. Potvrdila to Alena B\u00e1rt\u00edkov\u00e1 z ministerstva pr\u00e1ce a soci\u00e1ln\u00edch v\u011bc\u00ed, kter\u00e1 je krajskou koordin\u00e1torkou projektu Seniorsk\u00e1 ob\u00e1lka pro ji\u017en\u00ed \u010cechy.<\/p>\n<p>Do tiskopisu senio\u0159i, t\u0159eba i za pomoci p\u0159\u00edbuzn\u00fdch nebo sv\u00e9ho l\u00e9ka\u0159e, vypln\u00ed z\u00e1kladn\u00ed \u00fadaje o sv\u00fdch alergi\u00edch, nemocech, l\u00e9c\u00edch &#8211; v\u010detn\u011b d\u00e1vkov\u00e1n\u00ed, a kontakty na sv\u00e9 bl\u00edzk\u00e9 osoby a praktick\u00e9ho l\u00e9ka\u0159e. <em>\u201e\u00dadaje v reflexn\u00ed \u010derven\u00e9 plastov\u00e9 ob\u00e1lce by pak m\u011bli um\u00edstit na viditeln\u00e9m m\u00edst\u011b v byt\u011b, nap\u0159\u00edklad na dve\u0159\u00edch lednice, \u010di vnit\u0159n\u00ed stran\u011b vchodov\u00fdch dve\u0159\u00ed. Ob\u00e1lka tak poslou\u017e\u00ed ve chv\u00edli, kdy senior bude pot\u0159ebovat rychlou pomoc,\u201c<\/em> apeluje B\u00e1rt\u00edkov\u00e1.<\/p>\n<p>Hejtmance Ivan\u011b Str\u00e1sk\u00e9, kter\u00e1 p\u0159evzala nad t\u00edmto projektem z\u00e1\u0161titu, se n\u00e1pad velmi l\u00edb\u00ed.<em> \u201ePln\u011b koresponduje s jin\u00fdmi projekty kraje, kter\u00fdmi se pravideln\u011b sna\u017e\u00edme na\u0161e seniory podporovat. Velkou nadhodnotu tady vid\u00edm pr\u00e1v\u011b v sou\u010dinnosti se slo\u017ekami integrovan\u00e9ho z\u00e1chrann\u00e9ho syst\u00e9mu, kter\u00fdm by jim m\u011bl zna\u010dn\u011b usnadnit pr\u00e1ci,\u201c<\/em> up\u0159esnila hejtmanka.<\/p>\n<p>Na tom se ostatn\u011b shoduj\u00ed i \u0159editel\u00e9 krajsk\u00e9 z\u00e1chrann\u00e9 slu\u017eby, hasi\u010d\u016f i policie &#8211; Marek Slab\u00fd, Lubom\u00edr Bure\u0161 a Lud\u011bk Proch\u00e1zka.<em> \u201eMy samoz\u0159ejm\u011b tuto pomoc kvitujeme a mysl\u00edm, \u017ee ji budou kvitovat i senio\u0159i, kte\u0159\u00ed ob\u00e1lku obdr\u017e\u00ed. Ne v\u017edycky si \u010dlov\u011bk vzpomene na to, s \u010d\u00edm se l\u00e9\u010d\u00ed, jak\u00e9 l\u00e9ky bere a jak \u010dasto \u010di kde m\u00e1 pr\u016fkaz zdravotn\u00ed poji\u0161\u0165ovny nebo ob\u010dansk\u00fd pr\u016fkaz. U\u0161et\u0159\u00ed n\u00e1m to spoustu \u010dasu a umo\u017en\u00ed soust\u0159edit se na p\u00e9\u010di o pacienta,\u201c<\/em> uvedl Slab\u00fd. \u201e<em>Projekt m\u00e1 na\u0161i plnou podporu a to i z toho d\u016fvodu, \u017ee senio\u0159i jsou jednou z c\u00edlov\u00fdch skupin na\u0161\u00ed preventivn\u011b v\u00fdchovn\u00e9 \u010dinnosti. Jednozna\u010dn\u011b pak pom\u016f\u017ee zefektivnit p\u0159\u00edpadn\u00fd z\u00e1sah v\u0161ech slo\u017eek integrovan\u00e9ho z\u00e1chrann\u00e9ho syst\u00e9mu, tedy i n\u00e1s hasi\u010d\u016f, v dom\u00e1cnostech, kde senio\u0159i \u017eij\u00ed,\u201c<\/em> nazna\u010dil Bure\u0161. <em>\u201ePova\u017eujeme to za velik\u00fd krok vp\u0159ed, nebo\u0165 se \u010dasto stane, \u017ee zasahujeme na m\u00edst\u011b prvn\u00ed a mus\u00edme t\u0159eba sh\u00e1n\u011bt ob\u010dansk\u00fd pr\u016fkaz \u010di jin\u00e9 doklady posti\u017een\u00e9 osoby. Nyn\u00ed budeme v\u011bd\u011bt, \u017ee tyto d\u016fle\u017eit\u00e9 \u00fadaje najdeme v inkriminovan\u00e9 ob\u00e1lce pr\u00e1v\u011b nap\u0159\u00edklad na t\u00e9 ledni\u010dce, \u010di zevnit\u0159 vchodov\u00fdch dve\u0159\u00edch,\u201c<\/em> dodal Proch\u00e1zka.<\/p>\n<p>Senio\u0159i se mohli poprv\u00e9 s t\u011bmito ob\u00e1lkami fyzicky sezn\u00e1mit a z\u00edskat je v r\u00e1mci Kulat\u00e9ho stolu Prevence v seniorsk\u00e9m v\u011bku v \u010cesk\u00fdch Bud\u011bjovic\u00edch v pond\u011bl\u00ed 26. listopadu. Jejich dal\u0161\u00ed distribuce se pak uskute\u010dn\u00ed je\u0161t\u011b v leto\u0161n\u00edm roce v organizac\u00edch, jako je t\u0159eba Krajsk\u00e1 rada senior\u016f J\u010dK, kluby pro seniory atd. V p\u0159\u00ed\u0161t\u00edm roce by se m\u011bly obdobn\u00e9 kulat\u00e9 stoly konat v okresn\u00edch jiho\u010desk\u00fdch m\u011bstech a s dal\u0161\u00edmi distribu\u010dn\u00edmi m\u00edsty se po\u010d\u00edt\u00e1 nap\u0159\u00edklad na m\u011bstsk\u00fdch \u00fa\u0159adech, v nemocnic\u00edch nebo v r\u00e1mci preventivn\u00edch program\u016f Policie \u010cR. Z\u00e1jemci si mohou tak\u00e9 st\u00e1hnout Seniorskou ob\u00e1lku z port\u00e1lu Jiho\u010desk\u00e9ho kraje \u010di Ministerstva pr\u00e1ce a soci\u00e1ln\u00edch v\u011bc\u00ed \u010cR. Auto\u0159i projektu jsou si v\u011bdomi, \u017ee pro n\u011bkter\u00e9 seniory m\u016f\u017ee tento postup b\u00fdt pon\u011bkud obt\u00ed\u017en\u00fd. P\u0159edpokl\u00e1daj\u00ed proto, \u017ee jim v takov\u00e9m p\u0159\u00edpad\u011b pom\u016f\u017ee nap\u0159\u00edklad rodina.<\/p>\n<p><em>\u201eSeniorsk\u00e1 ob\u00e1lka vznikla pod z\u00e1\u0161titou \u010dlena Rady Jihomoravsk\u00e9ho kraje Milana Vojty pov\u011b\u0159en\u00e9ho zabezpe\u010dov\u00e1n\u00edm samospr\u00e1vn\u00fdch \u00fakol\u016f v oblasti zdravotnictv\u00ed, jako v\u00fdstup kulat\u00e9ho stolu St\u00e1rneme ve zdrav\u00ed projektu Politika st\u00e1rnut\u00ed na kraj\u00edch Ministerstva pr\u00e1ce a soci\u00e1ln\u00edch v\u011bc\u00ed \u010cR,\u201c<\/em> p\u0159ipomn\u011bla B\u00e1rt\u00edkov\u00e1.<\/p>\n<p>V Jiho\u010desk\u00e9m kraji p\u0159evzala z\u00e1\u0161titu nad Seniorskou ob\u00e1lkou hejtmanka Jiho\u010desk\u00e9ho kraje Ivana Str\u00e1sk\u00e1. Na projektu spolupracovali odborn\u00edci z t\u011bchto organizac\u00ed: Ministerstvo pr\u00e1ce a soci\u00e1ln\u00edch v\u011bc\u00ed \u010cR, projekt Implementace politiky st\u00e1rnut\u00ed na krajskou \u00farove\u0148 Odboru rodinn\u00e9 politiky a politiky st\u00e1rnut\u00ed, Krajsk\u00fd \u00fa\u0159ad Jiho\u010desk\u00e9ho kraje, Zdravotnick\u00e1 z\u00e1chrann\u00e1 slu\u017eba Jiho\u010desk\u00e9ho kraje, Krajsk\u00e9 \u0159editelstv\u00ed policie Jiho\u010desk\u00e9ho kraje a Hasi\u010dsk\u00fd z\u00e1chrann\u00fd sbor Jiho\u010desk\u00e9ho kraje.<\/p>\n<p><strong>Text a foto: (tzj\u010d)<\/strong><\/p>\n<div id='gallery-1' class='gallery galleryid-146716 gallery-columns-3 gallery-size-medium'><figure class='gallery-item'>\n\t\t\t<div class='gallery-icon landscape'>\n\t\t\t\t<a href='https:\/\/zakrasnejsivimperk.cz\/?attachment_id=146728'><img loading=\"lazy\" decoding=\"async\" width=\"300\" height=\"99\" src=\"https:\/\/zakrasnejsivimperk.cz\/wp-content\/uploads\/2018\/11\/27\/kraj-\u010derven\u00e1-ob\u00e1lka-3-300x99.jpg\" class=\"attachment-medium size-medium\" alt=\"\" srcset=\"https:\/\/zakrasnejsivimperk.cz\/wp-content\/uploads\/2018\/11\/27\/kraj-\u010derven\u00e1-ob\u00e1lka-3-300x99.jpg 300w, https:\/\/zakrasnejsivimperk.cz\/wp-content\/uploads\/2018\/11\/27\/kraj-\u010derven\u00e1-ob\u00e1lka-3-768x254.jpg 768w, https:\/\/zakrasnejsivimperk.cz\/wp-content\/uploads\/2018\/11\/27\/kraj-\u010derven\u00e1-ob\u00e1lka-3-1024x339.jpg 1024w, https:\/\/zakrasnejsivimperk.cz\/wp-content\/uploads\/2018\/11\/27\/kraj-\u010derven\u00e1-ob\u00e1lka-3-1080x357.jpg 1080w, https:\/\/zakrasnejsivimperk.cz\/wp-content\/uploads\/2018\/11\/27\/kraj-\u010derven\u00e1-ob\u00e1lka-3-1461x483.jpg 1461w\" sizes=\"(max-width: 300px) 100vw, 300px\" \/><\/a>\n\t\t\t<\/div><\/figure><figure class='gallery-item'>\n\t\t\t<div class='gallery-icon landscape'>\n\t\t\t\t<a href='https:\/\/zakrasnejsivimperk.cz\/?attachment_id=146729'><img loading=\"lazy\" decoding=\"async\" width=\"300\" height=\"231\" src=\"https:\/\/zakrasnejsivimperk.cz\/wp-content\/uploads\/2018\/11\/27\/kraj-\u010derven\u00e1-ob\u00e1lka-4-300x231.jpg\" class=\"attachment-medium size-medium\" alt=\"\" srcset=\"https:\/\/zakrasnejsivimperk.cz\/wp-content\/uploads\/2018\/11\/27\/kraj-\u010derven\u00e1-ob\u00e1lka-4-300x231.jpg 300w, https:\/\/zakrasnejsivimperk.cz\/wp-content\/uploads\/2018\/11\/27\/kraj-\u010derven\u00e1-ob\u00e1lka-4-768x592.jpg 768w, https:\/\/zakrasnejsivimperk.cz\/wp-content\/uploads\/2018\/11\/27\/kraj-\u010derven\u00e1-ob\u00e1lka-4-1024x790.jpg 1024w, https:\/\/zakrasnejsivimperk.cz\/wp-content\/uploads\/2018\/11\/27\/kraj-\u010derven\u00e1-ob\u00e1lka-4-463x357.jpg 463w, https:\/\/zakrasnejsivimperk.cz\/wp-content\/uploads\/2018\/11\/27\/kraj-\u010derven\u00e1-ob\u00e1lka-4-626x483.jpg 626w\" sizes=\"(max-width: 300px) 100vw, 300px\" \/><\/a>\n\t\t\t<\/div><\/figure><figure class='gallery-item'>\n\t\t\t<div class='gallery-icon landscape'>\n\t\t\t\t<a href='https:\/\/zakrasnejsivimperk.cz\/?attachment_id=146727'><img loading=\"lazy\" decoding=\"async\" width=\"300\" height=\"179\" src=\"https:\/\/zakrasnejsivimperk.cz\/wp-content\/uploads\/2018\/11\/27\/kraj-\u010derven\u00e1-ob\u00e1lka-2-300x179.jpg\" class=\"attachment-medium size-medium\" alt=\"\" srcset=\"https:\/\/zakrasnejsivimperk.cz\/wp-content\/uploads\/2018\/11\/27\/kraj-\u010derven\u00e1-ob\u00e1lka-2-300x179.jpg 300w, https:\/\/zakrasnejsivimperk.cz\/wp-content\/uploads\/2018\/11\/27\/kraj-\u010derven\u00e1-ob\u00e1lka-2-768x458.jpg 768w, https:\/\/zakrasnejsivimperk.cz\/wp-content\/uploads\/2018\/11\/27\/kraj-\u010derven\u00e1-ob\u00e1lka-2-1024x611.jpg 1024w, https:\/\/zakrasnejsivimperk.cz\/wp-content\/uploads\/2018\/11\/27\/kraj-\u010derven\u00e1-ob\u00e1lka-2-598x357.jpg 598w, https:\/\/zakrasnejsivimperk.cz\/wp-content\/uploads\/2018\/11\/27\/kraj-\u010derven\u00e1-ob\u00e1lka-2-810x483.jpg 810w\" sizes=\"(max-width: 300px) 100vw, 300px\" \/><\/a>\n\t\t\t<\/div><\/figure>\n\t\t<\/div>\n\n<p>&nbsp;<\/p>\n<p>&nbsp;<\/p>\n<p>&nbsp;<\/p>\n","protected":false},"excerpt":{"rendered":"<p>&nbsp; Navozen\u00ed <\/p>\n","protected":false},"author":2,"featured_media":146730,"comment_status":"open","ping_status":"open","sticky":false,"template":"","format":"gallery","meta":{"footnotes":""},"categories":[72],"tags":[],"jetpack_featured_media_url":"https:\/\/zakrasnejsivimperk.cz\/wp-content\/uploads\/2018\/11\/27\/r\u00e1me\u010dek-reflexn\u00ed-ob\u00e1lka.jpg","_links":{"self":[{"href":"https:\/\/zakrasnejsivimperk.cz\/index.php?rest_route=\/wp\/v2\/posts\/146716"}],"collection":[{"href":"https:\/\/zakrasnejsivimperk.cz\/index.php?rest_route=\/wp\/v2\/posts"}],"about":[{"href":"https:\/\/zakrasnejsivimperk.cz\/index.php?rest_route=\/wp\/v2\/types\/post"}],"author":[{"embeddable":true,"href":"https:\/\/zakrasnejsivimperk.cz\/index.php?rest_route=\/wp\/v2\/users\/2"}],"replies":[{"embeddable":true,"href":"https:\/\/zakrasnejsivimperk.cz\/index.php?rest_route=%2Fwp%2Fv2%2Fcomments&post=146716"}],"version-history":[{"count":1,"href":"https:\/\/zakrasnejsivimperk.cz\/index.php?rest_route=\/wp\/v2\/posts\/146716\/revisions"}],"predecessor-version":[{"id":146731,"href":"https:\/\/zakrasnejsivimperk.cz\/index.php?rest_route=\/wp\/v2\/posts\/146716\/revisions\/146731"}],"wp:featuredmedia":[{"embeddable":true,"href":"https:\/\/zakrasnejsivimperk.cz\/index.php?rest_route=\/wp\/v2\/media\/146730"}],"wp:attachment":[{"href":"https:\/\/zakrasnejsivimperk.cz\/index.php?rest_route=%2Fwp%2Fv2%2Fmedia&parent=146716"}],"wp:term":[{"taxonomy":"category","embeddable":true,"href":"https:\/\/zakrasnejsivimperk.cz\/index.php?rest_route=%2Fwp%2Fv2%2Fcategories&post=146716"},{"taxonomy":"post_tag","embeddable":true,"href":"https:\/\/zakrasnejsivimperk.cz\/index.php?rest_route=%2Fwp%2Fv2%2Ftags&post=146716"}],"curies":[{"name":"wp","href":"https:\/\/api.w.org\/{rel}","templated":true}]}}