{"id":146508,"date":"2018-11-24T20:34:34","date_gmt":"2018-11-24T19:34:34","guid":{"rendered":"http:\/\/zakrasnejsivimperk.cz\/?p=146508"},"modified":"2018-11-24T20:38:15","modified_gmt":"2018-11-24T19:38:15","slug":"historicky-dokument","status":"publish","type":"post","link":"https:\/\/zakrasnejsivimperk.cz\/?p=146508","title":{"rendered":"HISTORICK\u00dd DOKUMENT: Pojistn\u00e1 smlouva pro \u017eelezni\u010dn\u00edho z\u0159\u00edzence"},"content":{"rendered":"<h6 style=\"text-align: center;\">I takto kr\u00e1sn\u011b vypadaly pojistky p\u0159ed v\u00edce ne\u017e 100 lety &#8211; zde &#8220;Poji\u0161\u0165ovac\u00ed spolek na \u017eivot pro \u017eelezni\u010dn\u00ed z\u0159\u00edzence&#8221;.<\/h6>\n<h6 style=\"text-align: center;\">FB &#8211;\u00a0<a href=\"https:\/\/www.facebook.com\/muzeumpojisteni\/\" target=\"_blank\" rel=\"noopener\">Muzeum poji\u0161t\u011bn\u00ed<\/a><\/h6>\n<p><img loading=\"lazy\" decoding=\"async\" class=\"aligncenter wp-image-146509 size-full\" src=\"http:\/\/zakrasnejsivimperk.cz\/wp-content\/uploads\/2018\/11\/24\/historick\u00e1-pojistka.jpg\" alt=\"\" width=\"1236\" height=\"1754\" srcset=\"https:\/\/zakrasnejsivimperk.cz\/wp-content\/uploads\/2018\/11\/24\/historick\u00e1-pojistka.jpg 1236w, https:\/\/zakrasnejsivimperk.cz\/wp-content\/uploads\/2018\/11\/24\/historick\u00e1-pojistka-211x300.jpg 211w, https:\/\/zakrasnejsivimperk.cz\/wp-content\/uploads\/2018\/11\/24\/historick\u00e1-pojistka-768x1090.jpg 768w, https:\/\/zakrasnejsivimperk.cz\/wp-content\/uploads\/2018\/11\/24\/historick\u00e1-pojistka-722x1024.jpg 722w, https:\/\/zakrasnejsivimperk.cz\/wp-content\/uploads\/2018\/11\/24\/historick\u00e1-pojistka-252x357.jpg 252w, https:\/\/zakrasnejsivimperk.cz\/wp-content\/uploads\/2018\/11\/24\/historick\u00e1-pojistka-340x483.jpg 340w\" sizes=\"(max-width: 1236px) 100vw, 1236px\" \/><\/p>\n<p>&nbsp;<\/p>\n<p>&nbsp;<\/p>\n<p>&nbsp;<\/p>\n","protected":false},"excerpt":{"rendered":"<p>I takto <\/p>\n","protected":false},"author":2,"featured_media":146510,"comment_status":"open","ping_status":"open","sticky":false,"template":"","format":"gallery","meta":{"footnotes":""},"categories":[74],"tags":[],"jetpack_featured_media_url":"https:\/\/zakrasnejsivimperk.cz\/wp-content\/uploads\/2018\/11\/24\/r\u00e1me\u010dek-historick\u00e1-pojistka.jpg","_links":{"self":[{"href":"https:\/\/zakrasnejsivimperk.cz\/index.php?rest_route=\/wp\/v2\/posts\/146508"}],"collection":[{"href":"https:\/\/zakrasnejsivimperk.cz\/index.php?rest_route=\/wp\/v2\/posts"}],"about":[{"href":"https:\/\/zakrasnejsivimperk.cz\/index.php?rest_route=\/wp\/v2\/types\/post"}],"author":[{"embeddable":true,"href":"https:\/\/zakrasnejsivimperk.cz\/index.php?rest_route=\/wp\/v2\/users\/2"}],"replies":[{"embeddable":true,"href":"https:\/\/zakrasnejsivimperk.cz\/index.php?rest_route=%2Fwp%2Fv2%2Fcomments&post=146508"}],"version-history":[{"count":4,"href":"https:\/\/zakrasnejsivimperk.cz\/index.php?rest_route=\/wp\/v2\/posts\/146508\/revisions"}],"predecessor-version":[{"id":146514,"href":"https:\/\/zakrasnejsivimperk.cz\/index.php?rest_route=\/wp\/v2\/posts\/146508\/revisions\/146514"}],"wp:featuredmedia":[{"embeddable":true,"href":"https:\/\/zakrasnejsivimperk.cz\/index.php?rest_route=\/wp\/v2\/media\/146510"}],"wp:attachment":[{"href":"https:\/\/zakrasnejsivimperk.cz\/index.php?rest_route=%2Fwp%2Fv2%2Fmedia&parent=146508"}],"wp:term":[{"taxonomy":"category","embeddable":true,"href":"https:\/\/zakrasnejsivimperk.cz\/index.php?rest_route=%2Fwp%2Fv2%2Fcategories&post=146508"},{"taxonomy":"post_tag","embeddable":true,"href":"https:\/\/zakrasnejsivimperk.cz\/index.php?rest_route=%2Fwp%2Fv2%2Ftags&post=146508"}],"curies":[{"name":"wp","href":"https:\/\/api.w.org\/{rel}","templated":true}]}}