{"id":146082,"date":"2018-11-20T19:14:03","date_gmt":"2018-11-20T18:14:03","guid":{"rendered":"http:\/\/zakrasnejsivimperk.cz\/?p=146082"},"modified":"2018-11-20T19:14:03","modified_gmt":"2018-11-20T18:14:03","slug":"historicke-foto-zima-ve-vimperku-v-roce-1961-pohled-z-ulicky-zlata-stezka-2","status":"publish","type":"post","link":"https:\/\/zakrasnejsivimperk.cz\/?p=146082","title":{"rendered":"HISTORICK\u00c9 FOTO: Zima ve Vimperku v roce 1961 \u2013 pohled z uli\u010dky Zlat\u00e1 stezka"},"content":{"rendered":"<p><img loading=\"lazy\" decoding=\"async\" class=\"aligncenter wp-image-146083 size-full\" src=\"http:\/\/zakrasnejsivimperk.cz\/wp-content\/uploads\/2018\/11\/20\/vimperk-zima-1961.jpg\" alt=\"\" width=\"434\" height=\"660\" srcset=\"https:\/\/zakrasnejsivimperk.cz\/wp-content\/uploads\/2018\/11\/20\/vimperk-zima-1961.jpg 434w, https:\/\/zakrasnejsivimperk.cz\/wp-content\/uploads\/2018\/11\/20\/vimperk-zima-1961-197x300.jpg 197w, https:\/\/zakrasnejsivimperk.cz\/wp-content\/uploads\/2018\/11\/20\/vimperk-zima-1961-235x357.jpg 235w, https:\/\/zakrasnejsivimperk.cz\/wp-content\/uploads\/2018\/11\/20\/vimperk-zima-1961-318x483.jpg 318w\" sizes=\"(max-width: 434px) 100vw, 434px\" \/><\/p>\n<p style=\"text-align: center;\"><strong>Fotografii zap\u016fj\u010dila Marta MARKOV\u00c1<\/strong><\/p>\n<p>&nbsp;<\/p>\n<p>&nbsp;<\/p>\n<p>&nbsp;<\/p>\n<p>&nbsp;<\/p>\n","protected":false},"excerpt":{"rendered":"<p>Fotografii zap\u016fj\u010dila <\/p>\n","protected":false},"author":2,"featured_media":146084,"comment_status":"open","ping_status":"open","sticky":false,"template":"","format":"gallery","meta":{"footnotes":""},"categories":[74],"tags":[],"jetpack_featured_media_url":"https:\/\/zakrasnejsivimperk.cz\/wp-content\/uploads\/2018\/11\/20\/r\u00e1me\u010dek-pohled-ze-stezky.jpg","_links":{"self":[{"href":"https:\/\/zakrasnejsivimperk.cz\/index.php?rest_route=\/wp\/v2\/posts\/146082"}],"collection":[{"href":"https:\/\/zakrasnejsivimperk.cz\/index.php?rest_route=\/wp\/v2\/posts"}],"about":[{"href":"https:\/\/zakrasnejsivimperk.cz\/index.php?rest_route=\/wp\/v2\/types\/post"}],"author":[{"embeddable":true,"href":"https:\/\/zakrasnejsivimperk.cz\/index.php?rest_route=\/wp\/v2\/users\/2"}],"replies":[{"embeddable":true,"href":"https:\/\/zakrasnejsivimperk.cz\/index.php?rest_route=%2Fwp%2Fv2%2Fcomments&post=146082"}],"version-history":[{"count":1,"href":"https:\/\/zakrasnejsivimperk.cz\/index.php?rest_route=\/wp\/v2\/posts\/146082\/revisions"}],"predecessor-version":[{"id":146085,"href":"https:\/\/zakrasnejsivimperk.cz\/index.php?rest_route=\/wp\/v2\/posts\/146082\/revisions\/146085"}],"wp:featuredmedia":[{"embeddable":true,"href":"https:\/\/zakrasnejsivimperk.cz\/index.php?rest_route=\/wp\/v2\/media\/146084"}],"wp:attachment":[{"href":"https:\/\/zakrasnejsivimperk.cz\/index.php?rest_route=%2Fwp%2Fv2%2Fmedia&parent=146082"}],"wp:term":[{"taxonomy":"category","embeddable":true,"href":"https:\/\/zakrasnejsivimperk.cz\/index.php?rest_route=%2Fwp%2Fv2%2Fcategories&post=146082"},{"taxonomy":"post_tag","embeddable":true,"href":"https:\/\/zakrasnejsivimperk.cz\/index.php?rest_route=%2Fwp%2Fv2%2Ftags&post=146082"}],"curies":[{"name":"wp","href":"https:\/\/api.w.org\/{rel}","templated":true}]}}