{"id":146056,"date":"2018-11-20T13:33:56","date_gmt":"2018-11-20T12:33:56","guid":{"rendered":"http:\/\/zakrasnejsivimperk.cz\/?p=146056"},"modified":"2018-11-26T21:10:55","modified_gmt":"2018-11-26T20:10:55","slug":"jihoceska-televize-u-nas-v-kraji-16-listopadu-2018","status":"publish","type":"post","link":"https:\/\/zakrasnejsivimperk.cz\/?p=146056","title":{"rendered":"JIHO\u010cESK\u00c1 TELEVIZE: U n\u00e1s v kraji &#8211; 46. t\u00fddeb (video)"},"content":{"rendered":"<p><img loading=\"lazy\" decoding=\"async\" class=\"aligncenter wp-image-146693\" src=\"http:\/\/zakrasnejsivimperk.cz\/wp-content\/uploads\/2018\/11\/20\/u-n\u00e1s-v-kraji-4718-2-300x169.jpg\" alt=\"\" width=\"400\" height=\"225\" srcset=\"https:\/\/zakrasnejsivimperk.cz\/wp-content\/uploads\/2018\/11\/20\/u-n\u00e1s-v-kraji-4718-2-300x169.jpg 300w, https:\/\/zakrasnejsivimperk.cz\/wp-content\/uploads\/2018\/11\/20\/u-n\u00e1s-v-kraji-4718-2-768x431.jpg 768w, https:\/\/zakrasnejsivimperk.cz\/wp-content\/uploads\/2018\/11\/20\/u-n\u00e1s-v-kraji-4718-2-636x357.jpg 636w, https:\/\/zakrasnejsivimperk.cz\/wp-content\/uploads\/2018\/11\/20\/u-n\u00e1s-v-kraji-4718-2.jpg 835w\" sizes=\"(max-width: 400px) 100vw, 400px\" \/><\/p>\n<p>&nbsp;<\/p>\n<h6 style=\"text-align: center;\">Video spust\u00edte kliknut\u00edm na obr\u00e1zek:<\/h6>\n<p><a href=\"https:\/\/youtu.be\/9Q4gdn2xR9w\" target=\"_blank\" rel=\"noopener\"><img loading=\"lazy\" decoding=\"async\" class=\"aligncenter wp-image-146059 size-full\" src=\"http:\/\/zakrasnejsivimperk.cz\/wp-content\/uploads\/2018\/11\/20\/j\u010dtv-161118-1.jpg\" alt=\"\" width=\"716\" height=\"360\" srcset=\"https:\/\/zakrasnejsivimperk.cz\/wp-content\/uploads\/2018\/11\/20\/j\u010dtv-161118-1.jpg 716w, https:\/\/zakrasnejsivimperk.cz\/wp-content\/uploads\/2018\/11\/20\/j\u010dtv-161118-1-300x151.jpg 300w, https:\/\/zakrasnejsivimperk.cz\/wp-content\/uploads\/2018\/11\/20\/j\u010dtv-161118-1-710x357.jpg 710w\" sizes=\"(max-width: 716px) 100vw, 716px\" \/><\/a><\/p>\n<p>&nbsp;<\/p>\n<p>&nbsp;<\/p>\n<p>&nbsp;<\/p>\n<p>&nbsp;<\/p>\n","protected":false},"excerpt":{"rendered":"<p>&nbsp; Video <\/p>\n","protected":false},"author":2,"featured_media":146062,"comment_status":"open","ping_status":"open","sticky":false,"template":"","format":"gallery","meta":{"footnotes":""},"categories":[130,72],"tags":[],"jetpack_featured_media_url":"https:\/\/zakrasnejsivimperk.cz\/wp-content\/uploads\/2018\/11\/20\/r\u00e1me\u010dek-j\u010d-tv-4618.jpg","_links":{"self":[{"href":"https:\/\/zakrasnejsivimperk.cz\/index.php?rest_route=\/wp\/v2\/posts\/146056"}],"collection":[{"href":"https:\/\/zakrasnejsivimperk.cz\/index.php?rest_route=\/wp\/v2\/posts"}],"about":[{"href":"https:\/\/zakrasnejsivimperk.cz\/index.php?rest_route=\/wp\/v2\/types\/post"}],"author":[{"embeddable":true,"href":"https:\/\/zakrasnejsivimperk.cz\/index.php?rest_route=\/wp\/v2\/users\/2"}],"replies":[{"embeddable":true,"href":"https:\/\/zakrasnejsivimperk.cz\/index.php?rest_route=%2Fwp%2Fv2%2Fcomments&post=146056"}],"version-history":[{"count":4,"href":"https:\/\/zakrasnejsivimperk.cz\/index.php?rest_route=\/wp\/v2\/posts\/146056\/revisions"}],"predecessor-version":[{"id":146695,"href":"https:\/\/zakrasnejsivimperk.cz\/index.php?rest_route=\/wp\/v2\/posts\/146056\/revisions\/146695"}],"wp:featuredmedia":[{"embeddable":true,"href":"https:\/\/zakrasnejsivimperk.cz\/index.php?rest_route=\/wp\/v2\/media\/146062"}],"wp:attachment":[{"href":"https:\/\/zakrasnejsivimperk.cz\/index.php?rest_route=%2Fwp%2Fv2%2Fmedia&parent=146056"}],"wp:term":[{"taxonomy":"category","embeddable":true,"href":"https:\/\/zakrasnejsivimperk.cz\/index.php?rest_route=%2Fwp%2Fv2%2Fcategories&post=146056"},{"taxonomy":"post_tag","embeddable":true,"href":"https:\/\/zakrasnejsivimperk.cz\/index.php?rest_route=%2Fwp%2Fv2%2Ftags&post=146056"}],"curies":[{"name":"wp","href":"https:\/\/api.w.org\/{rel}","templated":true}]}}