{"id":146019,"date":"2018-11-22T13:04:26","date_gmt":"2018-11-22T12:04:26","guid":{"rendered":"http:\/\/zakrasnejsivimperk.cz\/?p=146019"},"modified":"2018-11-23T13:37:09","modified_gmt":"2018-11-23T12:37:09","slug":"ceske-budejovice-namestek-ministra-spravedlnosti-ocenil-praci-bezplatne-insolvencni-poradny-na-jihu-cech","status":"publish","type":"post","link":"https:\/\/zakrasnejsivimperk.cz\/?p=146019","title":{"rendered":"\u010cESK\u00c9 BUD\u011aJOVICE: N\u00e1m\u011bstek ministra spravedlnosti ocenil pr\u00e1ci Bezplatn\u00e9 insolven\u010dn\u00ed poradny na jihu \u010cech"},"content":{"rendered":"<figure id=\"attachment_146028\" aria-describedby=\"caption-attachment-146028\" style=\"width: 1900px\" class=\"wp-caption aligncenter\"><img loading=\"lazy\" decoding=\"async\" class=\"wp-image-146028 size-full\" src=\"http:\/\/zakrasnejsivimperk.cz\/wp-content\/uploads\/2018\/11\/20\/rjaj-n\u00e1m\u011bstek-ministra-2-4.jpg\" alt=\"\" width=\"1900\" height=\"1018\" srcset=\"https:\/\/zakrasnejsivimperk.cz\/wp-content\/uploads\/2018\/11\/20\/rjaj-n\u00e1m\u011bstek-ministra-2-4.jpg 1900w, https:\/\/zakrasnejsivimperk.cz\/wp-content\/uploads\/2018\/11\/20\/rjaj-n\u00e1m\u011bstek-ministra-2-4-300x161.jpg 300w, https:\/\/zakrasnejsivimperk.cz\/wp-content\/uploads\/2018\/11\/20\/rjaj-n\u00e1m\u011bstek-ministra-2-4-768x411.jpg 768w, https:\/\/zakrasnejsivimperk.cz\/wp-content\/uploads\/2018\/11\/20\/rjaj-n\u00e1m\u011bstek-ministra-2-4-1024x549.jpg 1024w, https:\/\/zakrasnejsivimperk.cz\/wp-content\/uploads\/2018\/11\/20\/rjaj-n\u00e1m\u011bstek-ministra-2-4-666x357.jpg 666w, https:\/\/zakrasnejsivimperk.cz\/wp-content\/uploads\/2018\/11\/20\/rjaj-n\u00e1m\u011bstek-ministra-2-4-901x483.jpg 901w\" sizes=\"(max-width: 1900px) 100vw, 1900px\" \/><figcaption id=\"caption-attachment-146028\" class=\"wp-caption-text\">Na sn\u00edmku n\u00e1m\u011bstek ministra spravedlnosti Michal Fran\u011bk (druh\u00fd zleva), m\u00edstop\u0159edseda Krajsk\u00e9ho soudu v \u010cesk\u00fdch Bud\u011bjovic\u00edch Zden\u011bk Strnad (t\u0159et\u00ed zleva) a \u0159editel krajsk\u00e9ho \u00fa\u0159adu Milan Ku\u010dera (\u010dtvrt\u00fd zleva)<\/figcaption><\/figure>\n<h6>Pod\u011bkov\u00e1n\u00ed za u\u017eite\u010dnou a pro spole\u010dnost prosp\u011b\u0161nou pr\u00e1ci si od n\u00e1m\u011bstka ministra spravedlnosti Michala Fra\u0148ka vyslechli zakladatel\u00e9 Bezplatn\u00e9 insolven\u010dn\u00ed poradny v \u010cesk\u00fdch Bud\u011bjovic\u00edch.<\/h6>\n<p><img loading=\"lazy\" decoding=\"async\" class=\"alignright wp-image-92309 size-medium\" src=\"http:\/\/zakrasnejsivimperk.cz\/wp-content\/uploads\/2017\/02\/09\/jiho\u010desk\u00fd-kraj3-300x161.jpg\" alt=\"\" width=\"300\" height=\"161\" srcset=\"https:\/\/zakrasnejsivimperk.cz\/wp-content\/uploads\/2017\/02\/09\/jiho\u010desk\u00fd-kraj3-300x161.jpg 300w, https:\/\/zakrasnejsivimperk.cz\/wp-content\/uploads\/2017\/02\/09\/jiho\u010desk\u00fd-kraj3-768x412.jpg 768w, https:\/\/zakrasnejsivimperk.cz\/wp-content\/uploads\/2017\/02\/09\/jiho\u010desk\u00fd-kraj3-665x357.jpg 665w, https:\/\/zakrasnejsivimperk.cz\/wp-content\/uploads\/2017\/02\/09\/jiho\u010desk\u00fd-kraj3-899x483.jpg 899w, https:\/\/zakrasnejsivimperk.cz\/wp-content\/uploads\/2017\/02\/09\/jiho\u010desk\u00fd-kraj3.jpg 1000w\" sizes=\"(max-width: 300px) 100vw, 300px\" \/>Poradna za\u010dala v krajsk\u00e9m m\u011bst\u011b fungovat zhruba p\u0159ed t\u0159emi lety a jenom v roce 2017 podala p\u0159i oddlu\u017een\u00ed pomocnou ruku 366 lidem, kte\u0159\u00ed se ocitli ve finan\u010dn\u00ed t\u00edsni. V sou\u010dasn\u00e9 dob\u011b ji\u017e nab\u00edz\u00ed sv\u00e9 slu\u017eby ve v\u0161ech okresn\u00edch m\u011bstech v kraji.<\/p>\n<p><em>\u201eSe z\u00e1jmem jsem si vyslechl zku\u0161enosti, jak\u00e9 maj\u00ed provozovatel\u00e9 insolven\u010dn\u00ed kancel\u00e1\u0159e a cht\u011bl bych jim za jejich pr\u00e1ci, kterou vykon\u00e1vaj\u00ed \u010dasto ve voln\u00e9m \u010dase a zdarma, moc pod\u011bkovat. Je to velice u\u017eite\u010dn\u00e1 a pro spole\u010dnost prosp\u011b\u0161n\u00e1 pr\u00e1ce,\u201c<\/em> zd\u016fraznil Fran\u011bk.<\/p>\n<p>Podle m\u00edstop\u0159edsedy Krajsk\u00e9ho soudu v \u010cesk\u00fdch Bud\u011bjovic\u00edch Zde\u0148ka Strnada je vypo\u0159\u00e1d\u00e1n\u00ed se s osobn\u00edm bankrotem a oddlu\u017een\u00edm fenom\u00e9nem posledn\u00ed doby.<em> \u201eC\u00edlem poradny je pomoci lidem dostat se ze situace, kdy u\u017e nejsou schopni se vypo\u0159\u00e1dat se sv\u00fdmi dluhy,\u201c<\/em> up\u0159esnil.<\/p>\n<p>Strnad d\u00e1le uvedl, \u017ee s \u00fa\u010dastn\u00edky p\u00e1te\u010dn\u00edho setk\u00e1n\u00ed \u0159e\u0161ili i novelu z\u00e1kona, t\u00fdkaj\u00edc\u00ed se podm\u00ednek oddlu\u017eov\u00e1n\u00ed. \u201e<em>Ta by m\u011bla pravidla oddlu\u017eov\u00e1n\u00ed zjednodu\u0161it. V souvislosti s t\u00edm o\u010dek\u00e1v\u00e1me, \u017ee z\u00e1jem lid\u00ed ve finan\u010dn\u00edch probl\u00e9mech o tuto slu\u017ebu je\u0161t\u011b stoupne,\u201c<\/em> nazna\u010dil m\u00edstop\u0159edseda krajsk\u00e9ho soudu.<\/p>\n<p>Pr\u00e1ci insolven\u010dn\u00ed poradny pak kvituje s povd\u011bkem i \u0159editel krajsk\u00e9ho \u00fa\u0159adu Milan Ku\u010dera. <em>\u201eMysl\u00edm, \u017ee se n\u00e1m od jej\u00edho zalo\u017een\u00ed poda\u0159ilo ud\u011blat velk\u00fd kus pr\u00e1ce. Nav\u00edc jsme dok\u00e1zali prost\u0159ednictv\u00edm m\u011bstsk\u00fdch \u00fa\u0159ad\u016f v okresn\u00edch m\u011bstech, kde se na pr\u00e1ci poradny v\u00fdrazn\u011b pod\u00edlej\u00ed tamn\u00ed soci\u00e1ln\u00ed pracovnice, touto slu\u017ebou pokr\u00fdt cel\u00e9 ji\u017en\u00ed \u010cechy,\u201c<\/em> p\u0159ipomn\u011bl Ku\u010dera s t\u00edm, \u017ee sice existuje \u0159ada oddlu\u017eovac\u00edch agentur, ty jsou v\u0161ak pro lidi nev\u00fdhodn\u00e9.<\/p>\n<p>Bezplatn\u00e1 insolven\u010dn\u00ed poradna byla v \u010cesk\u00fdch Bud\u011bjovic\u00edch otev\u0159ena 14. ledna 2016. Na projektu se pod\u00edl\u00ed Krajsk\u00fd soud v \u010cesk\u00fdch Bud\u011bjovic\u00edch, Krajsk\u00fd \u00fa\u0159ad Jiho\u010desk\u00e9ho kraje, Proba\u010dn\u00ed a media\u010dn\u00ed slu\u017eba \u010cesk\u00e9 republiky, \u010cesk\u00e1 advok\u00e1tn\u00ed komora \u2013 Region\u00e1ln\u00ed st\u0159edisko Ji\u017en\u00ed \u010cechy a Spolek insolven\u010dn\u00edch spr\u00e1vc\u016f. Podporuje jej i Ministerstvo spravedlnosti \u010cR.<\/p>\n<p><strong>Text a foto: (tzj\u010d)<\/strong><\/p>\n<figure id=\"attachment_146027\" aria-describedby=\"caption-attachment-146027\" style=\"width: 1900px\" class=\"wp-caption aligncenter\"><img loading=\"lazy\" decoding=\"async\" class=\"wp-image-146027 size-full\" src=\"http:\/\/zakrasnejsivimperk.cz\/wp-content\/uploads\/2018\/11\/20\/rjaj-n\u00e1m\u011bstek-ministra-1-1.jpg\" alt=\"\" width=\"1900\" height=\"1040\" srcset=\"https:\/\/zakrasnejsivimperk.cz\/wp-content\/uploads\/2018\/11\/20\/rjaj-n\u00e1m\u011bstek-ministra-1-1.jpg 1900w, https:\/\/zakrasnejsivimperk.cz\/wp-content\/uploads\/2018\/11\/20\/rjaj-n\u00e1m\u011bstek-ministra-1-1-300x164.jpg 300w, https:\/\/zakrasnejsivimperk.cz\/wp-content\/uploads\/2018\/11\/20\/rjaj-n\u00e1m\u011bstek-ministra-1-1-768x420.jpg 768w, https:\/\/zakrasnejsivimperk.cz\/wp-content\/uploads\/2018\/11\/20\/rjaj-n\u00e1m\u011bstek-ministra-1-1-1024x561.jpg 1024w, https:\/\/zakrasnejsivimperk.cz\/wp-content\/uploads\/2018\/11\/20\/rjaj-n\u00e1m\u011bstek-ministra-1-1-652x357.jpg 652w, https:\/\/zakrasnejsivimperk.cz\/wp-content\/uploads\/2018\/11\/20\/rjaj-n\u00e1m\u011bstek-ministra-1-1-882x483.jpg 882w\" sizes=\"(max-width: 1900px) 100vw, 1900px\" \/><figcaption id=\"caption-attachment-146027\" class=\"wp-caption-text\">Na sn\u00edmku m\u00edstop\u0159edseda Krajsk\u00e9ho soudu v \u010cesk\u00fdch Bud\u011bjovic\u00edch Zden\u011bk Strnad (vlevo) a \u0159editel krajsk\u00e9ho \u00fa\u0159adu Milan Ku\u010dera (uprost\u0159ed).<\/figcaption><\/figure>\n<p>&nbsp;<\/p>\n<p>&nbsp;<\/p>\n<p>&nbsp;<\/p>\n","protected":false},"excerpt":{"rendered":"<p>Pod\u011bkov\u00e1n\u00ed za <\/p>\n","protected":false},"author":2,"featured_media":146033,"comment_status":"open","ping_status":"open","sticky":false,"template":"","format":"gallery","meta":{"footnotes":""},"categories":[72],"tags":[],"jetpack_featured_media_url":"https:\/\/zakrasnejsivimperk.cz\/wp-content\/uploads\/2018\/11\/20\/r\u00e1me\u010dek-insolvence.jpg","_links":{"self":[{"href":"https:\/\/zakrasnejsivimperk.cz\/index.php?rest_route=\/wp\/v2\/posts\/146019"}],"collection":[{"href":"https:\/\/zakrasnejsivimperk.cz\/index.php?rest_route=\/wp\/v2\/posts"}],"about":[{"href":"https:\/\/zakrasnejsivimperk.cz\/index.php?rest_route=\/wp\/v2\/types\/post"}],"author":[{"embeddable":true,"href":"https:\/\/zakrasnejsivimperk.cz\/index.php?rest_route=\/wp\/v2\/users\/2"}],"replies":[{"embeddable":true,"href":"https:\/\/zakrasnejsivimperk.cz\/index.php?rest_route=%2Fwp%2Fv2%2Fcomments&post=146019"}],"version-history":[{"count":4,"href":"https:\/\/zakrasnejsivimperk.cz\/index.php?rest_route=\/wp\/v2\/posts\/146019\/revisions"}],"predecessor-version":[{"id":146031,"href":"https:\/\/zakrasnejsivimperk.cz\/index.php?rest_route=\/wp\/v2\/posts\/146019\/revisions\/146031"}],"wp:featuredmedia":[{"embeddable":true,"href":"https:\/\/zakrasnejsivimperk.cz\/index.php?rest_route=\/wp\/v2\/media\/146033"}],"wp:attachment":[{"href":"https:\/\/zakrasnejsivimperk.cz\/index.php?rest_route=%2Fwp%2Fv2%2Fmedia&parent=146019"}],"wp:term":[{"taxonomy":"category","embeddable":true,"href":"https:\/\/zakrasnejsivimperk.cz\/index.php?rest_route=%2Fwp%2Fv2%2Fcategories&post=146019"},{"taxonomy":"post_tag","embeddable":true,"href":"https:\/\/zakrasnejsivimperk.cz\/index.php?rest_route=%2Fwp%2Fv2%2Ftags&post=146019"}],"curies":[{"name":"wp","href":"https:\/\/api.w.org\/{rel}","templated":true}]}}