{"id":145882,"date":"2018-11-18T14:41:19","date_gmt":"2018-11-18T13:41:19","guid":{"rendered":"http:\/\/zakrasnejsivimperk.cz\/?p=145882"},"modified":"2018-11-18T14:42:15","modified_gmt":"2018-11-18T13:42:15","slug":"historicke-foto-zima-ve-vimperku-v-roce-1961-pohled-z-ulicky-zlata-stezka","status":"publish","type":"post","link":"https:\/\/zakrasnejsivimperk.cz\/?p=145882","title":{"rendered":"HISTORICK\u00c9 FOTO: Zima ve Vimperku v roce 1961 &#8211; pohled z uli\u010dky Zlat\u00e1 stezka"},"content":{"rendered":"<p><img loading=\"lazy\" decoding=\"async\" class=\"aligncenter wp-image-145883 size-full\" src=\"http:\/\/zakrasnejsivimperk.cz\/wp-content\/uploads\/2018\/11\/18\/zima-vpk-1961.jpg\" alt=\"\" width=\"435\" height=\"658\" srcset=\"https:\/\/zakrasnejsivimperk.cz\/wp-content\/uploads\/2018\/11\/18\/zima-vpk-1961.jpg 435w, https:\/\/zakrasnejsivimperk.cz\/wp-content\/uploads\/2018\/11\/18\/zima-vpk-1961-198x300.jpg 198w, https:\/\/zakrasnejsivimperk.cz\/wp-content\/uploads\/2018\/11\/18\/zima-vpk-1961-236x357.jpg 236w, https:\/\/zakrasnejsivimperk.cz\/wp-content\/uploads\/2018\/11\/18\/zima-vpk-1961-319x483.jpg 319w\" sizes=\"(max-width: 435px) 100vw, 435px\" \/><\/p>\n<p style=\"text-align: center;\"><strong>Fotografii zap\u016fj\u010dila Marta MARKOV\u00c1<\/strong><\/p>\n<p>&nbsp;<\/p>\n<p>&nbsp;<\/p>\n<p>&nbsp;<\/p>\n<p>&nbsp;<\/p>\n<p>&nbsp;<\/p>\n","protected":false},"excerpt":{"rendered":"<p>Fotografii zap\u016fj\u010dila <\/p>\n","protected":false},"author":2,"featured_media":145885,"comment_status":"open","ping_status":"open","sticky":false,"template":"","format":"gallery","meta":{"footnotes":""},"categories":[74],"tags":[],"jetpack_featured_media_url":"https:\/\/zakrasnejsivimperk.cz\/wp-content\/uploads\/2018\/11\/18\/r\u00e1me\u010dek-historick\u00e9-vpk-61.jpg","_links":{"self":[{"href":"https:\/\/zakrasnejsivimperk.cz\/index.php?rest_route=\/wp\/v2\/posts\/145882"}],"collection":[{"href":"https:\/\/zakrasnejsivimperk.cz\/index.php?rest_route=\/wp\/v2\/posts"}],"about":[{"href":"https:\/\/zakrasnejsivimperk.cz\/index.php?rest_route=\/wp\/v2\/types\/post"}],"author":[{"embeddable":true,"href":"https:\/\/zakrasnejsivimperk.cz\/index.php?rest_route=\/wp\/v2\/users\/2"}],"replies":[{"embeddable":true,"href":"https:\/\/zakrasnejsivimperk.cz\/index.php?rest_route=%2Fwp%2Fv2%2Fcomments&post=145882"}],"version-history":[{"count":3,"href":"https:\/\/zakrasnejsivimperk.cz\/index.php?rest_route=\/wp\/v2\/posts\/145882\/revisions"}],"predecessor-version":[{"id":145887,"href":"https:\/\/zakrasnejsivimperk.cz\/index.php?rest_route=\/wp\/v2\/posts\/145882\/revisions\/145887"}],"wp:featuredmedia":[{"embeddable":true,"href":"https:\/\/zakrasnejsivimperk.cz\/index.php?rest_route=\/wp\/v2\/media\/145885"}],"wp:attachment":[{"href":"https:\/\/zakrasnejsivimperk.cz\/index.php?rest_route=%2Fwp%2Fv2%2Fmedia&parent=145882"}],"wp:term":[{"taxonomy":"category","embeddable":true,"href":"https:\/\/zakrasnejsivimperk.cz\/index.php?rest_route=%2Fwp%2Fv2%2Fcategories&post=145882"},{"taxonomy":"post_tag","embeddable":true,"href":"https:\/\/zakrasnejsivimperk.cz\/index.php?rest_route=%2Fwp%2Fv2%2Ftags&post=145882"}],"curies":[{"name":"wp","href":"https:\/\/api.w.org\/{rel}","templated":true}]}}