{"id":145870,"date":"2018-11-18T13:42:09","date_gmt":"2018-11-18T12:42:09","guid":{"rendered":"http:\/\/zakrasnejsivimperk.cz\/?p=145870"},"modified":"2018-11-19T15:33:46","modified_gmt":"2018-11-19T14:33:46","slug":"ceske-budejovice-namestek-hejtmanky-knot-kraj-se-chysta-s-pomoci-penez-irop-investovat-18-miliardy-do-staveb-novych-obchvatu-ci-modernizaci-silnic-ii-a-iii-trid","status":"publish","type":"post","link":"https:\/\/zakrasnejsivimperk.cz\/?p=145870","title":{"rendered":"\u010cESK\u00c9 BUD\u011aJOVICE: Kraj se chyst\u00e1 s pomoc\u00ed pen\u011bz IROP investovat 1,8 miliardy do staveb nov\u00fdch obchvat\u016f \u010di modernizac\u00ed silnic II. a III. t\u0159\u00edd"},"content":{"rendered":"<p><img loading=\"lazy\" decoding=\"async\" class=\"aligncenter wp-image-145871 size-full\" src=\"http:\/\/zakrasnejsivimperk.cz\/wp-content\/uploads\/2018\/11\/18\/stavba-rekonsrtukce-silnice.jpg\" alt=\"\" width=\"960\" height=\"640\" srcset=\"https:\/\/zakrasnejsivimperk.cz\/wp-content\/uploads\/2018\/11\/18\/stavba-rekonsrtukce-silnice.jpg 960w, https:\/\/zakrasnejsivimperk.cz\/wp-content\/uploads\/2018\/11\/18\/stavba-rekonsrtukce-silnice-300x200.jpg 300w, https:\/\/zakrasnejsivimperk.cz\/wp-content\/uploads\/2018\/11\/18\/stavba-rekonsrtukce-silnice-768x512.jpg 768w, https:\/\/zakrasnejsivimperk.cz\/wp-content\/uploads\/2018\/11\/18\/stavba-rekonsrtukce-silnice-536x357.jpg 536w, https:\/\/zakrasnejsivimperk.cz\/wp-content\/uploads\/2018\/11\/18\/stavba-rekonsrtukce-silnice-725x483.jpg 725w\" sizes=\"(max-width: 960px) 100vw, 960px\" \/><\/p>\n<p>&nbsp;<\/p>\n<h6>Zhruba 1,8 miliardy korun se chyst\u00e1 investovat kraj do staveb nov\u00fdch \u00fasek\u016f, obchvat\u016f \u010di modernizace komunikac\u00ed II. a III. t\u0159\u00edd, kter\u00e9 spravuje. Pr\u00e1ce chce zah\u00e1jit v\u00a0n\u00e1sleduj\u00edc\u00edch letech s\u00a0v\u00fdrazn\u00fdm p\u0159isp\u011bn\u00edm pen\u011bz z Integrovan\u00e9ho region\u00e1ln\u00edho opera\u010dn\u00edho programu (IROP). Potvrdil to prvn\u00ed n\u00e1m\u011bstek hejtmanky Josef Knot s\u00a0t\u00edm, \u017ee se jedn\u00e1 pouze o \u010d\u00e1st finan\u010dn\u00edch prost\u0159edk\u016f, kter\u00e9 kraj v\u00a0budoucnu do silni\u010dn\u00ed s\u00edt\u011b vynalo\u017e\u00ed. V\u00a0p\u00e1tek 16. listopadu schv\u00e1lili tento z\u00e1m\u011br kraj\u0161t\u00ed zastupitel\u00e9.<\/h6>\n<p><em><img loading=\"lazy\" decoding=\"async\" class=\"size-medium wp-image-92309 alignright\" src=\"http:\/\/zakrasnejsivimperk.cz\/wp-content\/uploads\/2017\/02\/09\/jiho\u010desk\u00fd-kraj3-300x161.jpg\" alt=\"\" width=\"300\" height=\"161\" srcset=\"https:\/\/zakrasnejsivimperk.cz\/wp-content\/uploads\/2017\/02\/09\/jiho\u010desk\u00fd-kraj3-300x161.jpg 300w, https:\/\/zakrasnejsivimperk.cz\/wp-content\/uploads\/2017\/02\/09\/jiho\u010desk\u00fd-kraj3-768x412.jpg 768w, https:\/\/zakrasnejsivimperk.cz\/wp-content\/uploads\/2017\/02\/09\/jiho\u010desk\u00fd-kraj3-665x357.jpg 665w, https:\/\/zakrasnejsivimperk.cz\/wp-content\/uploads\/2017\/02\/09\/jiho\u010desk\u00fd-kraj3-899x483.jpg 899w, https:\/\/zakrasnejsivimperk.cz\/wp-content\/uploads\/2017\/02\/09\/jiho\u010desk\u00fd-kraj3.jpg 1000w\" sizes=\"(max-width: 300px) 100vw, 300px\" \/>\u201eBylo schv\u00e1leno, \u017ee pod\u00e1me dal\u0161\u00edch osm \u017e\u00e1dost\u00ed do 70. v\u00fdzvy IROPu. Z\u00a0celkov\u00e9 \u010d\u00e1stky 1,834 miliardy korun, kterou se chyst\u00e1me proinvestovat, poch\u00e1z\u00ed 1,480 miliardy z\u00a0IROPu, 0,261 miliardy ze st\u00e1tn\u00edho rozpo\u010dtu a zbytek, tedy 93 milion\u016f, uhrad\u00ed kraj,\u201c<\/em> up\u0159esnil Knot s\u00a0t\u00edm, \u017ee se jedn\u00e1 o vybudov\u00e1n\u00ed p\u011bti nov\u00fdch \u00fasek\u016f \u010di obchvat\u016f, jedn\u00e9 kruhov\u00e9 k\u0159i\u017eovatky a modernizaci povrch\u016f 44,6 kilometru silnic ve v\u0161ech okresech regionu.<\/p>\n<p>Z\u00a0t\u011bchto akc\u00ed Knot zm\u00ednil nap\u0159\u00edklad 1. etapu v\u00fdstavby Ji\u017en\u00ed tangenty &#8211; obchvatu \u010cesk\u00fdch Bud\u011bjovic, napojen\u00ed pr\u016fmyslov\u00e9 z\u00f3ny T\u00e1bor v\u00fdchod \u2013 Vo\u017eick\u00e1 ulice, p\u0159ivad\u011b\u010d k\u00a0d\u00e1lnici D3 ze Zan\u00e1dra\u017en\u00ed komunikace v\u00a0\u010cesk\u00fdch Bud\u011bjovic\u00edch \u010di obchvaty Vlachova B\u0159ez\u00ed a Str\u00e1\u017ekovic.<\/p>\n<p><em> \u201eV p\u0159\u00edpad\u011b Ji\u017en\u00ed tangenty se jedn\u00e1 o stavbu spojuj\u00edc\u00ed silnici z\u00a0krajsk\u00e9ho m\u011bsta na \u010cesk\u00fd Krumlov s\u00a0d\u00e1lnic\u00ed D3 v d\u00e9lce 2,7 kilometru za 770 milion\u016f korun s\u00a0p\u0159edpokl\u00e1dan\u00fdm datem realizace 2020 a\u017e 2021. V\u00a0T\u00e1bo\u0159e jde o propojen\u00ed m\u00edstn\u00ed komunikace proch\u00e1zej\u00edc\u00ed ve sm\u011bru jih \u2013 sever prolukou mezi v\u00fdchodn\u00edm \u00fazem\u00edm m\u011bsta a z\u00e1padn\u00edm okrajem m\u011bstsk\u00e9 \u010d\u00e1sti M\u011b\u0161ice v \u00faseku mezi ulicemi Ch\u00fdnovsk\u00e1 a Vo\u017eick\u00e1 za 180 milion\u016f s\u00a0p\u0159edpokl\u00e1dan\u00fdm datem realizace v\u00a0letech 2019 a\u017e 2020. A d\u00e1lni\u010dn\u00ed p\u0159ivad\u011b\u010d ze Zan\u00e1dra\u017en\u00ed komunikace v\u00a0\u010cesk\u00fdch Bud\u011bjovic\u00edch o d\u00e9lce 395 metr\u016f bude navazovat na kruhovou k\u0159i\u017eovatku v Novohradsk\u00e9 ulici nad n\u00e1kupn\u00edm centrem Penny v\u00a0Nov\u00fdch Hod\u011bjovic\u00edch. Na projektu za 50,5 milionu spolupracujeme s\u00a0m\u011bstem s\u00a0p\u0159edpokl\u00e1danou realizac\u00ed v\u00a0roce 2020,\u201c<\/em> nast\u00ednil prvn\u00ed n\u00e1m\u011bstek hejtmanky.<\/p>\n<p>V\u00fdchodn\u00ed obchvat Vlachova B\u0159ez\u00ed dlouh\u00fd 1,1 kilometru za 173,4 milionu korun m\u00e1 vyr\u016fst v\u00a0letech 2021 a\u017e 2022 a severov\u00fdchodn\u00ed p\u0159elo\u017eka u Str\u00e1\u017ekovic o d\u00e9lce 2,1 kilometru za 149 milion\u016f v\u00a0letech 2020 a\u017e 2021.<em> \u201eU Str\u00e1\u017ekovic je ale investorem pouze kraj,\u201c<\/em> \u0159ekl Knot a dodal, \u017ee s\u00a0v\u00fd\u0161e uvedenou modernizac\u00ed 44,6 kilometru dlouh\u00e9 s\u00edt\u011b komunikac\u00ed II. a III. t\u0159\u00edd se po\u010d\u00edt\u00e1 v\u00a0roce 2020.<\/p>\n<p>&nbsp;<\/p>\n<p><strong>Text a foto: (tzj\u010d)<\/strong><\/p>\n<p>&nbsp;<\/p>\n<p>&nbsp;<\/p>\n<p>&nbsp;<\/p>\n<p>&nbsp;<\/p>\n","protected":false},"excerpt":{"rendered":"<p>&nbsp; Zhruba <\/p>\n","protected":false},"author":2,"featured_media":145872,"comment_status":"open","ping_status":"open","sticky":false,"template":"","format":"gallery","meta":{"footnotes":""},"categories":[72],"tags":[],"jetpack_featured_media_url":"https:\/\/zakrasnejsivimperk.cz\/wp-content\/uploads\/2018\/11\/18\/r\u00e1me\u010dek-silni\u010dn\u00ed-stavby.jpg","_links":{"self":[{"href":"https:\/\/zakrasnejsivimperk.cz\/index.php?rest_route=\/wp\/v2\/posts\/145870"}],"collection":[{"href":"https:\/\/zakrasnejsivimperk.cz\/index.php?rest_route=\/wp\/v2\/posts"}],"about":[{"href":"https:\/\/zakrasnejsivimperk.cz\/index.php?rest_route=\/wp\/v2\/types\/post"}],"author":[{"embeddable":true,"href":"https:\/\/zakrasnejsivimperk.cz\/index.php?rest_route=\/wp\/v2\/users\/2"}],"replies":[{"embeddable":true,"href":"https:\/\/zakrasnejsivimperk.cz\/index.php?rest_route=%2Fwp%2Fv2%2Fcomments&post=145870"}],"version-history":[{"count":2,"href":"https:\/\/zakrasnejsivimperk.cz\/index.php?rest_route=\/wp\/v2\/posts\/145870\/revisions"}],"predecessor-version":[{"id":145874,"href":"https:\/\/zakrasnejsivimperk.cz\/index.php?rest_route=\/wp\/v2\/posts\/145870\/revisions\/145874"}],"wp:featuredmedia":[{"embeddable":true,"href":"https:\/\/zakrasnejsivimperk.cz\/index.php?rest_route=\/wp\/v2\/media\/145872"}],"wp:attachment":[{"href":"https:\/\/zakrasnejsivimperk.cz\/index.php?rest_route=%2Fwp%2Fv2%2Fmedia&parent=145870"}],"wp:term":[{"taxonomy":"category","embeddable":true,"href":"https:\/\/zakrasnejsivimperk.cz\/index.php?rest_route=%2Fwp%2Fv2%2Fcategories&post=145870"},{"taxonomy":"post_tag","embeddable":true,"href":"https:\/\/zakrasnejsivimperk.cz\/index.php?rest_route=%2Fwp%2Fv2%2Ftags&post=145870"}],"curies":[{"name":"wp","href":"https:\/\/api.w.org\/{rel}","templated":true}]}}