{"id":144912,"date":"2018-11-16T20:30:48","date_gmt":"2018-11-16T19:30:48","guid":{"rendered":"http:\/\/zakrasnejsivimperk.cz\/?p=144912"},"modified":"2018-11-16T20:30:48","modified_gmt":"2018-11-16T19:30:48","slug":"historicka-zajimavost-maurice-tillet-laskuje-s-modelkou-dorian-leighovou-1940","status":"publish","type":"post","link":"https:\/\/zakrasnejsivimperk.cz\/?p=144912","title":{"rendered":"HISTORICK\u00c1 ZAJ\u00cdMAVOST: Maurice Tillet la\u0161kuje s modelkou Dorian Leighovou (1940)"},"content":{"rendered":"<p><img loading=\"lazy\" decoding=\"async\" class=\"aligncenter wp-image-144913 size-full\" src=\"http:\/\/zakrasnejsivimperk.cz\/wp-content\/uploads\/2018\/11\/06\/Maurice-Tillet-la\u0161kuje-s-modelkou-Dorian-Leighovou-1940.jpg\" alt=\"\" width=\"702\" height=\"881\" srcset=\"https:\/\/zakrasnejsivimperk.cz\/wp-content\/uploads\/2018\/11\/06\/Maurice-Tillet-la\u0161kuje-s-modelkou-Dorian-Leighovou-1940.jpg 702w, https:\/\/zakrasnejsivimperk.cz\/wp-content\/uploads\/2018\/11\/06\/Maurice-Tillet-la\u0161kuje-s-modelkou-Dorian-Leighovou-1940-239x300.jpg 239w, https:\/\/zakrasnejsivimperk.cz\/wp-content\/uploads\/2018\/11\/06\/Maurice-Tillet-la\u0161kuje-s-modelkou-Dorian-Leighovou-1940-284x357.jpg 284w, https:\/\/zakrasnejsivimperk.cz\/wp-content\/uploads\/2018\/11\/06\/Maurice-Tillet-la\u0161kuje-s-modelkou-Dorian-Leighovou-1940-385x483.jpg 385w\" sizes=\"(max-width: 702px) 100vw, 702px\" \/><\/p>\n<p>&nbsp;<\/p>\n<h6>Maurice Tillet (1903-1955) se narodil v hor\u00e1ch na Uralu francouzsk\u00fdm rodi\u010d\u016fm. Jeho matka byla u\u010ditelka a otec \u017eelezni\u010dn\u00ed in\u017een\u00fdr. Otec bohu\u017eel zem\u0159el velmi brzy, mal\u00fd Maurice s matkou opustili Rusko v roce 1917 a p\u0159est\u011bhovali se do Reme\u0161e.<\/h6>\n<p><img loading=\"lazy\" decoding=\"async\" class=\"alignright wp-image-78962\" src=\"http:\/\/zakrasnejsivimperk.cz\/wp-content\/uploads\/2016\/10\/17\/Facebook-Logo-300x281.jpg\" alt=\"\" width=\"200\" height=\"187\" srcset=\"https:\/\/zakrasnejsivimperk.cz\/wp-content\/uploads\/2016\/10\/17\/Facebook-Logo-300x281.jpg 300w, https:\/\/zakrasnejsivimperk.cz\/wp-content\/uploads\/2016\/10\/17\/Facebook-Logo-381x357.jpg 381w, https:\/\/zakrasnejsivimperk.cz\/wp-content\/uploads\/2016\/10\/17\/Facebook-Logo-516x483.jpg 516w, https:\/\/zakrasnejsivimperk.cz\/wp-content\/uploads\/2016\/10\/17\/Facebook-Logo.jpg 800w\" sizes=\"(max-width: 200px) 100vw, 200px\" \/>Jako d\u00edt\u011b byl velice p\u011bkn\u00fd ale ve dvaceti letech mu byla diagnostikov\u00e1na akromegalie, jen\u017e zm\u011bnila cel\u00e9 jeho t\u011blo. Hlava z\u00edskala rysy typick\u00e9 pro toto onemocn\u011bn\u00ed, co\u017e vedlo k mnoha\u00a0<span class=\"text_exposed_show\">posm\u011b\u0161k\u016fm a zabr\u00e1nilo mu v\u011bnovat se vysn\u011bn\u00e9mu studiu pr\u00e1va. P\u011bt let slou\u017eil u n\u00e1mo\u0159nictva. A\u010d obrem, byl velice inteligentn\u00ed, ovl\u00e1dal 14 jazyk\u016f, psal b\u00e1sn\u011b a doufal, \u017ee se jednou bude v\u011bnovat obchodu.<\/span><\/p>\n<div class=\"text_exposed_show\">\n<p>V \u00fanoru 1937 se setkal v Singapuru s litevsk\u00fdm z\u00e1pasn\u00edkem Karlem Pojellem (Karolis Po\u017e\u0117la), kter\u00fd jej p\u0159esv\u011bd\u010dil k zah\u00e1jen\u00ed z\u00e1pasnick\u00e9 kari\u00e9ry. Odcestovali do Pa\u0159\u00ed\u017ee, kde se \u00fa\u010dastnili r\u016fzn\u00fdch exhibic\u00ed ve Francii i Anglii. Druh\u00e1 sv\u011btov\u00e1 v\u00e1lka jej p\u0159inutila v roce 1939 odcestovat do USA. Zde se \u017eivil jako profesion\u00e1ln\u00ed z\u00e1pasn\u00edk, p\u0159ezd\u00edvan\u00fd &#8220;\u0161\u00edlen\u00fd obr ringu&#8221; \u010di &#8220;francouzsk\u00fd and\u011bl&#8221;.<\/p>\n<p>Nejv\u011bt\u0161\u00ed \u00fasp\u011bch a sl\u00e1vu mu p\u0159ineslo v\u00edt\u011bzstv\u00ed nad Stevem &#8220;Rozb\u00edje\u010dem&#8221; Caseym, mistrem &#8220;Americk\u00e9 wrestlingov\u00e9 asociace&#8221;, v srpnu roku 1944. A\u010d byl slavn\u00fd, \u017eil samot\u00e1\u0159sk\u00fdm \u017eivotem a skute\u010dn\u00fdch p\u0159\u00e1tel m\u011bl velmi m\u00e1lo. Maurice Tillett zem\u0159el v roce 1955 na srde\u010dn\u00ed chorobu. Na smrteln\u00e9m lo\u017ei dal souhlas k tomu, aby byly po jeho smrti zhotoveny t\u0159i posmrtn\u00e9 masky. Jeho tv\u00e1\u0159 se o 50 let pozd\u011bji stala inspirac\u00ed pro tv\u016frce filmu Shrek.<\/p>\n<p>&nbsp;<\/p>\n<p><strong>FB &#8211;\u00a0<span class=\"fwn fcg\"><span class=\"fwb fcg\" data-ft=\"{&quot;tn&quot;:&quot;k&quot;}\"><a id=\"js_d9s\" href=\"https:\/\/www.facebook.com\/zlatadomacikniha\/?__tn__=kC-R&amp;eid=ARAGtk8YwOi8wLNTAr-AMiyj0uJhLLliWgEkTWHjhzdRvRyqvMXZq1_59IuqRk2rsDrfwTIeJn36OCt0&amp;hc_ref=ARSztnRHQ95ebJbXnXvRCuM--uVBQowWrw83V6Pdt8QFi9Z8eAQnH_T-MNqy6O6Hxvw&amp;fref=nf&amp;__xts__%5B0%5D=68.ARD6WVgBmWcTYs0rpMzU4qLExtICzHG7a8DiSZWcpbPB3mewj-rCYaZ37-DFaOwHrTZfIcMxlZ_JRYsGqcwFy0J-pg7kNUSG_BIDLgwR6vQlPlH9BGR7Ow5SRGIN3NtEsPwzfFU5ZKQf56GHNeE_rUWMSaxfX6MfHwUgYRNl5buI5sEP3nlWakDWC8JLqrcFCBK1jGWCO5lnmyZnfRDHxSv3ir-a2fOmAZPLUE8g4KaYhDmjuw46xa3k\" target=\"_blank\" rel=\"noopener\" data-hovercard=\"\/ajax\/hovercard\/page.php?id=1039375126127253&amp;extragetparams=%7B%22__tn__%22%3A%22%2CdkC-R-R%22%2C%22eid%22%3A%22ARAGtk8YwOi8wLNTAr-AMiyj0uJhLLliWgEkTWHjhzdRvRyqvMXZq1_59IuqRk2rsDrfwTIeJn36OCt0%22%2C%22hc_ref%22%3A%22ARSztnRHQ95ebJbXnXvRCuM--uVBQowWrw83V6Pdt8QFi9Z8eAQnH_T-MNqy6O6Hxvw%22%2C%22fref%22%3A%22nf%22%7D\" data-hovercard-prefer-more-content-show=\"1\" data-hovercard-referer=\"ARSztnRHQ95ebJbXnXvRCuM--uVBQowWrw83V6Pdt8QFi9Z8eAQnH_T-MNqy6O6Hxvw\" aria-describedby=\"u_jk_1\" aria-owns=\"\">Zlat\u00e1 Dom\u00e1c\u00ed Kniha<\/a><\/span><\/span><\/strong><\/p>\n<\/div>\n<p>&nbsp;<\/p>\n<p>&nbsp;<\/p>\n<p>&nbsp;<\/p>\n<p>&nbsp;<\/p>\n","protected":false},"excerpt":{"rendered":"<p>&nbsp; Maurice <\/p>\n","protected":false},"author":2,"featured_media":145776,"comment_status":"open","ping_status":"open","sticky":false,"template":"","format":"gallery","meta":{"footnotes":""},"categories":[74],"tags":[],"jetpack_featured_media_url":"https:\/\/zakrasnejsivimperk.cz\/wp-content\/uploads\/2018\/11\/16\/r\u00e1me\u010dek-la\u0161kov\u00e1n\u00ed.jpg","_links":{"self":[{"href":"https:\/\/zakrasnejsivimperk.cz\/index.php?rest_route=\/wp\/v2\/posts\/144912"}],"collection":[{"href":"https:\/\/zakrasnejsivimperk.cz\/index.php?rest_route=\/wp\/v2\/posts"}],"about":[{"href":"https:\/\/zakrasnejsivimperk.cz\/index.php?rest_route=\/wp\/v2\/types\/post"}],"author":[{"embeddable":true,"href":"https:\/\/zakrasnejsivimperk.cz\/index.php?rest_route=\/wp\/v2\/users\/2"}],"replies":[{"embeddable":true,"href":"https:\/\/zakrasnejsivimperk.cz\/index.php?rest_route=%2Fwp%2Fv2%2Fcomments&post=144912"}],"version-history":[{"count":2,"href":"https:\/\/zakrasnejsivimperk.cz\/index.php?rest_route=\/wp\/v2\/posts\/144912\/revisions"}],"predecessor-version":[{"id":145777,"href":"https:\/\/zakrasnejsivimperk.cz\/index.php?rest_route=\/wp\/v2\/posts\/144912\/revisions\/145777"}],"wp:featuredmedia":[{"embeddable":true,"href":"https:\/\/zakrasnejsivimperk.cz\/index.php?rest_route=\/wp\/v2\/media\/145776"}],"wp:attachment":[{"href":"https:\/\/zakrasnejsivimperk.cz\/index.php?rest_route=%2Fwp%2Fv2%2Fmedia&parent=144912"}],"wp:term":[{"taxonomy":"category","embeddable":true,"href":"https:\/\/zakrasnejsivimperk.cz\/index.php?rest_route=%2Fwp%2Fv2%2Fcategories&post=144912"},{"taxonomy":"post_tag","embeddable":true,"href":"https:\/\/zakrasnejsivimperk.cz\/index.php?rest_route=%2Fwp%2Fv2%2Ftags&post=144912"}],"curies":[{"name":"wp","href":"https:\/\/api.w.org\/{rel}","templated":true}]}}