{"id":144686,"date":"2018-11-06T18:26:28","date_gmt":"2018-11-06T17:26:28","guid":{"rendered":"http:\/\/zakrasnejsivimperk.cz\/?p=144686"},"modified":"2018-11-06T18:26:28","modified_gmt":"2018-11-06T17:26:28","slug":"tady-je-hezky-soutok-kremelne-a-vydry-na-cenkove-pile-foto-karolina-endrstova","status":"publish","type":"post","link":"https:\/\/zakrasnejsivimperk.cz\/?p=144686","title":{"rendered":"TADY JE HEZKY: Soutok K\u0159emeln\u00e9 a Vydry na \u010ce\u0148kov\u011b Pile \/ Foto: Karol\u00edna ENDR\u0160TOV\u00c1"},"content":{"rendered":"<p><img loading=\"lazy\" decoding=\"async\" class=\"aligncenter wp-image-144687 size-full\" src=\"http:\/\/zakrasnejsivimperk.cz\/wp-content\/uploads\/2018\/11\/04\/soutok-K\u0159emeln\u00e9-a-Vydry-na-\u010ce\u0148kov\u011b-Pile-ke.jpg\" alt=\"\" width=\"768\" height=\"960\" srcset=\"https:\/\/zakrasnejsivimperk.cz\/wp-content\/uploads\/2018\/11\/04\/soutok-K\u0159emeln\u00e9-a-Vydry-na-\u010ce\u0148kov\u011b-Pile-ke.jpg 768w, https:\/\/zakrasnejsivimperk.cz\/wp-content\/uploads\/2018\/11\/04\/soutok-K\u0159emeln\u00e9-a-Vydry-na-\u010ce\u0148kov\u011b-Pile-ke-240x300.jpg 240w, https:\/\/zakrasnejsivimperk.cz\/wp-content\/uploads\/2018\/11\/04\/soutok-K\u0159emeln\u00e9-a-Vydry-na-\u010ce\u0148kov\u011b-Pile-ke-286x357.jpg 286w, https:\/\/zakrasnejsivimperk.cz\/wp-content\/uploads\/2018\/11\/04\/soutok-K\u0159emeln\u00e9-a-Vydry-na-\u010ce\u0148kov\u011b-Pile-ke-386x483.jpg 386w\" sizes=\"(max-width: 768px) 100vw, 768px\" \/><\/p>\n<p>&nbsp;<\/p>\n<p>&nbsp;<\/p>\n<p>&nbsp;<\/p>\n<p>&nbsp;<\/p>\n<p>&nbsp;<\/p>\n","protected":false},"excerpt":{"rendered":"<p>&nbsp; &nbsp; <\/p>\n","protected":false},"author":2,"featured_media":144688,"comment_status":"open","ping_status":"open","sticky":false,"template":"","format":"gallery","meta":{"footnotes":""},"categories":[72],"tags":[],"jetpack_featured_media_url":"https:\/\/zakrasnejsivimperk.cz\/wp-content\/uploads\/2018\/11\/04\/r\u00e1me\u010dek-tady-je-hezky-vydra.jpg","_links":{"self":[{"href":"https:\/\/zakrasnejsivimperk.cz\/index.php?rest_route=\/wp\/v2\/posts\/144686"}],"collection":[{"href":"https:\/\/zakrasnejsivimperk.cz\/index.php?rest_route=\/wp\/v2\/posts"}],"about":[{"href":"https:\/\/zakrasnejsivimperk.cz\/index.php?rest_route=\/wp\/v2\/types\/post"}],"author":[{"embeddable":true,"href":"https:\/\/zakrasnejsivimperk.cz\/index.php?rest_route=\/wp\/v2\/users\/2"}],"replies":[{"embeddable":true,"href":"https:\/\/zakrasnejsivimperk.cz\/index.php?rest_route=%2Fwp%2Fv2%2Fcomments&post=144686"}],"version-history":[{"count":1,"href":"https:\/\/zakrasnejsivimperk.cz\/index.php?rest_route=\/wp\/v2\/posts\/144686\/revisions"}],"predecessor-version":[{"id":144689,"href":"https:\/\/zakrasnejsivimperk.cz\/index.php?rest_route=\/wp\/v2\/posts\/144686\/revisions\/144689"}],"wp:featuredmedia":[{"embeddable":true,"href":"https:\/\/zakrasnejsivimperk.cz\/index.php?rest_route=\/wp\/v2\/media\/144688"}],"wp:attachment":[{"href":"https:\/\/zakrasnejsivimperk.cz\/index.php?rest_route=%2Fwp%2Fv2%2Fmedia&parent=144686"}],"wp:term":[{"taxonomy":"category","embeddable":true,"href":"https:\/\/zakrasnejsivimperk.cz\/index.php?rest_route=%2Fwp%2Fv2%2Fcategories&post=144686"},{"taxonomy":"post_tag","embeddable":true,"href":"https:\/\/zakrasnejsivimperk.cz\/index.php?rest_route=%2Fwp%2Fv2%2Ftags&post=144686"}],"curies":[{"name":"wp","href":"https:\/\/api.w.org\/{rel}","templated":true}]}}