{"id":143948,"date":"2018-10-25T14:09:02","date_gmt":"2018-10-25T13:09:02","guid":{"rendered":"http:\/\/zakrasnejsivimperk.cz\/?p=143948"},"modified":"2018-10-26T12:43:39","modified_gmt":"2018-10-26T11:43:39","slug":"jizni-cechy-hejtmanka-ivana-straska-navstivila-ivanku-z-ceskobudejovickeho-babyboxu","status":"publish","type":"post","link":"https:\/\/zakrasnejsivimperk.cz\/?p=143948","title":{"rendered":"JI\u017dN\u00cd \u010cECHY: Hejtmanka Ivana Str\u00e1sk\u00e1 nav\u0161t\u00edvila Ivanku z \u010deskobud\u011bjovick\u00e9ho babyboxu"},"content":{"rendered":"<p><img loading=\"lazy\" decoding=\"async\" class=\"aligncenter wp-image-143949 size-full\" src=\"http:\/\/zakrasnejsivimperk.cz\/wp-content\/uploads\/2018\/10\/25\/hejtmanka-s-ivankou.jpg\" alt=\"\" width=\"1048\" height=\"700\" srcset=\"https:\/\/zakrasnejsivimperk.cz\/wp-content\/uploads\/2018\/10\/25\/hejtmanka-s-ivankou.jpg 1048w, https:\/\/zakrasnejsivimperk.cz\/wp-content\/uploads\/2018\/10\/25\/hejtmanka-s-ivankou-300x200.jpg 300w, https:\/\/zakrasnejsivimperk.cz\/wp-content\/uploads\/2018\/10\/25\/hejtmanka-s-ivankou-768x513.jpg 768w, https:\/\/zakrasnejsivimperk.cz\/wp-content\/uploads\/2018\/10\/25\/hejtmanka-s-ivankou-1024x684.jpg 1024w, https:\/\/zakrasnejsivimperk.cz\/wp-content\/uploads\/2018\/10\/25\/hejtmanka-s-ivankou-534x357.jpg 534w, https:\/\/zakrasnejsivimperk.cz\/wp-content\/uploads\/2018\/10\/25\/hejtmanka-s-ivankou-723x483.jpg 723w\" sizes=\"(max-width: 1048px) 100vw, 1048px\" \/><\/p>\n<p>&nbsp;<\/p>\n<h6>Jiho\u010desk\u00e1 hejtmanka Ivana Str\u00e1sk\u00e1 nav\u0161t\u00edvila v \u010deskobud\u011bjovick\u00e9 nemocnici novorozenou hol\u010di\u010dku, kter\u00e1 byla 17. \u0159\u00edjna odlo\u017eena do babyboxu m\u00edstn\u00ed z\u00e1chrann\u00e9 slu\u017eby.<\/h6>\n<p><img loading=\"lazy\" decoding=\"async\" class=\"alignnone size-medium wp-image-92309 alignright\" src=\"http:\/\/zakrasnejsivimperk.cz\/wp-content\/uploads\/2017\/02\/09\/jiho\u010desk\u00fd-kraj3-300x161.jpg\" alt=\"\" width=\"300\" height=\"161\" srcset=\"https:\/\/zakrasnejsivimperk.cz\/wp-content\/uploads\/2017\/02\/09\/jiho\u010desk\u00fd-kraj3-300x161.jpg 300w, https:\/\/zakrasnejsivimperk.cz\/wp-content\/uploads\/2017\/02\/09\/jiho\u010desk\u00fd-kraj3-768x412.jpg 768w, https:\/\/zakrasnejsivimperk.cz\/wp-content\/uploads\/2017\/02\/09\/jiho\u010desk\u00fd-kraj3-665x357.jpg 665w, https:\/\/zakrasnejsivimperk.cz\/wp-content\/uploads\/2017\/02\/09\/jiho\u010desk\u00fd-kraj3-899x483.jpg 899w, https:\/\/zakrasnejsivimperk.cz\/wp-content\/uploads\/2017\/02\/09\/jiho\u010desk\u00fd-kraj3.jpg 1000w\" sizes=\"(max-width: 300px) 100vw, 300px\" \/>Vzhledem k tomu \u017ee hejtmanka Str\u00e1sk\u00e1 o zaveden\u00ed babyboxu v \u010cesk\u00fdch Bud\u011bjovic\u00edch intenzivn\u011b usilovala, l\u00e9ka\u0159i miminko pojmenovali Ivanka.<\/p>\n<p><em>\u201eStart do \u017eivota nem\u00e1 tahle mali\u010dk\u00e1 jednoduch\u00fd, ale nejd\u016fle\u017eit\u011bj\u0161\u00ed jsou dv\u011b v\u011bci &#8211; je zdrav\u00e1 a v nejbli\u017e\u0161\u00ed dob\u011b, snad ji\u017e tento t\u00fdden, si ji osvoj\u00ed nov\u00e1 rodina, u kter\u00e9 ji bude snad l\u00e9pe, ne\u017e u jej\u00ed skute\u010dn\u00e9 matky,\u201c<\/em> p\u0159eje si hejtmanka, kter\u00e1 2800 gram\u016f v\u00e1\u017e\u00edc\u00ed\u00a0 Ivance p\u0159inesla pro \u0161t\u011bst\u00ed st\u0159\u00edbrnou minci.<br \/>\nZa desetilet\u00e9 obdob\u00ed trv\u00e1n\u00ed jiho\u010desk\u00fdch babybox\u016f do nich anonymn\u00ed matky odlo\u017eily \u0161estn\u00e1ct d\u011bt\u00ed.<\/p>\n<p><strong>Text a foto: (tzj\u010d)<\/strong><\/p>\n<p>&nbsp;<\/p>\n<p>&nbsp;<\/p>\n<p>&nbsp;<\/p>\n","protected":false},"excerpt":{"rendered":"<p>&nbsp; Jiho\u010desk\u00e1 <\/p>\n","protected":false},"author":2,"featured_media":143950,"comment_status":"open","ping_status":"open","sticky":false,"template":"","format":"gallery","meta":{"footnotes":""},"categories":[72],"tags":[],"jetpack_featured_media_url":"https:\/\/zakrasnejsivimperk.cz\/wp-content\/uploads\/2018\/10\/25\/r\u00e1me\u010dek-hejtmanka-u-ivanky.jpg","_links":{"self":[{"href":"https:\/\/zakrasnejsivimperk.cz\/index.php?rest_route=\/wp\/v2\/posts\/143948"}],"collection":[{"href":"https:\/\/zakrasnejsivimperk.cz\/index.php?rest_route=\/wp\/v2\/posts"}],"about":[{"href":"https:\/\/zakrasnejsivimperk.cz\/index.php?rest_route=\/wp\/v2\/types\/post"}],"author":[{"embeddable":true,"href":"https:\/\/zakrasnejsivimperk.cz\/index.php?rest_route=\/wp\/v2\/users\/2"}],"replies":[{"embeddable":true,"href":"https:\/\/zakrasnejsivimperk.cz\/index.php?rest_route=%2Fwp%2Fv2%2Fcomments&post=143948"}],"version-history":[{"count":2,"href":"https:\/\/zakrasnejsivimperk.cz\/index.php?rest_route=\/wp\/v2\/posts\/143948\/revisions"}],"predecessor-version":[{"id":143952,"href":"https:\/\/zakrasnejsivimperk.cz\/index.php?rest_route=\/wp\/v2\/posts\/143948\/revisions\/143952"}],"wp:featuredmedia":[{"embeddable":true,"href":"https:\/\/zakrasnejsivimperk.cz\/index.php?rest_route=\/wp\/v2\/media\/143950"}],"wp:attachment":[{"href":"https:\/\/zakrasnejsivimperk.cz\/index.php?rest_route=%2Fwp%2Fv2%2Fmedia&parent=143948"}],"wp:term":[{"taxonomy":"category","embeddable":true,"href":"https:\/\/zakrasnejsivimperk.cz\/index.php?rest_route=%2Fwp%2Fv2%2Fcategories&post=143948"},{"taxonomy":"post_tag","embeddable":true,"href":"https:\/\/zakrasnejsivimperk.cz\/index.php?rest_route=%2Fwp%2Fv2%2Ftags&post=143948"}],"curies":[{"name":"wp","href":"https:\/\/api.w.org\/{rel}","templated":true}]}}