{"id":143735,"date":"2018-10-28T14:01:59","date_gmt":"2018-10-28T13:01:59","guid":{"rendered":"http:\/\/zakrasnejsivimperk.cz\/?p=143735"},"modified":"2018-10-29T17:05:51","modified_gmt":"2018-10-29T16:05:51","slug":"jizni-cechy-hejtmanka-ivana-straska-udelila-13-plaket-za-peci-jihocechu-o-valecne-hroby","status":"publish","type":"post","link":"https:\/\/zakrasnejsivimperk.cz\/?p=143735","title":{"rendered":"JI\u017dN\u00cd \u010cECHY: Hejtmanka Ivana Str\u00e1sk\u00e1 ud\u011blila 13 plaket za p\u00e9\u010di Jiho\u010dech\u016f o v\u00e1le\u010dn\u00e9 hroby"},"content":{"rendered":"<p><img loading=\"lazy\" decoding=\"async\" class=\"aligncenter wp-image-143739 size-full\" src=\"http:\/\/zakrasnejsivimperk.cz\/wp-content\/uploads\/2018\/10\/23\/kraj-pam\u011btn\u00ed-medaile-v\u00e1le\u010dn\u00e9-hroby-2.jpg\" alt=\"\" width=\"1021\" height=\"891\" srcset=\"https:\/\/zakrasnejsivimperk.cz\/wp-content\/uploads\/2018\/10\/23\/kraj-pam\u011btn\u00ed-medaile-v\u00e1le\u010dn\u00e9-hroby-2.jpg 1021w, https:\/\/zakrasnejsivimperk.cz\/wp-content\/uploads\/2018\/10\/23\/kraj-pam\u011btn\u00ed-medaile-v\u00e1le\u010dn\u00e9-hroby-2-300x262.jpg 300w, https:\/\/zakrasnejsivimperk.cz\/wp-content\/uploads\/2018\/10\/23\/kraj-pam\u011btn\u00ed-medaile-v\u00e1le\u010dn\u00e9-hroby-2-768x670.jpg 768w, https:\/\/zakrasnejsivimperk.cz\/wp-content\/uploads\/2018\/10\/23\/kraj-pam\u011btn\u00ed-medaile-v\u00e1le\u010dn\u00e9-hroby-2-409x357.jpg 409w, https:\/\/zakrasnejsivimperk.cz\/wp-content\/uploads\/2018\/10\/23\/kraj-pam\u011btn\u00ed-medaile-v\u00e1le\u010dn\u00e9-hroby-2-553x483.jpg 553w\" sizes=\"(max-width: 1021px) 100vw, 1021px\" \/><\/p>\n<p>&nbsp;<\/p>\n<h6>T\u0159in\u00e1ct plaket, coby ocen\u011bn\u00ed za p\u00e9\u010di o v\u00e1le\u010dn\u00e9 hroby a pam\u011btn\u00ed m\u00edsta na jihu \u010cech, p\u0159edala hejtmanka Ivana Str\u00e1sk\u00e1. Ji\u017e tradi\u010dn\u011b j\u00ed u toho asistoval Imrich Vetr\u00e1k z odboru pro v\u00e1le\u010dn\u00e9 veter\u00e1ny Ministerstva obrany \u010cesk\u00e9 republiky.<\/h6>\n<p><img loading=\"lazy\" decoding=\"async\" class=\"size-medium wp-image-92309 alignright\" src=\"http:\/\/zakrasnejsivimperk.cz\/wp-content\/uploads\/2017\/02\/09\/jiho\u010desk\u00fd-kraj3-300x161.jpg\" alt=\"\" width=\"300\" height=\"161\" srcset=\"https:\/\/zakrasnejsivimperk.cz\/wp-content\/uploads\/2017\/02\/09\/jiho\u010desk\u00fd-kraj3-300x161.jpg 300w, https:\/\/zakrasnejsivimperk.cz\/wp-content\/uploads\/2017\/02\/09\/jiho\u010desk\u00fd-kraj3-768x412.jpg 768w, https:\/\/zakrasnejsivimperk.cz\/wp-content\/uploads\/2017\/02\/09\/jiho\u010desk\u00fd-kraj3-665x357.jpg 665w, https:\/\/zakrasnejsivimperk.cz\/wp-content\/uploads\/2017\/02\/09\/jiho\u010desk\u00fd-kraj3-899x483.jpg 899w, https:\/\/zakrasnejsivimperk.cz\/wp-content\/uploads\/2017\/02\/09\/jiho\u010desk\u00fd-kraj3.jpg 1000w\" sizes=\"(max-width: 300px) 100vw, 300px\" \/>Plaketu obdr\u017eeli z\u00e1stupci dev\u00edti m\u011bst a obc\u00ed a \u010dty\u0159i konkr\u00e9tn\u00ed osoby.<em> \u201eJsem r\u00e1da, \u017ee se pr\u00e1v\u011b vy takto p\u0159\u00edkladn\u011b star\u00e1te o tato pietn\u00ed m\u00edsta a cht\u011bla bych v\u00e1m za to jm\u00e9nem kraje pod\u011bkovat,\u201c<\/em> uvedla Str\u00e1sk\u00e1.<\/p>\n<p>Podle hejtmanky je d\u016fle\u017eit\u00e9 si uv\u011bdomovat a neust\u00e1le p\u0159ipom\u00ednat odkaz t\u011bch osob, jejich\u017e jm\u00e9na pr\u00e1v\u011b tyto n\u00e1hrobky nesou. \u201e<em>Nejde toti\u017e jen o ten pomn\u00edk, ale o tu vzpom\u00ednku samotnou. Na\u0161e zem\u011b je toti\u017e d\u011bdictv\u00edm na\u0161ich p\u0159edk\u016f a my bychom si ho m\u011bli nejen v\u00e1\u017eit, ale i uchov\u00e1vat pro budou generace,\u201c<\/em> uzav\u0159ela Str\u00e1sk\u00e1.<\/p>\n<h6><strong>Ocen\u011bn\u00ed plaketou<\/strong><\/h6>\n<p><strong>*M\u011bsto P\u00edsek &#8211;<\/strong> za celkovou rekonstrukci a restaurov\u00e1n\u00ed Pomn\u00edku padl\u00fdm u Melegnana a Solferina roku 1859<\/p>\n<p><strong>*Obec Hat\u00edn<\/strong> &#8211; za trvalou a vzornou p\u00e9\u010di o Pomn\u00edk padl\u00fdm v 1. sv\u011btov\u00e9 v\u00e1lce<\/p>\n<p><strong>*Obec Bedn\u00e1rec \u2013<\/strong> za vzornou p\u00e9\u010di a celkovou rekonstrukci Pomn\u00edku padl\u00fdm v 1. sv\u011btov\u00e9 v\u00e1lce<\/p>\n<p><strong>*M\u011bsto Kaplice \u2013<\/strong> za vzornou p\u00e9\u010di a celkovou rekonstrukci pomn\u00edk\u016f padl\u00fdm ve sv\u011btov\u00fdch v\u00e1lk\u00e1ch ve spr\u00e1vn\u00edm obvodu m\u011bsta Kaplice a za finan\u010dn\u00ed podporu projektu obnovy pomn\u00edku 91. p\u011b\u0161\u00edho regimentu z \u010cesk\u00fdch Bud\u011bjovic v lokalit\u011b Mrzli Vrh, Slovinsko.<\/p>\n<p><strong>*Pan\u00ed Jitka \u010campulov\u00e1 &#8211;<\/strong> za celo\u017eivotn\u00ed v\u00fdznamn\u00fd p\u0159\u00ednos v p\u00e9\u010di, \u00fadr\u017eb\u011b a \u00faprav\u011b v\u00e1le\u010dn\u00fdch hrob\u016f z obdob\u00ed 1. a 2. sv\u011btov\u00e9 v\u00e1lky v Kaplici a za \u010dinnost v \u010cesk\u00e9m svazu bojovn\u00edk\u016f za svobodu<\/p>\n<p><strong>*Obec T\u0159ebohostice &#8211;<\/strong> za vybudov\u00e1n\u00ed Pomn\u00edku ob\u011btem 1. sv\u011btov\u00e9 v\u00e1lky<\/p>\n<p><strong>*Obec Novosedly (okres Strakonice) &#8211;<\/strong> za vzornou p\u00e9\u010di a celkovou rekonstrukci Pomn\u00edku padl\u00fdm v 1. sv\u011btov\u00e9 v\u00e1lce<\/p>\n<p><strong>*Obec Litochovice &#8211;<\/strong> za vzornou p\u00e9\u010di a celkovou rekonstrukci Pomn\u00edku padl\u00fdm v 1. sv\u011btov\u00e9 v\u00e1lce<\/p>\n<p><strong>*Obec Doubravice<\/strong> &#8211; za vzornou p\u00e9\u010di a celkovou rekonstrukci Pomn\u00edku padl\u00fdm v 1. sv\u011btov\u00e9 v\u00e1lce<\/p>\n<p><strong>*Obec Malenice<\/strong> &#8211; za vzornou p\u00e9\u010di a celkovou rekonstrukci Pomn\u00edku padl\u00fdm ve sv\u011btov\u00fdch v\u00e1lk\u00e1ch<\/p>\n<p><strong>*Pan Milan Smol\u00edk &#8211;<\/strong> za trvalou a vzornou p\u00e9\u010di o pietn\u00ed m\u00edsto v\u011bnovan\u00e9 panu Franti\u0161ku Divi\u0161ovi, kter\u00fd padl v 1. sv\u011btov\u00e9 v\u00e1lce<\/p>\n<p><strong>*Pan\u00ed Jaroslava Krejsov\u00e1 &#8211;<\/strong> za p\u0159\u00edkladnou a dlouholetou prezentaci historick\u00fdch ud\u00e1lost\u00ed spojen\u00fdch s osudy \u017een, je\u017e absolvovaly pochod smrti z Gr\u00fcnbergu do Volar v roce 1945<\/p>\n<p><strong>*Mgr. Zden\u011bk Krejsa, DiS. &#8211;<\/strong> za p\u0159\u00edkladnou a dlouholetou prezentaci historick\u00fdch ud\u00e1lost\u00ed spojen\u00fdch s osudy \u017een, je\u017e absolvovaly pochod smrti z Gr\u00fcnbergu do Volar v roce 1945<\/p>\n<p><strong>Text a foto: (tzj\u010d)<\/strong><\/p>\n<p>&nbsp;<\/p>\n<p><img loading=\"lazy\" decoding=\"async\" class=\"aligncenter wp-image-143740 size-full\" src=\"http:\/\/zakrasnejsivimperk.cz\/wp-content\/uploads\/2018\/10\/23\/kraj-pam\u011btn\u00ed-medaile-v\u00e1le\u010dn\u00e9-hroby-3.jpg\" alt=\"\" width=\"3275\" height=\"2028\" srcset=\"https:\/\/zakrasnejsivimperk.cz\/wp-content\/uploads\/2018\/10\/23\/kraj-pam\u011btn\u00ed-medaile-v\u00e1le\u010dn\u00e9-hroby-3.jpg 3275w, https:\/\/zakrasnejsivimperk.cz\/wp-content\/uploads\/2018\/10\/23\/kraj-pam\u011btn\u00ed-medaile-v\u00e1le\u010dn\u00e9-hroby-3-300x186.jpg 300w, https:\/\/zakrasnejsivimperk.cz\/wp-content\/uploads\/2018\/10\/23\/kraj-pam\u011btn\u00ed-medaile-v\u00e1le\u010dn\u00e9-hroby-3-768x476.jpg 768w, https:\/\/zakrasnejsivimperk.cz\/wp-content\/uploads\/2018\/10\/23\/kraj-pam\u011btn\u00ed-medaile-v\u00e1le\u010dn\u00e9-hroby-3-1024x634.jpg 1024w, https:\/\/zakrasnejsivimperk.cz\/wp-content\/uploads\/2018\/10\/23\/kraj-pam\u011btn\u00ed-medaile-v\u00e1le\u010dn\u00e9-hroby-3-577x357.jpg 577w, https:\/\/zakrasnejsivimperk.cz\/wp-content\/uploads\/2018\/10\/23\/kraj-pam\u011btn\u00ed-medaile-v\u00e1le\u010dn\u00e9-hroby-3-780x483.jpg 780w\" sizes=\"(max-width: 3275px) 100vw, 3275px\" \/><\/p>\n<p>&nbsp;<\/p>\n<p><img loading=\"lazy\" decoding=\"async\" class=\"aligncenter wp-image-143738 size-full\" src=\"http:\/\/zakrasnejsivimperk.cz\/wp-content\/uploads\/2018\/10\/23\/kraj-pam\u011btn\u00ed-medaile-v\u00e1le\u010dn\u00e9-hroby-1.jpg\" alt=\"\" width=\"2008\" height=\"2254\" srcset=\"https:\/\/zakrasnejsivimperk.cz\/wp-content\/uploads\/2018\/10\/23\/kraj-pam\u011btn\u00ed-medaile-v\u00e1le\u010dn\u00e9-hroby-1.jpg 2008w, https:\/\/zakrasnejsivimperk.cz\/wp-content\/uploads\/2018\/10\/23\/kraj-pam\u011btn\u00ed-medaile-v\u00e1le\u010dn\u00e9-hroby-1-267x300.jpg 267w, https:\/\/zakrasnejsivimperk.cz\/wp-content\/uploads\/2018\/10\/23\/kraj-pam\u011btn\u00ed-medaile-v\u00e1le\u010dn\u00e9-hroby-1-768x862.jpg 768w, https:\/\/zakrasnejsivimperk.cz\/wp-content\/uploads\/2018\/10\/23\/kraj-pam\u011btn\u00ed-medaile-v\u00e1le\u010dn\u00e9-hroby-1-912x1024.jpg 912w, https:\/\/zakrasnejsivimperk.cz\/wp-content\/uploads\/2018\/10\/23\/kraj-pam\u011btn\u00ed-medaile-v\u00e1le\u010dn\u00e9-hroby-1-318x357.jpg 318w, https:\/\/zakrasnejsivimperk.cz\/wp-content\/uploads\/2018\/10\/23\/kraj-pam\u011btn\u00ed-medaile-v\u00e1le\u010dn\u00e9-hroby-1-430x483.jpg 430w\" sizes=\"(max-width: 2008px) 100vw, 2008px\" \/><\/p>\n<p>&nbsp;<\/p>\n<p><img loading=\"lazy\" decoding=\"async\" class=\"aligncenter wp-image-143751 size-full\" src=\"http:\/\/zakrasnejsivimperk.cz\/wp-content\/uploads\/2018\/10\/23\/ktraj-v\u00e1le\u010dn\u00e9-hroby-ocen\u011bn\u00ed-3-1.jpg\" alt=\"\" width=\"1963\" height=\"1679\" srcset=\"https:\/\/zakrasnejsivimperk.cz\/wp-content\/uploads\/2018\/10\/23\/ktraj-v\u00e1le\u010dn\u00e9-hroby-ocen\u011bn\u00ed-3-1.jpg 1963w, https:\/\/zakrasnejsivimperk.cz\/wp-content\/uploads\/2018\/10\/23\/ktraj-v\u00e1le\u010dn\u00e9-hroby-ocen\u011bn\u00ed-3-1-300x257.jpg 300w, https:\/\/zakrasnejsivimperk.cz\/wp-content\/uploads\/2018\/10\/23\/ktraj-v\u00e1le\u010dn\u00e9-hroby-ocen\u011bn\u00ed-3-1-768x657.jpg 768w, https:\/\/zakrasnejsivimperk.cz\/wp-content\/uploads\/2018\/10\/23\/ktraj-v\u00e1le\u010dn\u00e9-hroby-ocen\u011bn\u00ed-3-1-1024x876.jpg 1024w, https:\/\/zakrasnejsivimperk.cz\/wp-content\/uploads\/2018\/10\/23\/ktraj-v\u00e1le\u010dn\u00e9-hroby-ocen\u011bn\u00ed-3-1-417x357.jpg 417w, https:\/\/zakrasnejsivimperk.cz\/wp-content\/uploads\/2018\/10\/23\/ktraj-v\u00e1le\u010dn\u00e9-hroby-ocen\u011bn\u00ed-3-1-565x483.jpg 565w\" sizes=\"(max-width: 1963px) 100vw, 1963px\" \/><\/p>\n<p>&nbsp;<\/p>\n<p><img loading=\"lazy\" decoding=\"async\" class=\"aligncenter wp-image-143753 size-full\" src=\"http:\/\/zakrasnejsivimperk.cz\/wp-content\/uploads\/2018\/10\/23\/ktraj-v\u00e1le\u010dn\u00e9-hroby-ocen\u011bn\u00ed-2-2.jpg\" alt=\"\" width=\"1998\" height=\"1533\" srcset=\"https:\/\/zakrasnejsivimperk.cz\/wp-content\/uploads\/2018\/10\/23\/ktraj-v\u00e1le\u010dn\u00e9-hroby-ocen\u011bn\u00ed-2-2.jpg 1998w, https:\/\/zakrasnejsivimperk.cz\/wp-content\/uploads\/2018\/10\/23\/ktraj-v\u00e1le\u010dn\u00e9-hroby-ocen\u011bn\u00ed-2-2-300x230.jpg 300w, https:\/\/zakrasnejsivimperk.cz\/wp-content\/uploads\/2018\/10\/23\/ktraj-v\u00e1le\u010dn\u00e9-hroby-ocen\u011bn\u00ed-2-2-768x589.jpg 768w, https:\/\/zakrasnejsivimperk.cz\/wp-content\/uploads\/2018\/10\/23\/ktraj-v\u00e1le\u010dn\u00e9-hroby-ocen\u011bn\u00ed-2-2-1024x786.jpg 1024w, https:\/\/zakrasnejsivimperk.cz\/wp-content\/uploads\/2018\/10\/23\/ktraj-v\u00e1le\u010dn\u00e9-hroby-ocen\u011bn\u00ed-2-2-465x357.jpg 465w, https:\/\/zakrasnejsivimperk.cz\/wp-content\/uploads\/2018\/10\/23\/ktraj-v\u00e1le\u010dn\u00e9-hroby-ocen\u011bn\u00ed-2-2-630x483.jpg 630w\" sizes=\"(max-width: 1998px) 100vw, 1998px\" \/><\/p>\n<p>&nbsp;<\/p>\n<p><img loading=\"lazy\" decoding=\"async\" class=\"aligncenter wp-image-143754 size-full\" src=\"http:\/\/zakrasnejsivimperk.cz\/wp-content\/uploads\/2018\/10\/23\/ktraj-v\u00e1le\u010dn\u00e9-hroby-ocen\u011bn\u00ed-1-3.jpg\" alt=\"\" width=\"3092\" height=\"2257\" srcset=\"https:\/\/zakrasnejsivimperk.cz\/wp-content\/uploads\/2018\/10\/23\/ktraj-v\u00e1le\u010dn\u00e9-hroby-ocen\u011bn\u00ed-1-3.jpg 3092w, https:\/\/zakrasnejsivimperk.cz\/wp-content\/uploads\/2018\/10\/23\/ktraj-v\u00e1le\u010dn\u00e9-hroby-ocen\u011bn\u00ed-1-3-300x219.jpg 300w, https:\/\/zakrasnejsivimperk.cz\/wp-content\/uploads\/2018\/10\/23\/ktraj-v\u00e1le\u010dn\u00e9-hroby-ocen\u011bn\u00ed-1-3-768x561.jpg 768w, https:\/\/zakrasnejsivimperk.cz\/wp-content\/uploads\/2018\/10\/23\/ktraj-v\u00e1le\u010dn\u00e9-hroby-ocen\u011bn\u00ed-1-3-1024x747.jpg 1024w, https:\/\/zakrasnejsivimperk.cz\/wp-content\/uploads\/2018\/10\/23\/ktraj-v\u00e1le\u010dn\u00e9-hroby-ocen\u011bn\u00ed-1-3-489x357.jpg 489w, https:\/\/zakrasnejsivimperk.cz\/wp-content\/uploads\/2018\/10\/23\/ktraj-v\u00e1le\u010dn\u00e9-hroby-ocen\u011bn\u00ed-1-3-662x483.jpg 662w\" sizes=\"(max-width: 3092px) 100vw, 3092px\" \/><\/p>\n<p>&nbsp;<\/p>\n<p><img loading=\"lazy\" decoding=\"async\" class=\"aligncenter wp-image-143759 size-full\" src=\"http:\/\/zakrasnejsivimperk.cz\/wp-content\/uploads\/2018\/10\/23\/kraj-v\u00e1le\u010dn\u00e9-hroby-2-3.jpg\" alt=\"\" width=\"3244\" height=\"2638\" srcset=\"https:\/\/zakrasnejsivimperk.cz\/wp-content\/uploads\/2018\/10\/23\/kraj-v\u00e1le\u010dn\u00e9-hroby-2-3.jpg 3244w, https:\/\/zakrasnejsivimperk.cz\/wp-content\/uploads\/2018\/10\/23\/kraj-v\u00e1le\u010dn\u00e9-hroby-2-3-300x244.jpg 300w, https:\/\/zakrasnejsivimperk.cz\/wp-content\/uploads\/2018\/10\/23\/kraj-v\u00e1le\u010dn\u00e9-hroby-2-3-768x625.jpg 768w, https:\/\/zakrasnejsivimperk.cz\/wp-content\/uploads\/2018\/10\/23\/kraj-v\u00e1le\u010dn\u00e9-hroby-2-3-1024x833.jpg 1024w, https:\/\/zakrasnejsivimperk.cz\/wp-content\/uploads\/2018\/10\/23\/kraj-v\u00e1le\u010dn\u00e9-hroby-2-3-439x357.jpg 439w, https:\/\/zakrasnejsivimperk.cz\/wp-content\/uploads\/2018\/10\/23\/kraj-v\u00e1le\u010dn\u00e9-hroby-2-3-594x483.jpg 594w\" sizes=\"(max-width: 3244px) 100vw, 3244px\" \/><\/p>\n<p>&nbsp;<\/p>\n<p><img loading=\"lazy\" decoding=\"async\" class=\"aligncenter wp-image-143760 size-full\" src=\"http:\/\/zakrasnejsivimperk.cz\/wp-content\/uploads\/2018\/10\/23\/kraj-v\u00e1le\u010dn\u00e9-hroby-2-1-1.jpg\" alt=\"\" width=\"3694\" height=\"2107\" srcset=\"https:\/\/zakrasnejsivimperk.cz\/wp-content\/uploads\/2018\/10\/23\/kraj-v\u00e1le\u010dn\u00e9-hroby-2-1-1.jpg 3694w, https:\/\/zakrasnejsivimperk.cz\/wp-content\/uploads\/2018\/10\/23\/kraj-v\u00e1le\u010dn\u00e9-hroby-2-1-1-300x171.jpg 300w, https:\/\/zakrasnejsivimperk.cz\/wp-content\/uploads\/2018\/10\/23\/kraj-v\u00e1le\u010dn\u00e9-hroby-2-1-1-768x438.jpg 768w, https:\/\/zakrasnejsivimperk.cz\/wp-content\/uploads\/2018\/10\/23\/kraj-v\u00e1le\u010dn\u00e9-hroby-2-1-1-1024x584.jpg 1024w, https:\/\/zakrasnejsivimperk.cz\/wp-content\/uploads\/2018\/10\/23\/kraj-v\u00e1le\u010dn\u00e9-hroby-2-1-1-626x357.jpg 626w, https:\/\/zakrasnejsivimperk.cz\/wp-content\/uploads\/2018\/10\/23\/kraj-v\u00e1le\u010dn\u00e9-hroby-2-1-1-847x483.jpg 847w\" sizes=\"(max-width: 3694px) 100vw, 3694px\" \/><\/p>\n<p>&nbsp;<\/p>\n<p><img loading=\"lazy\" decoding=\"async\" class=\"aligncenter wp-image-143762 size-full\" src=\"http:\/\/zakrasnejsivimperk.cz\/wp-content\/uploads\/2018\/10\/23\/kraj-v\u00e1le\u010dn\u00e9-hroby-2-2-2.jpg\" alt=\"\" width=\"2784\" height=\"2237\" srcset=\"https:\/\/zakrasnejsivimperk.cz\/wp-content\/uploads\/2018\/10\/23\/kraj-v\u00e1le\u010dn\u00e9-hroby-2-2-2.jpg 2784w, https:\/\/zakrasnejsivimperk.cz\/wp-content\/uploads\/2018\/10\/23\/kraj-v\u00e1le\u010dn\u00e9-hroby-2-2-2-300x241.jpg 300w, https:\/\/zakrasnejsivimperk.cz\/wp-content\/uploads\/2018\/10\/23\/kraj-v\u00e1le\u010dn\u00e9-hroby-2-2-2-768x617.jpg 768w, https:\/\/zakrasnejsivimperk.cz\/wp-content\/uploads\/2018\/10\/23\/kraj-v\u00e1le\u010dn\u00e9-hroby-2-2-2-1024x823.jpg 1024w, https:\/\/zakrasnejsivimperk.cz\/wp-content\/uploads\/2018\/10\/23\/kraj-v\u00e1le\u010dn\u00e9-hroby-2-2-2-444x357.jpg 444w, https:\/\/zakrasnejsivimperk.cz\/wp-content\/uploads\/2018\/10\/23\/kraj-v\u00e1le\u010dn\u00e9-hroby-2-2-2-601x483.jpg 601w\" sizes=\"(max-width: 2784px) 100vw, 2784px\" \/><\/p>\n<p>&nbsp;<\/p>\n<p><img loading=\"lazy\" decoding=\"async\" class=\"aligncenter wp-image-143765 size-full\" src=\"http:\/\/zakrasnejsivimperk.cz\/wp-content\/uploads\/2018\/10\/23\/kraj-v\u00e1le\u010dn\u00e9-hroby-3-2.jpg\" alt=\"\" width=\"2426\" height=\"1806\" srcset=\"https:\/\/zakrasnejsivimperk.cz\/wp-content\/uploads\/2018\/10\/23\/kraj-v\u00e1le\u010dn\u00e9-hroby-3-2.jpg 2426w, https:\/\/zakrasnejsivimperk.cz\/wp-content\/uploads\/2018\/10\/23\/kraj-v\u00e1le\u010dn\u00e9-hroby-3-2-300x223.jpg 300w, https:\/\/zakrasnejsivimperk.cz\/wp-content\/uploads\/2018\/10\/23\/kraj-v\u00e1le\u010dn\u00e9-hroby-3-2-768x572.jpg 768w, https:\/\/zakrasnejsivimperk.cz\/wp-content\/uploads\/2018\/10\/23\/kraj-v\u00e1le\u010dn\u00e9-hroby-3-2-1024x762.jpg 1024w, https:\/\/zakrasnejsivimperk.cz\/wp-content\/uploads\/2018\/10\/23\/kraj-v\u00e1le\u010dn\u00e9-hroby-3-2-480x357.jpg 480w, https:\/\/zakrasnejsivimperk.cz\/wp-content\/uploads\/2018\/10\/23\/kraj-v\u00e1le\u010dn\u00e9-hroby-3-2-649x483.jpg 649w\" sizes=\"(max-width: 2426px) 100vw, 2426px\" \/><\/p>\n<p>&nbsp;<\/p>\n<p><img loading=\"lazy\" decoding=\"async\" class=\"aligncenter wp-image-143767 size-full\" src=\"http:\/\/zakrasnejsivimperk.cz\/wp-content\/uploads\/2018\/10\/23\/kraj-v\u00e1le\u010dn\u00e9-hroby-3-3-1.jpg\" alt=\"\" width=\"2055\" height=\"1969\" srcset=\"https:\/\/zakrasnejsivimperk.cz\/wp-content\/uploads\/2018\/10\/23\/kraj-v\u00e1le\u010dn\u00e9-hroby-3-3-1.jpg 2055w, https:\/\/zakrasnejsivimperk.cz\/wp-content\/uploads\/2018\/10\/23\/kraj-v\u00e1le\u010dn\u00e9-hroby-3-3-1-300x287.jpg 300w, https:\/\/zakrasnejsivimperk.cz\/wp-content\/uploads\/2018\/10\/23\/kraj-v\u00e1le\u010dn\u00e9-hroby-3-3-1-768x736.jpg 768w, https:\/\/zakrasnejsivimperk.cz\/wp-content\/uploads\/2018\/10\/23\/kraj-v\u00e1le\u010dn\u00e9-hroby-3-3-1-1024x981.jpg 1024w, https:\/\/zakrasnejsivimperk.cz\/wp-content\/uploads\/2018\/10\/23\/kraj-v\u00e1le\u010dn\u00e9-hroby-3-3-1-373x357.jpg 373w, https:\/\/zakrasnejsivimperk.cz\/wp-content\/uploads\/2018\/10\/23\/kraj-v\u00e1le\u010dn\u00e9-hroby-3-3-1-504x483.jpg 504w\" sizes=\"(max-width: 2055px) 100vw, 2055px\" \/><\/p>\n<p>&nbsp;<\/p>\n<p><img loading=\"lazy\" decoding=\"async\" class=\"aligncenter wp-image-143768 size-full\" src=\"http:\/\/zakrasnejsivimperk.cz\/wp-content\/uploads\/2018\/10\/23\/kraj-v\u00e1le\u010dn\u00e9-hroby-3-1-1.jpg\" alt=\"\" width=\"3354\" height=\"2143\" srcset=\"https:\/\/zakrasnejsivimperk.cz\/wp-content\/uploads\/2018\/10\/23\/kraj-v\u00e1le\u010dn\u00e9-hroby-3-1-1.jpg 3354w, https:\/\/zakrasnejsivimperk.cz\/wp-content\/uploads\/2018\/10\/23\/kraj-v\u00e1le\u010dn\u00e9-hroby-3-1-1-300x192.jpg 300w, https:\/\/zakrasnejsivimperk.cz\/wp-content\/uploads\/2018\/10\/23\/kraj-v\u00e1le\u010dn\u00e9-hroby-3-1-1-768x491.jpg 768w, https:\/\/zakrasnejsivimperk.cz\/wp-content\/uploads\/2018\/10\/23\/kraj-v\u00e1le\u010dn\u00e9-hroby-3-1-1-1024x654.jpg 1024w, https:\/\/zakrasnejsivimperk.cz\/wp-content\/uploads\/2018\/10\/23\/kraj-v\u00e1le\u010dn\u00e9-hroby-3-1-1-100x65.jpg 100w, https:\/\/zakrasnejsivimperk.cz\/wp-content\/uploads\/2018\/10\/23\/kraj-v\u00e1le\u010dn\u00e9-hroby-3-1-1-559x357.jpg 559w, https:\/\/zakrasnejsivimperk.cz\/wp-content\/uploads\/2018\/10\/23\/kraj-v\u00e1le\u010dn\u00e9-hroby-3-1-1-756x483.jpg 756w\" sizes=\"(max-width: 3354px) 100vw, 3354px\" \/><\/p>\n<p>&nbsp;<\/p>\n<p><img loading=\"lazy\" decoding=\"async\" class=\"aligncenter wp-image-143776 size-full\" src=\"http:\/\/zakrasnejsivimperk.cz\/wp-content\/uploads\/2018\/10\/23\/kraj-ocen\u011bn\u00ed-hroby-1-1.jpg\" alt=\"\" width=\"2642\" height=\"2131\" srcset=\"https:\/\/zakrasnejsivimperk.cz\/wp-content\/uploads\/2018\/10\/23\/kraj-ocen\u011bn\u00ed-hroby-1-1.jpg 2642w, https:\/\/zakrasnejsivimperk.cz\/wp-content\/uploads\/2018\/10\/23\/kraj-ocen\u011bn\u00ed-hroby-1-1-300x242.jpg 300w, https:\/\/zakrasnejsivimperk.cz\/wp-content\/uploads\/2018\/10\/23\/kraj-ocen\u011bn\u00ed-hroby-1-1-768x619.jpg 768w, https:\/\/zakrasnejsivimperk.cz\/wp-content\/uploads\/2018\/10\/23\/kraj-ocen\u011bn\u00ed-hroby-1-1-1024x826.jpg 1024w, https:\/\/zakrasnejsivimperk.cz\/wp-content\/uploads\/2018\/10\/23\/kraj-ocen\u011bn\u00ed-hroby-1-1-443x357.jpg 443w, https:\/\/zakrasnejsivimperk.cz\/wp-content\/uploads\/2018\/10\/23\/kraj-ocen\u011bn\u00ed-hroby-1-1-599x483.jpg 599w\" sizes=\"(max-width: 2642px) 100vw, 2642px\" \/><\/p>\n<p>&nbsp;<\/p>\n<p><img loading=\"lazy\" decoding=\"async\" class=\"aligncenter wp-image-143778 size-full\" src=\"http:\/\/zakrasnejsivimperk.cz\/wp-content\/uploads\/2018\/10\/23\/kraj-ocen\u011bn\u00ed-hroby-3-1.jpg\" alt=\"\" width=\"3251\" height=\"2486\" srcset=\"https:\/\/zakrasnejsivimperk.cz\/wp-content\/uploads\/2018\/10\/23\/kraj-ocen\u011bn\u00ed-hroby-3-1.jpg 3251w, https:\/\/zakrasnejsivimperk.cz\/wp-content\/uploads\/2018\/10\/23\/kraj-ocen\u011bn\u00ed-hroby-3-1-300x229.jpg 300w, https:\/\/zakrasnejsivimperk.cz\/wp-content\/uploads\/2018\/10\/23\/kraj-ocen\u011bn\u00ed-hroby-3-1-768x587.jpg 768w, https:\/\/zakrasnejsivimperk.cz\/wp-content\/uploads\/2018\/10\/23\/kraj-ocen\u011bn\u00ed-hroby-3-1-1024x783.jpg 1024w, https:\/\/zakrasnejsivimperk.cz\/wp-content\/uploads\/2018\/10\/23\/kraj-ocen\u011bn\u00ed-hroby-3-1-467x357.jpg 467w, https:\/\/zakrasnejsivimperk.cz\/wp-content\/uploads\/2018\/10\/23\/kraj-ocen\u011bn\u00ed-hroby-3-1-632x483.jpg 632w\" sizes=\"(max-width: 3251px) 100vw, 3251px\" \/><\/p>\n<p>&nbsp;<\/p>\n<p><img loading=\"lazy\" decoding=\"async\" class=\"aligncenter wp-image-143779 size-full\" src=\"http:\/\/zakrasnejsivimperk.cz\/wp-content\/uploads\/2018\/10\/23\/kraj-ocen\u011bn\u00ed-hroby-2-2.jpg\" alt=\"\" width=\"2890\" height=\"2170\" srcset=\"https:\/\/zakrasnejsivimperk.cz\/wp-content\/uploads\/2018\/10\/23\/kraj-ocen\u011bn\u00ed-hroby-2-2.jpg 2890w, https:\/\/zakrasnejsivimperk.cz\/wp-content\/uploads\/2018\/10\/23\/kraj-ocen\u011bn\u00ed-hroby-2-2-300x225.jpg 300w, https:\/\/zakrasnejsivimperk.cz\/wp-content\/uploads\/2018\/10\/23\/kraj-ocen\u011bn\u00ed-hroby-2-2-768x577.jpg 768w, https:\/\/zakrasnejsivimperk.cz\/wp-content\/uploads\/2018\/10\/23\/kraj-ocen\u011bn\u00ed-hroby-2-2-1024x769.jpg 1024w, https:\/\/zakrasnejsivimperk.cz\/wp-content\/uploads\/2018\/10\/23\/kraj-ocen\u011bn\u00ed-hroby-2-2-475x357.jpg 475w, https:\/\/zakrasnejsivimperk.cz\/wp-content\/uploads\/2018\/10\/23\/kraj-ocen\u011bn\u00ed-hroby-2-2-643x483.jpg 643w\" sizes=\"(max-width: 2890px) 100vw, 2890px\" \/><\/p>\n<p>&nbsp;<\/p>\n<p>&nbsp;<\/p>\n<p>&nbsp;<\/p>\n<p>&nbsp;<\/p>\n<p>&nbsp;<\/p>\n","protected":false},"excerpt":{"rendered":"<p>&nbsp; T\u0159in\u00e1ct <\/p>\n","protected":false},"author":2,"featured_media":143825,"comment_status":"open","ping_status":"open","sticky":false,"template":"","format":"gallery","meta":{"footnotes":""},"categories":[72],"tags":[],"jetpack_featured_media_url":"https:\/\/zakrasnejsivimperk.cz\/wp-content\/uploads\/2018\/10\/23\/r\u00e1me\u010dek-t\u0159in\u00e1ct-plaket.jpg","_links":{"self":[{"href":"https:\/\/zakrasnejsivimperk.cz\/index.php?rest_route=\/wp\/v2\/posts\/143735"}],"collection":[{"href":"https:\/\/zakrasnejsivimperk.cz\/index.php?rest_route=\/wp\/v2\/posts"}],"about":[{"href":"https:\/\/zakrasnejsivimperk.cz\/index.php?rest_route=\/wp\/v2\/types\/post"}],"author":[{"embeddable":true,"href":"https:\/\/zakrasnejsivimperk.cz\/index.php?rest_route=\/wp\/v2\/users\/2"}],"replies":[{"embeddable":true,"href":"https:\/\/zakrasnejsivimperk.cz\/index.php?rest_route=%2Fwp%2Fv2%2Fcomments&post=143735"}],"version-history":[{"count":7,"href":"https:\/\/zakrasnejsivimperk.cz\/index.php?rest_route=\/wp\/v2\/posts\/143735\/revisions"}],"predecessor-version":[{"id":143780,"href":"https:\/\/zakrasnejsivimperk.cz\/index.php?rest_route=\/wp\/v2\/posts\/143735\/revisions\/143780"}],"wp:featuredmedia":[{"embeddable":true,"href":"https:\/\/zakrasnejsivimperk.cz\/index.php?rest_route=\/wp\/v2\/media\/143825"}],"wp:attachment":[{"href":"https:\/\/zakrasnejsivimperk.cz\/index.php?rest_route=%2Fwp%2Fv2%2Fmedia&parent=143735"}],"wp:term":[{"taxonomy":"category","embeddable":true,"href":"https:\/\/zakrasnejsivimperk.cz\/index.php?rest_route=%2Fwp%2Fv2%2Fcategories&post=143735"},{"taxonomy":"post_tag","embeddable":true,"href":"https:\/\/zakrasnejsivimperk.cz\/index.php?rest_route=%2Fwp%2Fv2%2Ftags&post=143735"}],"curies":[{"name":"wp","href":"https:\/\/api.w.org\/{rel}","templated":true}]}}