{"id":143717,"date":"2018-10-30T16:25:05","date_gmt":"2018-10-30T15:25:05","guid":{"rendered":"http:\/\/zakrasnejsivimperk.cz\/?p=143717"},"modified":"2018-10-31T15:40:15","modified_gmt":"2018-10-31T14:40:15","slug":"jizni-cechy-nemocnice-ceske-budejovice-zahajila-stavbu-nove-pradelny","status":"publish","type":"post","link":"https:\/\/zakrasnejsivimperk.cz\/?p=143717","title":{"rendered":"JI\u017dN\u00cd \u010cECHY: Nemocnice \u010cesk\u00e9 Bud\u011bjovice zah\u00e1jila stavbu nov\u00e9 pr\u00e1delny"},"content":{"rendered":"<p><img loading=\"lazy\" decoding=\"async\" class=\"aligncenter wp-image-143718 size-full\" src=\"http:\/\/zakrasnejsivimperk.cz\/wp-content\/uploads\/2018\/10\/23\/nem-cb-pradelna.jpeg\" alt=\"\" width=\"800\" height=\"533\" srcset=\"https:\/\/zakrasnejsivimperk.cz\/wp-content\/uploads\/2018\/10\/23\/nem-cb-pradelna.jpeg 800w, https:\/\/zakrasnejsivimperk.cz\/wp-content\/uploads\/2018\/10\/23\/nem-cb-pradelna-300x200.jpeg 300w, https:\/\/zakrasnejsivimperk.cz\/wp-content\/uploads\/2018\/10\/23\/nem-cb-pradelna-768x512.jpeg 768w, https:\/\/zakrasnejsivimperk.cz\/wp-content\/uploads\/2018\/10\/23\/nem-cb-pradelna-536x357.jpeg 536w, https:\/\/zakrasnejsivimperk.cz\/wp-content\/uploads\/2018\/10\/23\/nem-cb-pradelna-725x483.jpeg 725w\" sizes=\"(max-width: 800px) 100vw, 800px\" \/><\/p>\n<p>&nbsp;<\/p>\n<h6>Nemocnice \u010cesk\u00e9 Bud\u011bjovice zah\u00e1jila stavbu nov\u00e9 pr\u00e1delny, kter\u00e1 by m\u011bla b\u00fdt v prostor\u00e1ch za technick\u00fdm vjezdem do horn\u00edho are\u00e1lu dokon\u010dena za osm m\u011bs\u00edc\u016f.\u00a0V\u00fdstavba bude st\u00e1t necel\u00fdch 78 milion\u016f korun bez DPH. V\u00fdhodou bude v\u011bt\u0161\u00ed prostor ve vlastn\u00ed pr\u00e1deln\u011b, co\u017e umo\u017en\u00ed jej\u00ed vybaven\u00ed dal\u0161\u00ed technologi\u00ed pot\u0159ebnou zejm\u00e9na pro zkvalitn\u011bn\u00ed \u017eehlen\u00ed od\u011bv\u016f, ale i po\u0159\u00edzen\u00ed men\u0161\u00edch prokl\u00e1dac\u00edch pra\u010dek pro pran\u00ed m\u00e9n\u011b \u010dasto pou\u017e\u00edvan\u00fdch typ\u016f pr\u00e1dla. Zv\u011bt\u0161\u00ed se i prostory pro skladov\u00e1n\u00ed z\u00e1lo\u017en\u00edho pr\u00e1dla.<\/h6>\n<p><img loading=\"lazy\" decoding=\"async\" class=\"size-medium wp-image-142732 alignright\" src=\"http:\/\/zakrasnejsivimperk.cz\/wp-content\/uploads\/2018\/10\/11\/nemocnice-cb-logo-300x73.jpg\" alt=\"\" width=\"300\" height=\"73\" srcset=\"https:\/\/zakrasnejsivimperk.cz\/wp-content\/uploads\/2018\/10\/11\/nemocnice-cb-logo-300x73.jpg 300w, https:\/\/zakrasnejsivimperk.cz\/wp-content\/uploads\/2018\/10\/11\/nemocnice-cb-logo-768x186.jpg 768w, https:\/\/zakrasnejsivimperk.cz\/wp-content\/uploads\/2018\/10\/11\/nemocnice-cb-logo-1024x247.jpg 1024w, https:\/\/zakrasnejsivimperk.cz\/wp-content\/uploads\/2018\/10\/11\/nemocnice-cb-logo-1477x357.jpg 1477w, https:\/\/zakrasnejsivimperk.cz\/wp-content\/uploads\/2018\/10\/11\/nemocnice-cb-logo.jpg 1502w\" sizes=\"(max-width: 300px) 100vw, 300px\" \/>Nov\u00e1 pr\u00e1delna z\u00e1rove\u0148 zv\u00fd\u0161\u00ed zaji\u0161t\u011bn\u00ed pln\u011bn\u00ed hygienick\u00fdch po\u017eadavk\u016f na pran\u00ed (d\u016fsledn\u011bj\u0161\u00ed odd\u011blen\u00ed \u010dist\u00e9 a \u0161pinav\u00e9 \u010d\u00e1sti pr\u00e1delny s\u00a0p\u0159evl\u00e9kac\u00edmi filtry mezi nimi) a lep\u0161\u00ed bude i \u0159e\u0161en\u00ed p\u0159iv\u00e1\u017een\u00ed a odv\u00e1\u017een\u00ed pr\u00e1dla v\u010detn\u011b dobr\u00e9 ergonomie provozu uvnit\u0159 pr\u00e1delny.<\/p>\n<p><em>\u201eD\u00edky pozornosti, kterou veden\u00ed nemocnice pr\u00e1deln\u011b v\u011bnuje, se da\u0159\u00ed obm\u011b\u0148ovat technologii pot\u0159ebnou pro cel\u00fd prac\u00ed proces, v\u00a0n\u00e1vaznosti na sou\u010dasn\u00e9 p\u0159\u00edsn\u00e9 legislativn\u00ed a hygienick\u00e9 po\u017eadavky. Odd\u011blen\u00ed obslu\u017en\u00fdch \u010dinnost\u00ed &#8211; pr\u00e1delensk\u00e9 slu\u017eby Nemocnice \u010cesk\u00e9 Bud\u011bjovice tak vyu\u017e\u00edv\u00e1\u00a0nejmodern\u011bj\u0161\u00ed techniku, kter\u00e1 je z\u00e1rukou ekonomick\u00e9ho a hygienicky nez\u00e1vadn\u00e9ho provozu p\u0159i respektov\u00e1n\u00ed a dodr\u017een\u00ed ve\u0161ker\u00fdch bezpe\u010dnostn\u00edch a ekologick\u00fdch p\u0159edpis\u016f,\u201c\u00a0<\/em>\u0159\u00edk\u00e1 vedouc\u00ed odd\u011blen\u00ed obslu\u017en\u00fdch \u010dinnost\u00ed Zden\u011bk Marc\u00edn.\u00a0<em>\u201eSt\u00e1vaj\u00edc\u00ed budova ji\u017e nen\u00ed schopn\u00e1 dal\u0161\u00edm po\u017eadavk\u016fm na instalaci modern\u00edch prac\u00edch a \u017eehl\u00edc\u00edch stroj\u016f vyhov\u011bt. A pr\u00e1v\u011b z\u00a0tohoto d\u016fvodu se dne\u0161n\u00edm dnem za\u010dne budovat objekt, kter\u00fd ji\u017e od studi\u00ed vlastn\u00edho projektu bere z\u0159etel na modern\u00ed pojet\u00ed pr\u00e1delensk\u00e9ho provozu a adekv\u00e1tn\u011b odpov\u00edd\u00e1 pot\u0159eb\u00e1m na kvalitu zpracov\u00e1n\u00ed pr\u00e1dla sou\u010dasn\u00e9 Nemocnice \u010cesk\u00e9 Bud\u011bjovice,\u201c <\/em>dod\u00e1v\u00e1.<\/p>\n<p><strong>Text a foto: (tznem)<\/strong><\/p>\n<p>&nbsp;<\/p>\n<p>&nbsp;<\/p>\n<p>&nbsp;<\/p>\n<p>&nbsp;<\/p>\n","protected":false},"excerpt":{"rendered":"<p>&nbsp; Nemocnice <\/p>\n","protected":false},"author":2,"featured_media":144240,"comment_status":"open","ping_status":"open","sticky":false,"template":"","format":"gallery","meta":{"footnotes":""},"categories":[72],"tags":[],"jetpack_featured_media_url":"https:\/\/zakrasnejsivimperk.cz\/wp-content\/uploads\/2018\/10\/30\/r\u00e1me\u010dek-nov\u00e1-pr\u00e1delna.jpg","_links":{"self":[{"href":"https:\/\/zakrasnejsivimperk.cz\/index.php?rest_route=\/wp\/v2\/posts\/143717"}],"collection":[{"href":"https:\/\/zakrasnejsivimperk.cz\/index.php?rest_route=\/wp\/v2\/posts"}],"about":[{"href":"https:\/\/zakrasnejsivimperk.cz\/index.php?rest_route=\/wp\/v2\/types\/post"}],"author":[{"embeddable":true,"href":"https:\/\/zakrasnejsivimperk.cz\/index.php?rest_route=\/wp\/v2\/users\/2"}],"replies":[{"embeddable":true,"href":"https:\/\/zakrasnejsivimperk.cz\/index.php?rest_route=%2Fwp%2Fv2%2Fcomments&post=143717"}],"version-history":[{"count":3,"href":"https:\/\/zakrasnejsivimperk.cz\/index.php?rest_route=\/wp\/v2\/posts\/143717\/revisions"}],"predecessor-version":[{"id":144244,"href":"https:\/\/zakrasnejsivimperk.cz\/index.php?rest_route=\/wp\/v2\/posts\/143717\/revisions\/144244"}],"wp:featuredmedia":[{"embeddable":true,"href":"https:\/\/zakrasnejsivimperk.cz\/index.php?rest_route=\/wp\/v2\/media\/144240"}],"wp:attachment":[{"href":"https:\/\/zakrasnejsivimperk.cz\/index.php?rest_route=%2Fwp%2Fv2%2Fmedia&parent=143717"}],"wp:term":[{"taxonomy":"category","embeddable":true,"href":"https:\/\/zakrasnejsivimperk.cz\/index.php?rest_route=%2Fwp%2Fv2%2Fcategories&post=143717"},{"taxonomy":"post_tag","embeddable":true,"href":"https:\/\/zakrasnejsivimperk.cz\/index.php?rest_route=%2Fwp%2Fv2%2Ftags&post=143717"}],"curies":[{"name":"wp","href":"https:\/\/api.w.org\/{rel}","templated":true}]}}