{"id":143657,"date":"2018-10-23T13:32:52","date_gmt":"2018-10-23T12:32:52","guid":{"rendered":"http:\/\/zakrasnejsivimperk.cz\/?p=143657"},"modified":"2018-10-24T14:02:12","modified_gmt":"2018-10-24T13:02:12","slug":"jizni-cechy-hejtmance-ivane-straske-a-vedouci-krizoveho-rizeni-kraje-marte-spalenkove-udelil-reditel-jihoceskych-hasicu-bures-medaili-za-dlouhodobou-podporu-pozarniho-sboru","status":"publish","type":"post","link":"https:\/\/zakrasnejsivimperk.cz\/?p=143657","title":{"rendered":"JI\u017dN\u00cd \u010cECHY: Hejtmance Ivan\u011b Str\u00e1sk\u00e9 a vedouc\u00ed krizov\u00e9ho \u0159\u00edzen\u00ed kraje Mart\u011b Sp\u00e1lenkov\u00e9 ud\u011blil \u0159editel jiho\u010desk\u00fdch hasi\u010d\u016f Bure\u0161 medaili za dlouhodobou podporu po\u017e\u00e1rn\u00edho sboru"},"content":{"rendered":"<p><img loading=\"lazy\" decoding=\"async\" class=\"aligncenter wp-image-143658 size-full\" src=\"http:\/\/zakrasnejsivimperk.cz\/wp-content\/uploads\/2018\/10\/22\/kraj-hasici-hejtmance-1.jpg\" alt=\"\" width=\"3573\" height=\"2283\" srcset=\"https:\/\/zakrasnejsivimperk.cz\/wp-content\/uploads\/2018\/10\/22\/kraj-hasici-hejtmance-1.jpg 3573w, https:\/\/zakrasnejsivimperk.cz\/wp-content\/uploads\/2018\/10\/22\/kraj-hasici-hejtmance-1-300x192.jpg 300w, https:\/\/zakrasnejsivimperk.cz\/wp-content\/uploads\/2018\/10\/22\/kraj-hasici-hejtmance-1-768x491.jpg 768w, https:\/\/zakrasnejsivimperk.cz\/wp-content\/uploads\/2018\/10\/22\/kraj-hasici-hejtmance-1-1024x654.jpg 1024w, https:\/\/zakrasnejsivimperk.cz\/wp-content\/uploads\/2018\/10\/22\/kraj-hasici-hejtmance-1-100x65.jpg 100w, https:\/\/zakrasnejsivimperk.cz\/wp-content\/uploads\/2018\/10\/22\/kraj-hasici-hejtmance-1-559x357.jpg 559w, https:\/\/zakrasnejsivimperk.cz\/wp-content\/uploads\/2018\/10\/22\/kraj-hasici-hejtmance-1-756x483.jpg 756w\" sizes=\"(max-width: 3573px) 100vw, 3573px\" \/><\/p>\n<p>&nbsp;<\/p>\n<h6>Medaili Hasi\u010dsk\u00e9ho z\u00e1chrann\u00e9ho sboru Jiho\u010desk\u00e9ho kraje (HZS J\u010dK) za dlouhodobou podporu a skv\u011blou spolupr\u00e1ci obdr\u017eela hejtmanka Ivana Str\u00e1sk\u00e1 a vedouc\u00ed krizov\u00e9ho \u0159\u00edzen\u00ed kraje Marta Sp\u00e1lenkov\u00e1. P\u0159edal jim je \u0159editel HZS J\u010dK Lubom\u00edr Bure\u0161.<\/h6>\n<p><img loading=\"lazy\" decoding=\"async\" class=\"size-medium wp-image-92309 alignright\" src=\"http:\/\/zakrasnejsivimperk.cz\/wp-content\/uploads\/2017\/02\/09\/jiho\u010desk\u00fd-kraj3-300x161.jpg\" alt=\"\" width=\"300\" height=\"161\" srcset=\"https:\/\/zakrasnejsivimperk.cz\/wp-content\/uploads\/2017\/02\/09\/jiho\u010desk\u00fd-kraj3-300x161.jpg 300w, https:\/\/zakrasnejsivimperk.cz\/wp-content\/uploads\/2017\/02\/09\/jiho\u010desk\u00fd-kraj3-768x412.jpg 768w, https:\/\/zakrasnejsivimperk.cz\/wp-content\/uploads\/2017\/02\/09\/jiho\u010desk\u00fd-kraj3-665x357.jpg 665w, https:\/\/zakrasnejsivimperk.cz\/wp-content\/uploads\/2017\/02\/09\/jiho\u010desk\u00fd-kraj3-899x483.jpg 899w, https:\/\/zakrasnejsivimperk.cz\/wp-content\/uploads\/2017\/02\/09\/jiho\u010desk\u00fd-kraj3.jpg 1000w\" sizes=\"(max-width: 300px) 100vw, 300px\" \/>Stalo se tak v\u00a0T\u0159eboni v\u00a0r\u00e1mci slavnostn\u00edho ceremoni\u00e1lu, b\u011bhem kter\u00e9ho tradi\u010dn\u011b skl\u00e1dali slib nov\u00ed p\u0159\u00edslu\u0161n\u00edci HZS J\u010dK a jeho\u017e sou\u010d\u00e1st\u00ed bylo i ud\u00edlen\u00ed medail\u00ed Hasi\u010dsk\u00e9ho z\u00e1chrann\u00e9ho sboru \u010cesk\u00e9 republiky (HZS \u010cR) Za v\u011brnost II. a III. stupn\u011b. Ty jsou ud\u011blov\u00e1ny vybran\u00fdm p\u0159\u00edslu\u0161n\u00edk\u016fm u p\u0159\u00edle\u017eitosti st\u00e1tn\u00edho sv\u00e1tku Dne vzniku samostatn\u00e9ho \u010deskoslovensk\u00e9ho st\u00e1tu, jeho\u017e 100. v\u00fdro\u010d\u00ed si letos p\u0159ipom\u00edn\u00e1me.<\/p>\n<p><em>\u201ePan\u00ed hejtmanka i vedouc\u00ed krizov\u00e9ho odd\u011blen\u00ed se dlouhodob\u011b zasazuj\u00ed o podporu profesion\u00e1ln\u00edch i dobrovoln\u00fdch hasi\u010d\u016f. Z\u00e1rove\u0148 bych cht\u011bl vyzvednout i jejich vst\u0159\u00edcnost a spolupr\u00e1ci p\u0159i \u0159e\u0161en\u00ed mimo\u0159\u00e1dn\u00fdch ud\u00e1lost\u00ed \u010di aktivn\u00ed p\u0159\u00edstup kraje k\u00a0problematice po\u017e\u00e1rn\u00ed ochrany, \u010d\u00edm\u017e m\u00e1m na mysli nap\u0159\u00edklad pomoc p\u0159i zav\u00e1d\u011bn\u00ed kvalitn\u00edho telekomunika\u010dn\u00edho spojen\u00ed \u010di defibril\u00e1tor\u016f. A v\u00a0neposledn\u00ed \u0159ad\u011b bych cht\u011bl kraji vyj\u00e1d\u0159it i pod\u011bkov\u00e1n\u00ed za finan\u010dn\u00ed podporu,\u201c<\/em> zd\u016fraznil Bure\u0161.<\/p>\n<p>Str\u00e1sk\u00e1 uvedla, \u017ee si ocen\u011bn\u00ed velice v\u00e1\u017e\u00ed. <em>\u201eProfesion\u00e1ln\u00ed i dobrovoln\u00ed hasi\u010di ned\u00edln\u011b pat\u0159\u00ed k\u00a0slo\u017ek\u00e1m integrovan\u00e9ho z\u00e1chrann\u00e9ho syst\u00e9mu, kter\u00fd pom\u00e1h\u00e1 lidem \u0159e\u0161it krizov\u00e9 situace nejen p\u0159i po\u017e\u00e1rech, ale i p\u0159i \u017eiveln\u00edch pohrom\u00e1ch nebo hav\u00e1ri\u00edch na silnic\u00edch. Mohou proto ze strany kraje po\u010d\u00edtat v\u017edy s\u00a0pomocnou rukou,\u201c<\/em> dodala hejtmanka. Podobn\u011b pak tuto skute\u010dnost kvitovala i Sp\u00e1lenkov\u00e1.<\/p>\n<p>Mezi \u0161estic\u00ed hasi\u010dsk\u00fdch novic\u016f, kte\u0159\u00ed v\u00a0T\u0159eboni slo\u017eili slavnostn\u00ed slib, byl i osmadvacetilet\u00fd Du\u0161an Jakovljevi\u010d. <em>\u201ePr\u00e1ce u hasi\u010d\u016f m\u011b zaj\u00edmala u\u017e od d\u011btstv\u00ed a prakticky jsem si tak splnil sv\u016fj \u017eivotn\u00ed sen. Spojuj\u00ed se tu m\u00e9 z\u00e1liby, jako jsou sport i technika, a nav\u00edc to m\u00e1 ur\u010dit\u011b i velk\u00fd v\u00fdznam pro spole\u010dnost, co\u017e je super,<\/em>\u201c \u0159ekl Jakovljevi\u010d, kter\u00fd ji\u017e moment\u00e1ln\u011b slou\u017e\u00ed na pos\u00e1dce v\u00a0\u010cesk\u00fdch Bud\u011bjovic\u00edch.<\/p>\n<p>Medaile (HZS \u010cR) Za v\u011brnost II. a III. stupn\u011b z\u00edskalo 25 hasi\u010d\u016f a dal\u0161\u00edch 13 osobnost\u00ed si odneslo medaile HZS J\u010dK. Byl mezi nimi nap\u0159\u00edklad i \u0159editel jiho\u010desk\u00e9 policie Lud\u011bk Proch\u00e1zka.<\/p>\n<p><strong>Text a foto: (tzj\u010d)<\/strong><\/p>\n<div id='gallery-1' class='gallery galleryid-143657 gallery-columns-3 gallery-size-medium'><figure class='gallery-item'>\n\t\t\t<div class='gallery-icon landscape'>\n\t\t\t\t<a href='https:\/\/zakrasnejsivimperk.cz\/?attachment_id=143667'><img loading=\"lazy\" decoding=\"async\" width=\"300\" height=\"137\" src=\"https:\/\/zakrasnejsivimperk.cz\/wp-content\/uploads\/2018\/10\/22\/kraj-hasici-hejtmance-7-1-300x137.jpg\" class=\"attachment-medium size-medium\" alt=\"\" srcset=\"https:\/\/zakrasnejsivimperk.cz\/wp-content\/uploads\/2018\/10\/22\/kraj-hasici-hejtmance-7-1-300x137.jpg 300w, https:\/\/zakrasnejsivimperk.cz\/wp-content\/uploads\/2018\/10\/22\/kraj-hasici-hejtmance-7-1-768x349.jpg 768w, https:\/\/zakrasnejsivimperk.cz\/wp-content\/uploads\/2018\/10\/22\/kraj-hasici-hejtmance-7-1-1024x466.jpg 1024w, https:\/\/zakrasnejsivimperk.cz\/wp-content\/uploads\/2018\/10\/22\/kraj-hasici-hejtmance-7-1-784x357.jpg 784w, https:\/\/zakrasnejsivimperk.cz\/wp-content\/uploads\/2018\/10\/22\/kraj-hasici-hejtmance-7-1-1061x483.jpg 1061w\" sizes=\"(max-width: 300px) 100vw, 300px\" \/><\/a>\n\t\t\t<\/div><\/figure><figure class='gallery-item'>\n\t\t\t<div class='gallery-icon landscape'>\n\t\t\t\t<a href='https:\/\/zakrasnejsivimperk.cz\/?attachment_id=143668'><img loading=\"lazy\" decoding=\"async\" width=\"300\" height=\"217\" src=\"https:\/\/zakrasnejsivimperk.cz\/wp-content\/uploads\/2018\/10\/22\/kraj-hasici-hejtmance-3-1-300x217.jpg\" class=\"attachment-medium size-medium\" alt=\"\" srcset=\"https:\/\/zakrasnejsivimperk.cz\/wp-content\/uploads\/2018\/10\/22\/kraj-hasici-hejtmance-3-1-300x217.jpg 300w, https:\/\/zakrasnejsivimperk.cz\/wp-content\/uploads\/2018\/10\/22\/kraj-hasici-hejtmance-3-1-768x554.jpg 768w, https:\/\/zakrasnejsivimperk.cz\/wp-content\/uploads\/2018\/10\/22\/kraj-hasici-hejtmance-3-1-1024x739.jpg 1024w, https:\/\/zakrasnejsivimperk.cz\/wp-content\/uploads\/2018\/10\/22\/kraj-hasici-hejtmance-3-1-326x235.jpg 326w, https:\/\/zakrasnejsivimperk.cz\/wp-content\/uploads\/2018\/10\/22\/kraj-hasici-hejtmance-3-1-495x357.jpg 495w, https:\/\/zakrasnejsivimperk.cz\/wp-content\/uploads\/2018\/10\/22\/kraj-hasici-hejtmance-3-1-669x483.jpg 669w, https:\/\/zakrasnejsivimperk.cz\/wp-content\/uploads\/2018\/10\/22\/kraj-hasici-hejtmance-3-1-198x143.jpg 198w\" sizes=\"(max-width: 300px) 100vw, 300px\" \/><\/a>\n\t\t\t<\/div><\/figure><figure class='gallery-item'>\n\t\t\t<div class='gallery-icon landscape'>\n\t\t\t\t<a href='https:\/\/zakrasnejsivimperk.cz\/?attachment_id=143666'><img loading=\"lazy\" decoding=\"async\" width=\"300\" height=\"238\" src=\"https:\/\/zakrasnejsivimperk.cz\/wp-content\/uploads\/2018\/10\/22\/kraj-hasici-hejtmance-2-1-300x238.jpg\" class=\"attachment-medium size-medium\" alt=\"\" srcset=\"https:\/\/zakrasnejsivimperk.cz\/wp-content\/uploads\/2018\/10\/22\/kraj-hasici-hejtmance-2-1-300x238.jpg 300w, https:\/\/zakrasnejsivimperk.cz\/wp-content\/uploads\/2018\/10\/22\/kraj-hasici-hejtmance-2-1-768x609.jpg 768w, https:\/\/zakrasnejsivimperk.cz\/wp-content\/uploads\/2018\/10\/22\/kraj-hasici-hejtmance-2-1-1024x811.jpg 1024w, https:\/\/zakrasnejsivimperk.cz\/wp-content\/uploads\/2018\/10\/22\/kraj-hasici-hejtmance-2-1-451x357.jpg 451w, https:\/\/zakrasnejsivimperk.cz\/wp-content\/uploads\/2018\/10\/22\/kraj-hasici-hejtmance-2-1-610x483.jpg 610w\" sizes=\"(max-width: 300px) 100vw, 300px\" \/><\/a>\n\t\t\t<\/div><\/figure><figure class='gallery-item'>\n\t\t\t<div class='gallery-icon landscape'>\n\t\t\t\t<a href='https:\/\/zakrasnejsivimperk.cz\/?attachment_id=143665'><img loading=\"lazy\" decoding=\"async\" width=\"300\" height=\"210\" src=\"https:\/\/zakrasnejsivimperk.cz\/wp-content\/uploads\/2018\/10\/22\/kraj-hasici-hejtmance-8-300x210.jpg\" class=\"attachment-medium size-medium\" alt=\"\" srcset=\"https:\/\/zakrasnejsivimperk.cz\/wp-content\/uploads\/2018\/10\/22\/kraj-hasici-hejtmance-8-300x210.jpg 300w, https:\/\/zakrasnejsivimperk.cz\/wp-content\/uploads\/2018\/10\/22\/kraj-hasici-hejtmance-8-768x538.jpg 768w, https:\/\/zakrasnejsivimperk.cz\/wp-content\/uploads\/2018\/10\/22\/kraj-hasici-hejtmance-8-1024x718.jpg 1024w, https:\/\/zakrasnejsivimperk.cz\/wp-content\/uploads\/2018\/10\/22\/kraj-hasici-hejtmance-8-509x357.jpg 509w, https:\/\/zakrasnejsivimperk.cz\/wp-content\/uploads\/2018\/10\/22\/kraj-hasici-hejtmance-8-689x483.jpg 689w\" sizes=\"(max-width: 300px) 100vw, 300px\" \/><\/a>\n\t\t\t<\/div><\/figure><figure class='gallery-item'>\n\t\t\t<div class='gallery-icon landscape'>\n\t\t\t\t<a href='https:\/\/zakrasnejsivimperk.cz\/?attachment_id=143663'><img loading=\"lazy\" decoding=\"async\" width=\"300\" height=\"213\" src=\"https:\/\/zakrasnejsivimperk.cz\/wp-content\/uploads\/2018\/10\/22\/kraj-hasici-hejtmance-6-300x213.jpg\" class=\"attachment-medium size-medium\" alt=\"\" srcset=\"https:\/\/zakrasnejsivimperk.cz\/wp-content\/uploads\/2018\/10\/22\/kraj-hasici-hejtmance-6-300x213.jpg 300w, https:\/\/zakrasnejsivimperk.cz\/wp-content\/uploads\/2018\/10\/22\/kraj-hasici-hejtmance-6-768x546.jpg 768w, https:\/\/zakrasnejsivimperk.cz\/wp-content\/uploads\/2018\/10\/22\/kraj-hasici-hejtmance-6-1024x728.jpg 1024w, https:\/\/zakrasnejsivimperk.cz\/wp-content\/uploads\/2018\/10\/22\/kraj-hasici-hejtmance-6-502x357.jpg 502w, https:\/\/zakrasnejsivimperk.cz\/wp-content\/uploads\/2018\/10\/22\/kraj-hasici-hejtmance-6-679x483.jpg 679w\" sizes=\"(max-width: 300px) 100vw, 300px\" \/><\/a>\n\t\t\t<\/div><\/figure><figure class='gallery-item'>\n\t\t\t<div class='gallery-icon landscape'>\n\t\t\t\t<a href='https:\/\/zakrasnejsivimperk.cz\/?attachment_id=143662'><img loading=\"lazy\" decoding=\"async\" width=\"300\" height=\"270\" src=\"https:\/\/zakrasnejsivimperk.cz\/wp-content\/uploads\/2018\/10\/22\/kraj-hasici-hejtmance-5-300x270.jpg\" class=\"attachment-medium size-medium\" alt=\"\" srcset=\"https:\/\/zakrasnejsivimperk.cz\/wp-content\/uploads\/2018\/10\/22\/kraj-hasici-hejtmance-5-300x270.jpg 300w, https:\/\/zakrasnejsivimperk.cz\/wp-content\/uploads\/2018\/10\/22\/kraj-hasici-hejtmance-5-768x692.jpg 768w, https:\/\/zakrasnejsivimperk.cz\/wp-content\/uploads\/2018\/10\/22\/kraj-hasici-hejtmance-5-1024x923.jpg 1024w, https:\/\/zakrasnejsivimperk.cz\/wp-content\/uploads\/2018\/10\/22\/kraj-hasici-hejtmance-5-396x357.jpg 396w, https:\/\/zakrasnejsivimperk.cz\/wp-content\/uploads\/2018\/10\/22\/kraj-hasici-hejtmance-5-536x483.jpg 536w\" sizes=\"(max-width: 300px) 100vw, 300px\" \/><\/a>\n\t\t\t<\/div><\/figure><figure class='gallery-item'>\n\t\t\t<div class='gallery-icon landscape'>\n\t\t\t\t<a href='https:\/\/zakrasnejsivimperk.cz\/?attachment_id=143661'><img loading=\"lazy\" decoding=\"async\" width=\"300\" height=\"246\" src=\"https:\/\/zakrasnejsivimperk.cz\/wp-content\/uploads\/2018\/10\/22\/kraj-hasici-hejtmance-4-300x246.jpg\" class=\"attachment-medium size-medium\" alt=\"\" srcset=\"https:\/\/zakrasnejsivimperk.cz\/wp-content\/uploads\/2018\/10\/22\/kraj-hasici-hejtmance-4-300x246.jpg 300w, https:\/\/zakrasnejsivimperk.cz\/wp-content\/uploads\/2018\/10\/22\/kraj-hasici-hejtmance-4-768x629.jpg 768w, https:\/\/zakrasnejsivimperk.cz\/wp-content\/uploads\/2018\/10\/22\/kraj-hasici-hejtmance-4-1024x839.jpg 1024w, https:\/\/zakrasnejsivimperk.cz\/wp-content\/uploads\/2018\/10\/22\/kraj-hasici-hejtmance-4-436x357.jpg 436w, https:\/\/zakrasnejsivimperk.cz\/wp-content\/uploads\/2018\/10\/22\/kraj-hasici-hejtmance-4-590x483.jpg 590w\" sizes=\"(max-width: 300px) 100vw, 300px\" \/><\/a>\n\t\t\t<\/div><\/figure><figure class='gallery-item'>\n\t\t\t<div class='gallery-icon landscape'>\n\t\t\t\t<a href='https:\/\/zakrasnejsivimperk.cz\/?attachment_id=143658'><img loading=\"lazy\" decoding=\"async\" width=\"300\" height=\"192\" src=\"https:\/\/zakrasnejsivimperk.cz\/wp-content\/uploads\/2018\/10\/22\/kraj-hasici-hejtmance-1-300x192.jpg\" class=\"attachment-medium size-medium\" alt=\"\" srcset=\"https:\/\/zakrasnejsivimperk.cz\/wp-content\/uploads\/2018\/10\/22\/kraj-hasici-hejtmance-1-300x192.jpg 300w, https:\/\/zakrasnejsivimperk.cz\/wp-content\/uploads\/2018\/10\/22\/kraj-hasici-hejtmance-1-768x491.jpg 768w, https:\/\/zakrasnejsivimperk.cz\/wp-content\/uploads\/2018\/10\/22\/kraj-hasici-hejtmance-1-1024x654.jpg 1024w, https:\/\/zakrasnejsivimperk.cz\/wp-content\/uploads\/2018\/10\/22\/kraj-hasici-hejtmance-1-100x65.jpg 100w, https:\/\/zakrasnejsivimperk.cz\/wp-content\/uploads\/2018\/10\/22\/kraj-hasici-hejtmance-1-559x357.jpg 559w, https:\/\/zakrasnejsivimperk.cz\/wp-content\/uploads\/2018\/10\/22\/kraj-hasici-hejtmance-1-756x483.jpg 756w\" sizes=\"(max-width: 300px) 100vw, 300px\" \/><\/a>\n\t\t\t<\/div><\/figure>\n\t\t<\/div>\n\n","protected":false},"excerpt":{"rendered":"<p>&nbsp; Medaili <\/p>\n","protected":false},"author":2,"featured_media":143693,"comment_status":"open","ping_status":"open","sticky":false,"template":"","format":"gallery","meta":{"footnotes":""},"categories":[72],"tags":[],"jetpack_featured_media_url":"https:\/\/zakrasnejsivimperk.cz\/wp-content\/uploads\/2018\/10\/23\/r\u00e1me\u010dek-medaile-pro-hejtmanku.jpg","_links":{"self":[{"href":"https:\/\/zakrasnejsivimperk.cz\/index.php?rest_route=\/wp\/v2\/posts\/143657"}],"collection":[{"href":"https:\/\/zakrasnejsivimperk.cz\/index.php?rest_route=\/wp\/v2\/posts"}],"about":[{"href":"https:\/\/zakrasnejsivimperk.cz\/index.php?rest_route=\/wp\/v2\/types\/post"}],"author":[{"embeddable":true,"href":"https:\/\/zakrasnejsivimperk.cz\/index.php?rest_route=\/wp\/v2\/users\/2"}],"replies":[{"embeddable":true,"href":"https:\/\/zakrasnejsivimperk.cz\/index.php?rest_route=%2Fwp%2Fv2%2Fcomments&post=143657"}],"version-history":[{"count":2,"href":"https:\/\/zakrasnejsivimperk.cz\/index.php?rest_route=\/wp\/v2\/posts\/143657\/revisions"}],"predecessor-version":[{"id":143692,"href":"https:\/\/zakrasnejsivimperk.cz\/index.php?rest_route=\/wp\/v2\/posts\/143657\/revisions\/143692"}],"wp:featuredmedia":[{"embeddable":true,"href":"https:\/\/zakrasnejsivimperk.cz\/index.php?rest_route=\/wp\/v2\/media\/143693"}],"wp:attachment":[{"href":"https:\/\/zakrasnejsivimperk.cz\/index.php?rest_route=%2Fwp%2Fv2%2Fmedia&parent=143657"}],"wp:term":[{"taxonomy":"category","embeddable":true,"href":"https:\/\/zakrasnejsivimperk.cz\/index.php?rest_route=%2Fwp%2Fv2%2Fcategories&post=143657"},{"taxonomy":"post_tag","embeddable":true,"href":"https:\/\/zakrasnejsivimperk.cz\/index.php?rest_route=%2Fwp%2Fv2%2Ftags&post=143657"}],"curies":[{"name":"wp","href":"https:\/\/api.w.org\/{rel}","templated":true}]}}