{"id":143641,"date":"2018-10-29T17:05:29","date_gmt":"2018-10-29T16:05:29","guid":{"rendered":"http:\/\/zakrasnejsivimperk.cz\/?p=143641"},"modified":"2018-10-30T16:25:17","modified_gmt":"2018-10-30T15:25:17","slug":"lipensko-svetoznama-cestovatelka-christina-tan-se-zamilovala-do-frymburka","status":"publish","type":"post","link":"https:\/\/zakrasnejsivimperk.cz\/?p=143641","title":{"rendered":"LIPENSKO: Sv\u011btozn\u00e1m\u00e1 cestovatelka Christina Tan se zamilovala do Frymburka"},"content":{"rendered":"<p><img loading=\"lazy\" decoding=\"async\" class=\"aligncenter wp-image-143645 size-full\" src=\"http:\/\/zakrasnejsivimperk.cz\/wp-content\/uploads\/2018\/10\/22\/lipensko-kr\u00e1lovna-3.jpg\" alt=\"\" width=\"1900\" height=\"1267\" srcset=\"https:\/\/zakrasnejsivimperk.cz\/wp-content\/uploads\/2018\/10\/22\/lipensko-kr\u00e1lovna-3.jpg 1900w, https:\/\/zakrasnejsivimperk.cz\/wp-content\/uploads\/2018\/10\/22\/lipensko-kr\u00e1lovna-3-300x200.jpg 300w, https:\/\/zakrasnejsivimperk.cz\/wp-content\/uploads\/2018\/10\/22\/lipensko-kr\u00e1lovna-3-768x512.jpg 768w, https:\/\/zakrasnejsivimperk.cz\/wp-content\/uploads\/2018\/10\/22\/lipensko-kr\u00e1lovna-3-1024x683.jpg 1024w, https:\/\/zakrasnejsivimperk.cz\/wp-content\/uploads\/2018\/10\/22\/lipensko-kr\u00e1lovna-3-535x357.jpg 535w, https:\/\/zakrasnejsivimperk.cz\/wp-content\/uploads\/2018\/10\/22\/lipensko-kr\u00e1lovna-3-724x483.jpg 724w\" sizes=\"(max-width: 1900px) 100vw, 1900px\" \/><\/p>\n<p>&nbsp;<\/p>\n<h6>T\u0159i noci str\u00e1vila na Lipensku sv\u011btov\u00e1 cestovatelka a kr\u00e1lovna Instagramu Christina Tan. Traveler influencerka z indon\u00e9sk\u00e9 Jakarty, zn\u00e1m\u00e1 jako Luxury kr\u00e1lovna Instagramu, se \u017eiv\u00ed cestov\u00e1n\u00edm po cel\u00e9m sv\u011bt\u011b. M\u00edsta, kter\u00e1 nav\u0161t\u00edv\u00ed, propaguje na sv\u00e9m instagramov\u00e9m profilu. Jej\u00ed fotky se pravideln\u011b objevuj\u00ed na t\u011bch nejvlivn\u011bj\u0161\u00edch instagramov\u00fdch platform\u00e1ch a v\u00eddaj\u00ed je des\u00edtky milion\u016f lid\u00ed, kte\u0159\u00ed se n\u00e1sledn\u011b podle n\u00ed rozhoduj\u00ed, kam pojedou na dovolenou.<\/h6>\n<p><em> <img loading=\"lazy\" decoding=\"async\" class=\"size-medium wp-image-129283 alignright\" src=\"http:\/\/zakrasnejsivimperk.cz\/wp-content\/uploads\/2018\/04\/30\/lipensko-logo-300x152.jpg\" alt=\"\" width=\"300\" height=\"152\" \/>&#8220;Loni jsem na cest\u00e1ch str\u00e1vila celkem osm m\u011bs\u00edc\u016f z roku. V\u011bnuji se sv\u00e9 pr\u00e1ci profesion\u00e1ln\u011b ji\u017e p\u011bt let a je\u0161t\u011b p\u011bt let bych to cht\u011bla vydr\u017eet,&#8221;<\/em> \u0159\u00edk\u00e1 Christina Tan. Jej\u00ed fanou\u0161ci \u017easnou nad jej\u00edmi fotografiemi se scen\u00e9riemi turistick\u00fdch destinac\u00ed, kter\u00e9 nav\u0161t\u011bvuje po cel\u00e9m sv\u011bt\u011b. Nad luxusem hotel\u016f, ve kter\u00fdch bydl\u00ed, se a\u017e taj\u00ed dech, ale p\u0159i jej\u00edm pov\u00edd\u00e1n\u00ed je evidentn\u00ed, \u017ee jej\u00ed pr\u00e1ce rozhodn\u011b nen\u00ed snadn\u00e1 a u\u017e v\u016fbec se ned\u00e1 nazvat dovolenou, jak by se nezasv\u011bcen\u00fdm mohlo zd\u00e1t. Je neust\u00e1le na cest\u00e1ch, v letadlech, ve vozech taxi slu\u017eby, st\u00e1le bal\u00ed kufry. Na v\u00fdchody Slunce vst\u00e1v\u00e1 ve \u010dty\u0159i r\u00e1no a chod\u00ed sp\u00e1t po p\u016flnoci. Mezit\u00edm upravuje fotografie, kter\u00e9 sama nafot\u00ed a vystavuje je na Instagramu. Kdy\u017e nefot\u00ed, tak nat\u00e1\u010d\u00ed a d\u011bl\u00ed se o sv\u00e9 z\u00e1\u017eitky se sv\u00fdmi fanou\u0161ky, se kter\u00fdmi neust\u00e1le komunikuje. <em>&#8220;Je to hodn\u011b n\u00e1ro\u010dn\u00e9 a nen\u00ed to pro ka\u017ed\u00e9ho. Mus\u00edte dob\u0159e vypadat, udr\u017eovat se v kondici, dob\u0159e fotit, ovl\u00e1dat marketing a hlavn\u011b komunika\u010dn\u00ed dovednosti. Jsem zapnut\u00e1 \u010dty\u0159iadvacet hodin, sedm dn\u00ed v t\u00fddnu,&#8221;<\/em> \u0159\u00edk\u00e1 Christina.<\/p>\n<p><em>\u201eChristina je v ka\u017ed\u00e9m sm\u011bru naprost\u00fd profesion\u00e1l. V\u0161echno co d\u011bl\u00e1, i kdy\u017e se to na prvn\u00ed pohled nezd\u00e1, je naprosto dokonal\u00e9. Po\u0159\u00e1d dob\u0159e vypad\u00e1, dob\u0159e mluv\u00ed, skv\u011ble fot\u00ed, \u0159\u00edd\u00ed dron a efektivn\u011b si organizuje \u010das i lidi kolem sebe. V ka\u017ed\u00e9 vte\u0159in\u011b dne je dob\u0159e nalad\u011bn\u00e1, velmi mile a p\u0159itom na \u00farovni s velk\u00fdm sv\u011btov\u00fdm p\u0159ehledem komunikuje se sv\u00fdm okol\u00edm a nen\u00ed to \u017e\u00e1dn\u00e1 Barb\u00edna,&#8221;<\/em> uvedl Ji\u0159\u00ed M\u00e1nek z Turistick\u00e9ho spolku Lipenska, kter\u00fd ji na cest\u011b doprov\u00e1zel.<\/p>\n<p>Jako p\u0159\u00edm\u011br jej\u00edho instagramov\u00e9ho vlivu lze pou\u017e\u00edt slova odborn\u00edka na influencer marketing Tom\u00e1\u0161e Kadlece: <em>\u201eKdybychom instagramov\u00e9 influencery, kte\u0159\u00ed pracuj\u00ed v cestovn\u00edm ruchu, p\u0159irovnali k fotbalist\u016fm, tak pokud bychom sestavili nejlep\u0161\u00ed fotbalovou jeden\u00e1ctku sv\u011bta, byla by v n\u00ed zcela ur\u010dit\u011b i Christina Tan.&#8221;<\/em><\/p>\n<p>Christina\u00a0m\u00e1\u00a0na\u00a0sv\u00e9m\u00a0instaprofilu\u00a0p\u0159es p\u016fl\u00a0milionu\u00a0fanou\u0161k\u016f, kte\u0159\u00ed \u010dasto kop\u00edruj\u00ed sv\u00e9 dovolenkov\u00e9 trasy, podle tip\u016f jejich obl\u00edbenkyn\u011b. B\u011bhem sv\u00e9 n\u00e1v\u0161t\u011bvy Christina bydlela dva dny v hotelu Relax v Doln\u00ed Vltavici a den v hotelu Maxant ve Frymburku. Nav\u0161t\u00edvila nap\u0159\u00edklad V\u00edtk\u016fv Hr\u00e1dek, Stezku korunami strom\u016f v Lipn\u011b nad Vltavou. Komunikovala s m\u00edstn\u00edmi, poskytovala interview m\u00e9di\u00edm. Hodn\u011b \u010dasu str\u00e1vila ve Frymburku, kde se j\u00ed minule moc l\u00edbilo, odtud vyrazila na plavbu parn\u00edkem se spole\u010dnost\u00ed Lipno-Line.<\/p>\n<p>Letos dokonce za\u010dala uva\u017eovat o koupi dome\u010dku p\u0159\u00edmo ve Frymburku. <em>&#8220;Je to tady moc kr\u00e1sn\u00e9. M\u00e1m r\u00e1da lipensk\u00e9 klima a podzimn\u00ed barevnou atmosf\u00e9ru. Frymburk mi p\u0159ipom\u00edn\u00e1 rakousk\u00fd Hallstatt, kter\u00fd m\u00e1m tak\u00e9 moc r\u00e1da,\u201c<\/em> uvedla Christina.<\/p>\n<p>Asi p\u016flden byla v Ro\u017emberku nad Vltavou, kde se setkala se starostkou Lenkou Schwarzovou a fotila i z v\u011b\u017ee Jakob\u00ednka. P\u0159i jej\u00ed lo\u0148sk\u00e9 n\u00e1v\u0161t\u011bv\u011b se jej\u00ed sn\u00edmky Ro\u017emberka nad Vltavou objevily na nejvlivn\u011bj\u0161\u00edch turistick\u00fdch instagramov\u00fdch platform\u00e1ch sv\u011bta, ve spole\u010dnosti fotografi\u00ed New Yorku, Moskvy, Pa\u0159\u00ed\u017ee, Barcelony, egyptsk\u00fdch pyramid v G\u00edze, italsk\u00fdch Ben\u00e1tek \u010di n\u011bmeck\u00e9ho z\u00e1mku Neuschwanstein. Prohl\u00e9dlo si je najednou v\u00edce ne\u017e 10 milion\u016f lid\u00ed.<em> \u201eChristina tu byla ji\u017e podruh\u00e9 a v\u00edme, \u017ee se zase vr\u00e1t\u00ed. Ji\u017e nyn\u00ed s sebou vzala sestru a sv\u00e9ho kamar\u00e1da, fotografa z Kypru Kenana H\u00fcrdenize, kter\u00fd je velmi uzn\u00e1van\u00fdm fotografem a jeho vliv na fanou\u0161ky je p\u0159inejmen\u0161\u00edm takov\u00fd, jako Christiny,\u201d<\/em> uvedl M\u00e1nek.<\/p>\n<p><em>\u201cD\u00edky nim ji\u017e nyn\u00ed oslovujeme statis\u00edce a miliony turist\u016f a v\u0161e bude gradovat v\u00fdstavbou dopravn\u00edho leti\u0161t\u011b v \u010cesk\u00fdch Bud\u011bjovic\u00edch, kter\u00e9 se pro n\u00e1s ji\u017e brzy stane z\u00e1sob\u00e1rnou zahrani\u010dn\u00edch klient\u016f, kte\u0159\u00ed si p\u0159ijedou u\u017e\u00edvat to, co na\u0161i mil\u00ed influence\u0159i ji\u017e dnes serv\u00edruj\u00ed na sv\u00fdch Instagramech. Na jejich programu se nyn\u00ed pod\u00edlelo asi 30 lid\u00ed a partner\u016f z Turistick\u00e9ho spolku Lipenska, ale h\u00fd\u010dkat si tyto skv\u011bl\u00e9 profesion\u00e1ly je pro n\u00e1s to ta nejlep\u0161\u00ed investice do budoucnosti,\u201d<\/em> uzav\u00edr\u00e1 M\u00e1nek.<\/p>\n<p><strong>Text a foto: (pp)<\/strong><\/p>\n<div id='gallery-1' class='gallery galleryid-143641 gallery-columns-3 gallery-size-medium'><figure class='gallery-item'>\n\t\t\t<div class='gallery-icon landscape'>\n\t\t\t\t<a href='https:\/\/zakrasnejsivimperk.cz\/?attachment_id=143643'><img loading=\"lazy\" decoding=\"async\" width=\"300\" height=\"200\" src=\"https:\/\/zakrasnejsivimperk.cz\/wp-content\/uploads\/2018\/10\/22\/lipensko-kr\u00e1lovna-1-300x200.jpg\" class=\"attachment-medium size-medium\" alt=\"\" srcset=\"https:\/\/zakrasnejsivimperk.cz\/wp-content\/uploads\/2018\/10\/22\/lipensko-kr\u00e1lovna-1-300x200.jpg 300w, https:\/\/zakrasnejsivimperk.cz\/wp-content\/uploads\/2018\/10\/22\/lipensko-kr\u00e1lovna-1-768x512.jpg 768w, https:\/\/zakrasnejsivimperk.cz\/wp-content\/uploads\/2018\/10\/22\/lipensko-kr\u00e1lovna-1-1024x683.jpg 1024w, https:\/\/zakrasnejsivimperk.cz\/wp-content\/uploads\/2018\/10\/22\/lipensko-kr\u00e1lovna-1-535x357.jpg 535w, https:\/\/zakrasnejsivimperk.cz\/wp-content\/uploads\/2018\/10\/22\/lipensko-kr\u00e1lovna-1-724x483.jpg 724w, https:\/\/zakrasnejsivimperk.cz\/wp-content\/uploads\/2018\/10\/22\/lipensko-kr\u00e1lovna-1.jpg 1900w\" sizes=\"(max-width: 300px) 100vw, 300px\" \/><\/a>\n\t\t\t<\/div><\/figure><figure class='gallery-item'>\n\t\t\t<div class='gallery-icon landscape'>\n\t\t\t\t<a href='https:\/\/zakrasnejsivimperk.cz\/?attachment_id=143644'><img loading=\"lazy\" decoding=\"async\" width=\"300\" height=\"200\" src=\"https:\/\/zakrasnejsivimperk.cz\/wp-content\/uploads\/2018\/10\/22\/lipensko-kr\u00e1lovna-2-300x200.jpg\" class=\"attachment-medium size-medium\" alt=\"\" srcset=\"https:\/\/zakrasnejsivimperk.cz\/wp-content\/uploads\/2018\/10\/22\/lipensko-kr\u00e1lovna-2-300x200.jpg 300w, https:\/\/zakrasnejsivimperk.cz\/wp-content\/uploads\/2018\/10\/22\/lipensko-kr\u00e1lovna-2-768x512.jpg 768w, https:\/\/zakrasnejsivimperk.cz\/wp-content\/uploads\/2018\/10\/22\/lipensko-kr\u00e1lovna-2-1024x683.jpg 1024w, https:\/\/zakrasnejsivimperk.cz\/wp-content\/uploads\/2018\/10\/22\/lipensko-kr\u00e1lovna-2-535x357.jpg 535w, https:\/\/zakrasnejsivimperk.cz\/wp-content\/uploads\/2018\/10\/22\/lipensko-kr\u00e1lovna-2-724x483.jpg 724w, https:\/\/zakrasnejsivimperk.cz\/wp-content\/uploads\/2018\/10\/22\/lipensko-kr\u00e1lovna-2.jpg 1900w\" sizes=\"(max-width: 300px) 100vw, 300px\" \/><\/a>\n\t\t\t<\/div><\/figure><figure class='gallery-item'>\n\t\t\t<div class='gallery-icon landscape'>\n\t\t\t\t<a href='https:\/\/zakrasnejsivimperk.cz\/?attachment_id=143645'><img loading=\"lazy\" decoding=\"async\" width=\"300\" height=\"200\" src=\"https:\/\/zakrasnejsivimperk.cz\/wp-content\/uploads\/2018\/10\/22\/lipensko-kr\u00e1lovna-3-300x200.jpg\" class=\"attachment-medium size-medium\" alt=\"\" srcset=\"https:\/\/zakrasnejsivimperk.cz\/wp-content\/uploads\/2018\/10\/22\/lipensko-kr\u00e1lovna-3-300x200.jpg 300w, https:\/\/zakrasnejsivimperk.cz\/wp-content\/uploads\/2018\/10\/22\/lipensko-kr\u00e1lovna-3-768x512.jpg 768w, https:\/\/zakrasnejsivimperk.cz\/wp-content\/uploads\/2018\/10\/22\/lipensko-kr\u00e1lovna-3-1024x683.jpg 1024w, https:\/\/zakrasnejsivimperk.cz\/wp-content\/uploads\/2018\/10\/22\/lipensko-kr\u00e1lovna-3-535x357.jpg 535w, https:\/\/zakrasnejsivimperk.cz\/wp-content\/uploads\/2018\/10\/22\/lipensko-kr\u00e1lovna-3-724x483.jpg 724w, https:\/\/zakrasnejsivimperk.cz\/wp-content\/uploads\/2018\/10\/22\/lipensko-kr\u00e1lovna-3.jpg 1900w\" sizes=\"(max-width: 300px) 100vw, 300px\" \/><\/a>\n\t\t\t<\/div><\/figure><figure class='gallery-item'>\n\t\t\t<div class='gallery-icon landscape'>\n\t\t\t\t<a href='https:\/\/zakrasnejsivimperk.cz\/?attachment_id=143646'><img loading=\"lazy\" decoding=\"async\" width=\"300\" height=\"200\" src=\"https:\/\/zakrasnejsivimperk.cz\/wp-content\/uploads\/2018\/10\/22\/lipensko-kr\u00e1lovna-4-300x200.jpg\" class=\"attachment-medium size-medium\" alt=\"\" srcset=\"https:\/\/zakrasnejsivimperk.cz\/wp-content\/uploads\/2018\/10\/22\/lipensko-kr\u00e1lovna-4-300x200.jpg 300w, https:\/\/zakrasnejsivimperk.cz\/wp-content\/uploads\/2018\/10\/22\/lipensko-kr\u00e1lovna-4-768x512.jpg 768w, https:\/\/zakrasnejsivimperk.cz\/wp-content\/uploads\/2018\/10\/22\/lipensko-kr\u00e1lovna-4-1024x683.jpg 1024w, https:\/\/zakrasnejsivimperk.cz\/wp-content\/uploads\/2018\/10\/22\/lipensko-kr\u00e1lovna-4-535x357.jpg 535w, https:\/\/zakrasnejsivimperk.cz\/wp-content\/uploads\/2018\/10\/22\/lipensko-kr\u00e1lovna-4-724x483.jpg 724w, https:\/\/zakrasnejsivimperk.cz\/wp-content\/uploads\/2018\/10\/22\/lipensko-kr\u00e1lovna-4.jpg 1900w\" sizes=\"(max-width: 300px) 100vw, 300px\" \/><\/a>\n\t\t\t<\/div><\/figure>\n\t\t<\/div>\n\n","protected":false},"excerpt":{"rendered":"<p>&nbsp; T\u0159i <\/p>\n","protected":false},"author":2,"featured_media":144216,"comment_status":"open","ping_status":"open","sticky":false,"template":"","format":"gallery","meta":{"footnotes":""},"categories":[72],"tags":[],"jetpack_featured_media_url":"https:\/\/zakrasnejsivimperk.cz\/wp-content\/uploads\/2018\/10\/29\/kr\u00e1lovna-na-lipn\u011b.jpg","_links":{"self":[{"href":"https:\/\/zakrasnejsivimperk.cz\/index.php?rest_route=\/wp\/v2\/posts\/143641"}],"collection":[{"href":"https:\/\/zakrasnejsivimperk.cz\/index.php?rest_route=\/wp\/v2\/posts"}],"about":[{"href":"https:\/\/zakrasnejsivimperk.cz\/index.php?rest_route=\/wp\/v2\/types\/post"}],"author":[{"embeddable":true,"href":"https:\/\/zakrasnejsivimperk.cz\/index.php?rest_route=\/wp\/v2\/users\/2"}],"replies":[{"embeddable":true,"href":"https:\/\/zakrasnejsivimperk.cz\/index.php?rest_route=%2Fwp%2Fv2%2Fcomments&post=143641"}],"version-history":[{"count":4,"href":"https:\/\/zakrasnejsivimperk.cz\/index.php?rest_route=\/wp\/v2\/posts\/143641\/revisions"}],"predecessor-version":[{"id":144217,"href":"https:\/\/zakrasnejsivimperk.cz\/index.php?rest_route=\/wp\/v2\/posts\/143641\/revisions\/144217"}],"wp:featuredmedia":[{"embeddable":true,"href":"https:\/\/zakrasnejsivimperk.cz\/index.php?rest_route=\/wp\/v2\/media\/144216"}],"wp:attachment":[{"href":"https:\/\/zakrasnejsivimperk.cz\/index.php?rest_route=%2Fwp%2Fv2%2Fmedia&parent=143641"}],"wp:term":[{"taxonomy":"category","embeddable":true,"href":"https:\/\/zakrasnejsivimperk.cz\/index.php?rest_route=%2Fwp%2Fv2%2Fcategories&post=143641"},{"taxonomy":"post_tag","embeddable":true,"href":"https:\/\/zakrasnejsivimperk.cz\/index.php?rest_route=%2Fwp%2Fv2%2Ftags&post=143641"}],"curies":[{"name":"wp","href":"https:\/\/api.w.org\/{rel}","templated":true}]}}