{"id":143620,"date":"2018-10-22T12:35:16","date_gmt":"2018-10-22T11:35:16","guid":{"rendered":"http:\/\/zakrasnejsivimperk.cz\/?p=143620"},"modified":"2018-10-23T13:32:58","modified_gmt":"2018-10-23T12:32:58","slug":"jizni-cechy-nemocnice-ceske-budejovice-dostane-novy-pavilon-transfuze-a-rehabilitace","status":"publish","type":"post","link":"https:\/\/zakrasnejsivimperk.cz\/?p=143620","title":{"rendered":"JI\u017dN\u00cd \u010cECHY: Nemocnice \u010cesk\u00e9 Bud\u011bjovice dostane nov\u00fd pavilon transf\u00faze a rehabilitace"},"content":{"rendered":"<p><img loading=\"lazy\" decoding=\"async\" class=\"aligncenter wp-image-143622 size-full\" src=\"http:\/\/zakrasnejsivimperk.cz\/wp-content\/uploads\/2018\/10\/22\/nemocnice-cb-z\u00e1kladn\u00ed-k\u00e1men.jpg\" alt=\"\" width=\"800\" height=\"533\" srcset=\"https:\/\/zakrasnejsivimperk.cz\/wp-content\/uploads\/2018\/10\/22\/nemocnice-cb-z\u00e1kladn\u00ed-k\u00e1men.jpg 800w, https:\/\/zakrasnejsivimperk.cz\/wp-content\/uploads\/2018\/10\/22\/nemocnice-cb-z\u00e1kladn\u00ed-k\u00e1men-300x200.jpg 300w, https:\/\/zakrasnejsivimperk.cz\/wp-content\/uploads\/2018\/10\/22\/nemocnice-cb-z\u00e1kladn\u00ed-k\u00e1men-768x512.jpg 768w, https:\/\/zakrasnejsivimperk.cz\/wp-content\/uploads\/2018\/10\/22\/nemocnice-cb-z\u00e1kladn\u00ed-k\u00e1men-536x357.jpg 536w, https:\/\/zakrasnejsivimperk.cz\/wp-content\/uploads\/2018\/10\/22\/nemocnice-cb-z\u00e1kladn\u00ed-k\u00e1men-725x483.jpg 725w\" sizes=\"(max-width: 800px) 100vw, 800px\" \/><\/p>\n<p>&nbsp;<\/p>\n<h6>V\u00a0pond\u011bl\u00ed 22. \u0159\u00edjna zah\u00e1jila Nemocnice \u010cesk\u00e9 Bud\u011bjovice stavbu nov\u00e9ho objektu, do kter\u00e9ho bude um\u00edst\u011bna l\u016f\u017ekov\u00e1 stanice rehabilita\u010dn\u00edho odd\u011blen\u00ed se v\u0161emi terapeutick\u00fdmi pracovi\u0161ti a stanice d\u00e1rc\u016f krve \u2013 transf\u00fazn\u00ed odd\u011blen\u00ed.\u00a0Novostavba vznikne v\u00a0jihoz\u00e1padn\u00edm rohu horn\u00edho are\u00e1lu, v\u00a0bezprost\u0159edn\u00ed bl\u00edzkosti budovy, kter\u00e1 je vyu\u017e\u00edv\u00e1na Jiho\u010deskou univerzitou. P\u0159edpokl\u00e1dan\u00fd term\u00edn dokon\u010den\u00ed je v\u00a0prosinci 2019.<\/h6>\n<p><em><img loading=\"lazy\" decoding=\"async\" class=\"size-medium wp-image-142732 alignright\" src=\"http:\/\/zakrasnejsivimperk.cz\/wp-content\/uploads\/2018\/10\/11\/nemocnice-cb-logo-300x73.jpg\" alt=\"\" width=\"300\" height=\"73\" srcset=\"https:\/\/zakrasnejsivimperk.cz\/wp-content\/uploads\/2018\/10\/11\/nemocnice-cb-logo-300x73.jpg 300w, https:\/\/zakrasnejsivimperk.cz\/wp-content\/uploads\/2018\/10\/11\/nemocnice-cb-logo-768x186.jpg 768w, https:\/\/zakrasnejsivimperk.cz\/wp-content\/uploads\/2018\/10\/11\/nemocnice-cb-logo-1024x247.jpg 1024w, https:\/\/zakrasnejsivimperk.cz\/wp-content\/uploads\/2018\/10\/11\/nemocnice-cb-logo-1477x357.jpg 1477w, https:\/\/zakrasnejsivimperk.cz\/wp-content\/uploads\/2018\/10\/11\/nemocnice-cb-logo.jpg 1502w\" sizes=\"(max-width: 300px) 100vw, 300px\" \/>\u201eT\u00edmto projektem pokra\u010dujeme v\u00a0generelu p\u0159estavby horn\u00edho are\u00e1lu Nemocnice \u010cesk\u00e9 Bud\u011bjovice, jen\u017e souvis\u00ed s\u00a0postupn\u00fdm opou\u0161t\u011bn\u00edm doln\u00edho are\u00e1lu,\u201c<\/em>\u00a0informuje p\u0159edseda p\u0159edstavenstva nemocnice MUDr. B\u0159etislav Shon a dod\u00e1v\u00e1, \u017ee stavba bude financov\u00e1na z\u00a0vlastn\u00edch zdroj\u016f, p\u0159i\u010dem\u017e vysout\u011b\u017een\u00e1 cena je necel\u00fdch 139 milion\u016f korun bez DPH.<\/p>\n<p>Nov\u00fd objekt bude spojen dv\u011bma nadzemn\u00edmi mosty se st\u00e1vaj\u00edc\u00edmi provozy nemocnice.\u00a0<em>\u201eJeden most budovu propoj\u00ed s\u00a0pavilonem L &#8211; s v\u00fdrobn\u00ed \u010d\u00e1st\u00ed transf\u00fazn\u00edho odd\u011blen\u00ed, kter\u00e1 s\u00eddl\u00ed v\u00a0objektu centr\u00e1ln\u00edch laborato\u0159\u00ed. Druh\u00fd most povede z\u00a0l\u016f\u017ekov\u00fdch stanic rehabilita\u010dn\u00edho odd\u011blen\u00ed do pavilonu R, ve kter\u00e9m je ambulantn\u00ed \u010d\u00e1st tohoto odd\u011blen\u00ed,\u201c<\/em>\u00a0popisuje MUDr. B\u0159etislav Shon.<\/p>\n<p>Nov\u00e1 stanice d\u00e1rc\u016f krve \u2013 transf\u00fazn\u00ed odd\u011blen\u00ed bude m\u00edt samostatn\u00fd vstup z\u00a0ulice Preslova. Oproti sou\u010dasn\u00e9mu stavu bude zv\u011bt\u0161ena odb\u011brov\u00e1 m\u00edstnost, vznikne dal\u0161\u00ed ambulance a specializovan\u00e1 odb\u011brov\u00e1 m\u00edstnost. V\u00fdrazn\u011b v\u011bt\u0161\u00ed budou i dal\u0161\u00ed prostory v\u00a0z\u00e1zem\u00ed, v\u010detn\u011b \u010dek\u00e1rny p\u0159ed odb\u011bry a odpo\u010dinkov\u00e9 m\u00edstnosti pro d\u00e1rce po odb\u011brech.<\/p>\n<p>Rehabilita\u010dn\u00ed odd\u011blen\u00ed \u2013 l\u016f\u017ekov\u00e1 \u010d\u00e1st bude m\u00edt dv\u011b stanice. V\u0161echny pokoje budou dvoul\u016f\u017ekov\u00e9 a bezbari\u00e9rov\u00e9, stejn\u011b tak budou bezbari\u00e9rov\u00e9 i koupelny. U ka\u017ed\u00e9ho pokoje bude tak\u00e9 balkon, aby m\u011bli dlouhodob\u011b hospitalizovan\u00ed pacienti co nejv\u011bt\u0161\u00ed komfort. Prostory t\u011blocvi\u010den budou v\u011bt\u0161\u00ed, ne\u017e je tomu doposud, a roz\u0161\u00ed\u0159en bude po\u010det ergoterapeutick\u00fdch pracovi\u0161\u0165.<\/p>\n<p>V\u0161echny nov\u011b vznikl\u00e9 prostory budou vybaveny klimatizac\u00ed.<\/p>\n<p>V\u00a0r\u00e1mci stavby bude vybudov\u00e1no nov\u00e9 parkovi\u0161t\u011b pro d\u00e1rce krve disponuj\u00edc\u00ed zhruba 13 parkovac\u00edmi m\u00edsty v\u010detn\u011b parkovac\u00edho m\u00edsta pro autobus, kter\u00fd p\u0159iv\u00e1\u017e\u00ed d\u00e1rce krve z\u00a0okres\u016f Jiho\u010desk\u00e9ho kraje.<\/p>\n<p><strong>Text a foto: (tznem)<\/strong><\/p>\n<p>&nbsp;<\/p>\n<p>&nbsp;<\/p>\n<p>&nbsp;<\/p>\n","protected":false},"excerpt":{"rendered":"<p>&nbsp; V\u00a0pond\u011bl\u00ed <\/p>\n","protected":false},"author":2,"featured_media":143625,"comment_status":"open","ping_status":"open","sticky":false,"template":"","format":"gallery","meta":{"footnotes":""},"categories":[72],"tags":[],"jetpack_featured_media_url":"https:\/\/zakrasnejsivimperk.cz\/wp-content\/uploads\/2018\/10\/22\/r\u00e1me\u010dek-nov\u00fd-pavilon-1.jpg","_links":{"self":[{"href":"https:\/\/zakrasnejsivimperk.cz\/index.php?rest_route=\/wp\/v2\/posts\/143620"}],"collection":[{"href":"https:\/\/zakrasnejsivimperk.cz\/index.php?rest_route=\/wp\/v2\/posts"}],"about":[{"href":"https:\/\/zakrasnejsivimperk.cz\/index.php?rest_route=\/wp\/v2\/types\/post"}],"author":[{"embeddable":true,"href":"https:\/\/zakrasnejsivimperk.cz\/index.php?rest_route=\/wp\/v2\/users\/2"}],"replies":[{"embeddable":true,"href":"https:\/\/zakrasnejsivimperk.cz\/index.php?rest_route=%2Fwp%2Fv2%2Fcomments&post=143620"}],"version-history":[{"count":4,"href":"https:\/\/zakrasnejsivimperk.cz\/index.php?rest_route=\/wp\/v2\/posts\/143620\/revisions"}],"predecessor-version":[{"id":143652,"href":"https:\/\/zakrasnejsivimperk.cz\/index.php?rest_route=\/wp\/v2\/posts\/143620\/revisions\/143652"}],"wp:featuredmedia":[{"embeddable":true,"href":"https:\/\/zakrasnejsivimperk.cz\/index.php?rest_route=\/wp\/v2\/media\/143625"}],"wp:attachment":[{"href":"https:\/\/zakrasnejsivimperk.cz\/index.php?rest_route=%2Fwp%2Fv2%2Fmedia&parent=143620"}],"wp:term":[{"taxonomy":"category","embeddable":true,"href":"https:\/\/zakrasnejsivimperk.cz\/index.php?rest_route=%2Fwp%2Fv2%2Fcategories&post=143620"},{"taxonomy":"post_tag","embeddable":true,"href":"https:\/\/zakrasnejsivimperk.cz\/index.php?rest_route=%2Fwp%2Fv2%2Ftags&post=143620"}],"curies":[{"name":"wp","href":"https:\/\/api.w.org\/{rel}","templated":true}]}}