{"id":14350,"date":"2015-04-03T06:19:17","date_gmt":"2015-04-03T05:19:17","guid":{"rendered":"http:\/\/zakrasnejsivimperk.cz\/?p=14350"},"modified":"2015-04-03T06:22:56","modified_gmt":"2015-04-03T05:22:56","slug":"idnes-regulace-trhu-s-mlekem-konci-produkce-pujde-nahoru-rika-sef-madety","status":"publish","type":"post","link":"https:\/\/zakrasnejsivimperk.cz\/?p=14350","title":{"rendered":"iDNES: Regulace trhu s ml\u00e9kem kon\u010d\u00ed. Produkce p\u016fjde nahoru, \u0159\u00edk\u00e1 \u0161\u00e9f Madety Milan Tepl\u00fd"},"content":{"rendered":"<p style=\"text-align: justify;\">Ve st\u0159edu skon\u010dila pro evropsk\u00e9 zem\u011bd\u011blce jedna \u00e9ra. Po t\u0159ech desetilet\u00edch p\u0159estaly platit ml\u00e9\u010dn\u00e9 kv\u00f3ty, jedno z nejsporn\u011bj\u0161\u00edch regulativn\u00edch opat\u0159en\u00ed omezuj\u00edc\u00edch produkci ml\u00e9ka v jednotliv\u00fdch st\u00e1tech. Podle majitele jiho\u010desk\u00e9 ml\u00e9k\u00e1rny Madeta Milana Tepl\u00e9ho stoupne nyn\u00ed v Evrop\u011b produkce a chovatel\u00e9 ml\u00e9\u010dn\u00e9ho skotu by m\u011bli zareagovat sn\u00ed\u017een\u00edm cen.<\/p>\n<p><strong>Rozhovor s majitelem Madety p\u0159in\u00e1\u0161\u00ed port\u00e1l <a href=\"http:\/\/ekonomika.idnes.cz\/regulace-trhu-s-mlekem-konci-d1b-\/ekoakcie.aspx?c=A150331_162533_ekoakcie_fih\" target=\"_blank\">iDNES.cz<\/a><\/strong><\/p>\n<p>&nbsp;<\/p>\n<p>&nbsp;<\/p>\n<p>&nbsp;<\/p>\n","protected":false},"excerpt":{"rendered":"<p>Ve st\u0159edu <\/p>\n","protected":false},"author":2,"featured_media":2097,"comment_status":"open","ping_status":"open","sticky":false,"template":"","format":"standard","meta":{"footnotes":""},"categories":[18],"tags":[],"jetpack_featured_media_url":"https:\/\/zakrasnejsivimperk.cz\/wp-content\/uploads\/2014\/12\/idnes.png","_links":{"self":[{"href":"https:\/\/zakrasnejsivimperk.cz\/index.php?rest_route=\/wp\/v2\/posts\/14350"}],"collection":[{"href":"https:\/\/zakrasnejsivimperk.cz\/index.php?rest_route=\/wp\/v2\/posts"}],"about":[{"href":"https:\/\/zakrasnejsivimperk.cz\/index.php?rest_route=\/wp\/v2\/types\/post"}],"author":[{"embeddable":true,"href":"https:\/\/zakrasnejsivimperk.cz\/index.php?rest_route=\/wp\/v2\/users\/2"}],"replies":[{"embeddable":true,"href":"https:\/\/zakrasnejsivimperk.cz\/index.php?rest_route=%2Fwp%2Fv2%2Fcomments&post=14350"}],"version-history":[{"count":2,"href":"https:\/\/zakrasnejsivimperk.cz\/index.php?rest_route=\/wp\/v2\/posts\/14350\/revisions"}],"predecessor-version":[{"id":14570,"href":"https:\/\/zakrasnejsivimperk.cz\/index.php?rest_route=\/wp\/v2\/posts\/14350\/revisions\/14570"}],"wp:featuredmedia":[{"embeddable":true,"href":"https:\/\/zakrasnejsivimperk.cz\/index.php?rest_route=\/wp\/v2\/media\/2097"}],"wp:attachment":[{"href":"https:\/\/zakrasnejsivimperk.cz\/index.php?rest_route=%2Fwp%2Fv2%2Fmedia&parent=14350"}],"wp:term":[{"taxonomy":"category","embeddable":true,"href":"https:\/\/zakrasnejsivimperk.cz\/index.php?rest_route=%2Fwp%2Fv2%2Fcategories&post=14350"},{"taxonomy":"post_tag","embeddable":true,"href":"https:\/\/zakrasnejsivimperk.cz\/index.php?rest_route=%2Fwp%2Fv2%2Ftags&post=14350"}],"curies":[{"name":"wp","href":"https:\/\/api.w.org\/{rel}","templated":true}]}}