{"id":14347,"date":"2015-04-01T22:32:43","date_gmt":"2015-04-01T21:32:43","guid":{"rendered":"http:\/\/zakrasnejsivimperk.cz\/?p=14347"},"modified":"2015-04-01T22:32:43","modified_gmt":"2015-04-01T21:32:43","slug":"prachaticky-denik-etikety-nam-napovi-odkud-pochazi-maso-ktere-kupujeme-a-jime","status":"publish","type":"post","link":"https:\/\/zakrasnejsivimperk.cz\/?p=14347","title":{"rendered":"PRACHATICK\u00dd DEN\u00cdK: Etikety n\u00e1m napov\u00ed, odkud poch\u00e1z\u00ed maso, kter\u00e9 kupujeme a j\u00edme"},"content":{"rendered":"<p style=\"text-align: justify;\">Ji\u017en\u00ed \u010cechy \u2013 \u00a0\u010cesk\u00e9 zbo\u017e\u00ed l\u00e1k\u00e1. Poznali to i\u00a0obchodn\u00edci, kte\u0159\u00ed n\u011bkdy pod ozna\u010den\u00edm \u010desk\u00fd v\u00fdrobek prod\u00e1vaj\u00ed i\u00a0takov\u00e9 potraviny, co k\u00a0n\u00e1m putovaly tis\u00edce kilometr\u016f.\u00a0Podle nov\u00e9ho na\u0159\u00edzen\u00ed EU se z\u00e1kazn\u00edci dozv\u011bd\u00ed, odkud zv\u00ed\u0159e poch\u00e1zelo, kde bylo vykrmeno a tak\u00e9 pora\u017eeno.\u00a0\u201eK\u00a0tomu, aby i\u00a0takov\u00e9 j\u00eddlo mohlo b\u00fdt ozna\u010deno za \u010desk\u00fd v\u00fdrobek, sta\u010dilo, aby je u\u00a0n\u00e1s n\u011bkdo naporcoval a p\u0159ebalil,&#8221; vysv\u011btlila \u0159editelka Region\u00e1ln\u00ed agr\u00e1rn\u00ed komory Jiho\u010desk\u00e9ho kraje (RAK JK) Hana \u0160\u0165astn\u00e1.<\/p>\n<p><strong>Cel\u00fd \u010dl\u00e1nek p\u0159in\u00e1\u0161\u00ed <a href=\"http:\/\/prachaticky.denik.cz\/z-regionu\/etikety-nam-napovi-odkud-pochazi-maso-ktere-jime-20150331-a6yf.html\" target=\"_blank\">PRACHATICK\u00dd DEN\u00cdK<\/a><\/strong><\/p>\n<p>&nbsp;<\/p>\n<p>&nbsp;<\/p>\n","protected":false},"excerpt":{"rendered":"<p>Ji\u017en\u00ed \u010cechy <\/p>\n","protected":false},"author":2,"featured_media":9035,"comment_status":"open","ping_status":"open","sticky":false,"template":"","format":"standard","meta":{"footnotes":""},"categories":[18],"tags":[],"jetpack_featured_media_url":"https:\/\/zakrasnejsivimperk.cz\/wp-content\/uploads\/2015\/02\/den\u00edk-prach.jpg","_links":{"self":[{"href":"https:\/\/zakrasnejsivimperk.cz\/index.php?rest_route=\/wp\/v2\/posts\/14347"}],"collection":[{"href":"https:\/\/zakrasnejsivimperk.cz\/index.php?rest_route=\/wp\/v2\/posts"}],"about":[{"href":"https:\/\/zakrasnejsivimperk.cz\/index.php?rest_route=\/wp\/v2\/types\/post"}],"author":[{"embeddable":true,"href":"https:\/\/zakrasnejsivimperk.cz\/index.php?rest_route=\/wp\/v2\/users\/2"}],"replies":[{"embeddable":true,"href":"https:\/\/zakrasnejsivimperk.cz\/index.php?rest_route=%2Fwp%2Fv2%2Fcomments&post=14347"}],"version-history":[{"count":2,"href":"https:\/\/zakrasnejsivimperk.cz\/index.php?rest_route=\/wp\/v2\/posts\/14347\/revisions"}],"predecessor-version":[{"id":14349,"href":"https:\/\/zakrasnejsivimperk.cz\/index.php?rest_route=\/wp\/v2\/posts\/14347\/revisions\/14349"}],"wp:featuredmedia":[{"embeddable":true,"href":"https:\/\/zakrasnejsivimperk.cz\/index.php?rest_route=\/wp\/v2\/media\/9035"}],"wp:attachment":[{"href":"https:\/\/zakrasnejsivimperk.cz\/index.php?rest_route=%2Fwp%2Fv2%2Fmedia&parent=14347"}],"wp:term":[{"taxonomy":"category","embeddable":true,"href":"https:\/\/zakrasnejsivimperk.cz\/index.php?rest_route=%2Fwp%2Fv2%2Fcategories&post=14347"},{"taxonomy":"post_tag","embeddable":true,"href":"https:\/\/zakrasnejsivimperk.cz\/index.php?rest_route=%2Fwp%2Fv2%2Ftags&post=14347"}],"curies":[{"name":"wp","href":"https:\/\/api.w.org\/{rel}","templated":true}]}}