{"id":143280,"date":"2018-10-17T14:15:34","date_gmt":"2018-10-17T13:15:34","guid":{"rendered":"http:\/\/zakrasnejsivimperk.cz\/?p=143280"},"modified":"2018-10-18T13:07:40","modified_gmt":"2018-10-18T12:07:40","slug":"ceske-budejovice-prvni-miminko-v-babyboxu-holcicka-dostala-jmeno-ivanka","status":"publish","type":"post","link":"https:\/\/zakrasnejsivimperk.cz\/?p=143280","title":{"rendered":"\u010cESK\u00c9 BUD\u011aJOVICE: Prvn\u00ed miminko v babyboxu. Hol\u010di\u010dka dostala jm\u00e9no Ivanka"},"content":{"rendered":"<p><img loading=\"lazy\" decoding=\"async\" class=\"aligncenter wp-image-143300 size-full\" src=\"http:\/\/zakrasnejsivimperk.cz\/wp-content\/uploads\/2018\/10\/17\/ZZS-J\u010dK-prvn\u00ed-novorozenc-z-babyboxu-korekce.jpg\" alt=\"\" width=\"1200\" height=\"1599\" srcset=\"https:\/\/zakrasnejsivimperk.cz\/wp-content\/uploads\/2018\/10\/17\/ZZS-J\u010dK-prvn\u00ed-novorozenc-z-babyboxu-korekce.jpg 1200w, https:\/\/zakrasnejsivimperk.cz\/wp-content\/uploads\/2018\/10\/17\/ZZS-J\u010dK-prvn\u00ed-novorozenc-z-babyboxu-korekce-225x300.jpg 225w, https:\/\/zakrasnejsivimperk.cz\/wp-content\/uploads\/2018\/10\/17\/ZZS-J\u010dK-prvn\u00ed-novorozenc-z-babyboxu-korekce-768x1024.jpg 768w, https:\/\/zakrasnejsivimperk.cz\/wp-content\/uploads\/2018\/10\/17\/ZZS-J\u010dK-prvn\u00ed-novorozenc-z-babyboxu-korekce-268x357.jpg 268w, https:\/\/zakrasnejsivimperk.cz\/wp-content\/uploads\/2018\/10\/17\/ZZS-J\u010dK-prvn\u00ed-novorozenc-z-babyboxu-korekce-362x483.jpg 362w\" sizes=\"(max-width: 1200px) 100vw, 1200px\" \/><\/p>\n<p>&nbsp;<\/p>\n<h6>Ve st\u0159edu 17. \u0159\u00edjna kr\u00e1tce po p\u016flnoci se na Zdravotnick\u00e9m opera\u010dn\u00edm st\u0159edisku Zdravotnick\u00e9 z\u00e1chrann\u00e9 slu\u017eby Jiho\u010desk\u00e9ho kraje (ZZS J\u010dK) poprv\u00e9 rozezn\u011bl alarm a soub\u011b\u017en\u011b zobrazil videoz\u00e1znam d\u00edt\u011bte vlo\u017een\u00e9ho do babyboxu.<\/h6>\n<p>Oper\u00e1to\u0159i k\u00a0boxu okam\u017eit\u011b vyslali zdravotnick\u00fd person\u00e1l ZZS J\u010dK. Z\u00e1chran\u00e1\u0159i zde nalezli zdravou novorozenou hol\u010di\u010dku. Po z\u00e1kladn\u00edm l\u00e9ka\u0159sk\u00e9m vy\u0161et\u0159en\u00ed byla hol\u010di\u010dka p\u0159evezena do \u010deskobud\u011bjovick\u00e9 nemocnice a p\u0159ed\u00e1na do p\u00e9\u010de neonatologick\u00e9ho odd\u011blen\u00ed.<\/p>\n<p>Novorozen\u00e1 sle\u010dna dostala jm\u00e9no Ivanka. Je leto\u0161n\u00edm \u0161estn\u00e1ct\u00fdm d\u00edt\u011btem, kter\u00e9mu babybox v \u010cR zachr\u00e1nil \u017eivot. V\u00a0\u010cesk\u00fdch Bud\u011bjovic\u00edch funguje babybox \u0161est let a je um\u00edst\u011bn p\u0159\u00edmo na budov\u011b Zdravotnick\u00e9 z\u00e1chrann\u00e9 slu\u017eby. Ivanka je\u00a0prvn\u00ed miminko, kter\u00e9 do t\u00e9to schr\u00e1nky n\u011bkdo vlo\u017eil.<\/p>\n<p>&nbsp;<\/p>\n<p><strong>Text a foto: Petra KAFKOV\u00c1, Zdravotnick\u00e1 z\u00e1chrann\u00e1 slu\u017eba Jiho\u010desk\u00e9ho kraje<\/strong><\/p>\n<p>&nbsp;<\/p>\n<p>&nbsp;<\/p>\n<p>&nbsp;<\/p>\n","protected":false},"excerpt":{"rendered":"<p>&nbsp; Ve <\/p>\n","protected":false},"author":2,"featured_media":143301,"comment_status":"open","ping_status":"open","sticky":false,"template":"","format":"gallery","meta":{"footnotes":""},"categories":[72],"tags":[],"jetpack_featured_media_url":"https:\/\/zakrasnejsivimperk.cz\/wp-content\/uploads\/2018\/10\/17\/r\u00e1me\u010dek-babybox-nov\u00fd.jpg","_links":{"self":[{"href":"https:\/\/zakrasnejsivimperk.cz\/index.php?rest_route=\/wp\/v2\/posts\/143280"}],"collection":[{"href":"https:\/\/zakrasnejsivimperk.cz\/index.php?rest_route=\/wp\/v2\/posts"}],"about":[{"href":"https:\/\/zakrasnejsivimperk.cz\/index.php?rest_route=\/wp\/v2\/types\/post"}],"author":[{"embeddable":true,"href":"https:\/\/zakrasnejsivimperk.cz\/index.php?rest_route=\/wp\/v2\/users\/2"}],"replies":[{"embeddable":true,"href":"https:\/\/zakrasnejsivimperk.cz\/index.php?rest_route=%2Fwp%2Fv2%2Fcomments&post=143280"}],"version-history":[{"count":7,"href":"https:\/\/zakrasnejsivimperk.cz\/index.php?rest_route=\/wp\/v2\/posts\/143280\/revisions"}],"predecessor-version":[{"id":143303,"href":"https:\/\/zakrasnejsivimperk.cz\/index.php?rest_route=\/wp\/v2\/posts\/143280\/revisions\/143303"}],"wp:featuredmedia":[{"embeddable":true,"href":"https:\/\/zakrasnejsivimperk.cz\/index.php?rest_route=\/wp\/v2\/media\/143301"}],"wp:attachment":[{"href":"https:\/\/zakrasnejsivimperk.cz\/index.php?rest_route=%2Fwp%2Fv2%2Fmedia&parent=143280"}],"wp:term":[{"taxonomy":"category","embeddable":true,"href":"https:\/\/zakrasnejsivimperk.cz\/index.php?rest_route=%2Fwp%2Fv2%2Fcategories&post=143280"},{"taxonomy":"post_tag","embeddable":true,"href":"https:\/\/zakrasnejsivimperk.cz\/index.php?rest_route=%2Fwp%2Fv2%2Ftags&post=143280"}],"curies":[{"name":"wp","href":"https:\/\/api.w.org\/{rel}","templated":true}]}}