{"id":143073,"date":"2018-10-16T12:33:09","date_gmt":"2018-10-16T11:33:09","guid":{"rendered":"http:\/\/zakrasnejsivimperk.cz\/?p=143073"},"modified":"2018-10-17T13:32:37","modified_gmt":"2018-10-17T12:32:37","slug":"lipensko-na-lodi-adalbert-stifter-ktera-cele-leto-brazdi-lipno-se-odehraji-originalni-dobrocinne-koncerty","status":"publish","type":"post","link":"https:\/\/zakrasnejsivimperk.cz\/?p=143073","title":{"rendered":"LIPENSKO: Na lodi Adalbert Stifter, kter\u00e1 cel\u00e9 l\u00e9to br\u00e1zd\u00ed Lipno, se odehraj\u00ed origin\u00e1ln\u00ed dobro\u010dinn\u00e9 koncerty"},"content":{"rendered":"<p><img loading=\"lazy\" decoding=\"async\" class=\"aligncenter wp-image-143074 size-full\" src=\"http:\/\/zakrasnejsivimperk.cz\/wp-content\/uploads\/2018\/10\/15\/Parn\u00edk-A.S..jpg\" alt=\"\" width=\"1900\" height=\"1291\" srcset=\"https:\/\/zakrasnejsivimperk.cz\/wp-content\/uploads\/2018\/10\/15\/Parn\u00edk-A.S..jpg 1900w, https:\/\/zakrasnejsivimperk.cz\/wp-content\/uploads\/2018\/10\/15\/Parn\u00edk-A.S.-300x204.jpg 300w, https:\/\/zakrasnejsivimperk.cz\/wp-content\/uploads\/2018\/10\/15\/Parn\u00edk-A.S.-768x522.jpg 768w, https:\/\/zakrasnejsivimperk.cz\/wp-content\/uploads\/2018\/10\/15\/Parn\u00edk-A.S.-1024x696.jpg 1024w, https:\/\/zakrasnejsivimperk.cz\/wp-content\/uploads\/2018\/10\/15\/Parn\u00edk-A.S.-525x357.jpg 525w, https:\/\/zakrasnejsivimperk.cz\/wp-content\/uploads\/2018\/10\/15\/Parn\u00edk-A.S.-711x483.jpg 711w\" sizes=\"(max-width: 1900px) 100vw, 1900px\" \/><\/p>\n<p>&nbsp;<\/p>\n<h6>Na lodi Adalbert Stifter se odehraje origin\u00e1ln\u00ed dobro\u010dinn\u00e1 akce \u2013 koncerty, kter\u00fd organizuj\u00ed u\u010ditelka a \u017e\u00e1ci z frymbursk\u00e9 z\u00e1kladn\u00ed \u0161koly. Z v\u00fdt\u011b\u017eku cht\u011bj\u00ed zaplatit studium egyptsk\u00e9 d\u00edvky z chud\u00e9 rodiny.<\/h6>\n<p><img loading=\"lazy\" decoding=\"async\" class=\"size-medium wp-image-129283 alignright\" src=\"http:\/\/zakrasnejsivimperk.cz\/wp-content\/uploads\/2018\/04\/30\/lipensko-logo-300x152.jpg\" alt=\"\" width=\"300\" height=\"152\" \/>Cel\u00e9 l\u00e9to voz\u00ed lo\u010f Adalbert Stifter turisty na lipensk\u00e9m jeze\u0159e, o tomto v\u00edkendu (20. a 21.\u0159\u00edjna) prop\u016fj\u010d\u00ed svou palubu charitativn\u00edmu projektu. Odehraje se zde hudebn\u00ed dobro\u010dinn\u00fd festival And\u011blsk\u00e1 P\u0159\u00e1n\u00ed Frymburk 2018. Akci zorganizovala u\u010ditelka z frymbursk\u00e9 z\u00e1kladn\u00ed \u0161koly, na projektu se jako dobrovoln\u00edci pod\u00edl\u00ed sou\u010dasn\u00ed i b\u00fdval\u00ed \u017e\u00e1ci frymbursk\u00e9 z\u00e1kladn\u00ed \u0161koly.<\/p>\n<p>V\u00edce informac\u00ed o programu je na webu: <a href=\"https:\/\/andelskaprani.net\/program\/\" target=\"_blank\" rel=\"noopener\"><strong>https:\/\/andelskaprani.net\/program\/<\/strong><\/a>. Vstupenka na celou akci stoj\u00ed 400,- K\u010d nebo 100 K\u010d na jednotliv\u00e9 koncerty.<\/p>\n<p><em>\u201eLo\u010f bude po v\u011bt\u0161inu programu st\u00e1t ve Frymburku a ka\u017ed\u00fd den provede jednu okru\u017en\u00ed plavbu s koncertem \u0161pi\u010dkov\u00fdch um\u011blc\u016f,\u201c<\/em> uv\u00e1d\u00ed Karel Andrle za spole\u010dnost Rosenberger \u2013 Lipno \u2013 Line, kter\u00e1 provozuje lodn\u00ed dopravu na Lipn\u011b. Autorem n\u00e1padu je Barbora Tybitanclov\u00e1, u\u010ditelka hudebn\u00ed v\u00fdchovy z frymbursk\u00e9 z\u00e1kladn\u00ed \u0161koly. Ta ji\u017e od sv\u00fdch dvan\u00e1cti let organizuje a vym\u00fd\u0161l\u00ed akce pro d\u011bti i pro dosp\u011bl\u00e9. <em>\u201eKone\u010dn\u011b se mi povedlo skloubit v\u0161echno, pro co \u017eiji. Pr\u00e1ci se sv\u00fdmi \u017e\u00e1ky, ale i lidmi, kter\u00e9 miluji. Hudbu, divadlo, v\u00fdtvarno, aktivn\u00ed tvorbu, vypr\u00e1v\u011bn\u00ed p\u0159\u00edb\u011bh\u016f i bubnov\u00e1n\u00ed v kruhu, u\u010d\u00edme d\u011bti zapojovat se do organizace tak, aby v budoucnu samy mohly organizovat obdobn\u00e9 aktivity a byly si v\u011bdomy toho, \u017ee st\u00e1tn\u00ed \u0161kolstv\u00ed nen\u00ed v\u0161ude samoz\u0159ejmost\u00ed,\u201c<\/em> vysv\u011btluje Barbora Tybitanclov\u00e1.<\/p>\n<p>Akce podle jej\u00edch slov vyplynula z jej\u00edch p\u0159edchoz\u00edch aktivit, kdy krom\u011b jin\u00e9ho nap\u0159\u00edklad napsala a produkovala teenagerovsk\u00fd muzik\u00e1l v \u010deskokrumlovsk\u00e9m divadle. <em>\u201eProgram festivalu bude rozd\u011blen\u00fd na dopoledn\u00ed a odpoledn\u00ed \u010d\u00e1st. N\u00e1v\u0161t\u011bvn\u00edk bude moci ob\u011b dopoledne v budov\u011b \u0161koly modelovat, malovat, tvo\u0159it a odpoledne si na lodi zazp\u00edvat, zaposlouchat, povypr\u00e1v\u011bt, zabubnovat, nebo shl\u00e9dnout divadlo,\u201c<\/em> vyjmenovala. Nakonec se sv\u011b\u0159ila, \u017ee d\u016fle\u017eit\u00fdm impulsem bylo i to, kdy\u017e jej\u00ed matka p\u0159ed rokem v\u00e1\u017en\u011b onemocn\u011bla rakovinou. <em>\u201eByla cel\u00fd rok tak \u00fa\u017easn\u011b state\u010dn\u00e1, \u017ee jsem na ni nesm\u00edrn\u011b hrd\u00e1, dnes mohu \u0159\u00edct, \u017ee svou nemoc snad zdolala,\u201c<\/em> prozradila.<\/p>\n<p>P\u0159i organizaci ji nejv\u00edce pom\u00e1h\u00e1 jej\u00ed b\u00fdval\u00fd \u017e\u00e1k, dnes dvacetilet\u00fd Petr Rul\u00ed\u0161ek z \u010cern\u00e9 v Po\u0161umav\u00ed. Nad\u0161en\u00fd, \u0161ikovn\u00fd, ochotn\u00fd a talentovan\u00fd mlad\u00fd mu\u017e, muzikant, za\u010d\u00ednaj\u00edc\u00ed zp\u011bv\u00e1k, s n\u00edm mnoho d\u011bt\u00ed z Frymburka a okol\u00ed, kter\u00e9 akci moderuj\u00ed, vystupuj\u00ed a pom\u00e1haj\u00ed se v\u0161\u00edm, co je pot\u0159eba, ale i dal\u0161\u00ed lid\u00e9 z Lipenska.<\/p>\n<p><em>\u201eVe\u0161ker\u00fd v\u00fdt\u011b\u017eek po\u0161leme do Egypta jedn\u00e9 d\u00edvce, kter\u00e9 letos kon\u010d\u00ed povinn\u00e1 \u0161koln\u00ed doch\u00e1zka a chud\u00ed rodi\u010de nemaj\u00ed pen\u00edze na to, aby j\u00ed mohli dop\u0159\u00e1t st\u0159edn\u00ed \u0161kolu. Co se vybere nad tuto \u010d\u00e1stku, tak poputuje nadaci Onkol\u00e1\u010dek, kter\u00fd se star\u00e1 o komfort t\u011bch nejmen\u0161\u00edch, kte\u0159\u00ed onemocn\u00ed rakovinou,\u201c<\/em> informuje.<\/p>\n<p>Na akci vystoup\u00ed \u0159ada hudebn\u00edk\u016f: kytarista a skladatel Luk\u00e1\u0161 Sommer, Michala Stehl\u00edkov\u00e1, kter\u00e1 hraje na violoncello, vystoup\u00ed i kouzeln\u00edk Jaroslav Ruso, divadlo Divolo\u010f a \u017e\u00e1ci pedagoga V\u00e1clava Klaboucha z kaplick\u00e9 ZU\u0160.<em> \u201eOstatn\u00ed program tvo\u0159\u00ed hudebn\u00edci neplnolet\u00ed, je\u017e jsou sou\u010dasn\u00fdmi nebo b\u00fdval\u00fdmi \u017e\u00e1ky na\u0161\u00ed \u0161koly, tzv. And\u011blsk\u00fd t\u00fdm. V\u011bt\u0161inu z nich jsem zp\u011bv u\u010dila, nebo je\u0161t\u011b u\u010d\u00edm,\u201c<\/em> uzav\u0159ela.<\/p>\n<p><strong>Text a foto: (pp)<\/strong><\/p>\n<p>&nbsp;<\/p>\n","protected":false},"excerpt":{"rendered":"<p>&nbsp; Na <\/p>\n","protected":false},"author":2,"featured_media":143091,"comment_status":"open","ping_status":"open","sticky":false,"template":"","format":"gallery","meta":{"footnotes":""},"categories":[72],"tags":[],"jetpack_featured_media_url":"https:\/\/zakrasnejsivimperk.cz\/wp-content\/uploads\/2018\/10\/15\/r\u00e1me\u010dek-koncerty.jpg","_links":{"self":[{"href":"https:\/\/zakrasnejsivimperk.cz\/index.php?rest_route=\/wp\/v2\/posts\/143073"}],"collection":[{"href":"https:\/\/zakrasnejsivimperk.cz\/index.php?rest_route=\/wp\/v2\/posts"}],"about":[{"href":"https:\/\/zakrasnejsivimperk.cz\/index.php?rest_route=\/wp\/v2\/types\/post"}],"author":[{"embeddable":true,"href":"https:\/\/zakrasnejsivimperk.cz\/index.php?rest_route=\/wp\/v2\/users\/2"}],"replies":[{"embeddable":true,"href":"https:\/\/zakrasnejsivimperk.cz\/index.php?rest_route=%2Fwp%2Fv2%2Fcomments&post=143073"}],"version-history":[{"count":3,"href":"https:\/\/zakrasnejsivimperk.cz\/index.php?rest_route=\/wp\/v2\/posts\/143073\/revisions"}],"predecessor-version":[{"id":143092,"href":"https:\/\/zakrasnejsivimperk.cz\/index.php?rest_route=\/wp\/v2\/posts\/143073\/revisions\/143092"}],"wp:featuredmedia":[{"embeddable":true,"href":"https:\/\/zakrasnejsivimperk.cz\/index.php?rest_route=\/wp\/v2\/media\/143091"}],"wp:attachment":[{"href":"https:\/\/zakrasnejsivimperk.cz\/index.php?rest_route=%2Fwp%2Fv2%2Fmedia&parent=143073"}],"wp:term":[{"taxonomy":"category","embeddable":true,"href":"https:\/\/zakrasnejsivimperk.cz\/index.php?rest_route=%2Fwp%2Fv2%2Fcategories&post=143073"},{"taxonomy":"post_tag","embeddable":true,"href":"https:\/\/zakrasnejsivimperk.cz\/index.php?rest_route=%2Fwp%2Fv2%2Ftags&post=143073"}],"curies":[{"name":"wp","href":"https:\/\/api.w.org\/{rel}","templated":true}]}}