{"id":143003,"date":"2018-10-15T11:38:28","date_gmt":"2018-10-15T10:38:28","guid":{"rendered":"http:\/\/zakrasnejsivimperk.cz\/?p=143003"},"modified":"2018-10-16T12:33:55","modified_gmt":"2018-10-16T11:33:55","slug":"jizni-cechy-navstevnici-se-na-klet-vyvezou-novou-lanovkou","status":"publish","type":"post","link":"https:\/\/zakrasnejsivimperk.cz\/?p=143003","title":{"rendered":"JI\u017dN\u00cd \u010cECHY: N\u00e1v\u0161t\u011bvn\u00edci se na Kle\u0165 vyvezou novou lanovkou"},"content":{"rendered":"<p><img loading=\"lazy\" decoding=\"async\" class=\"aligncenter wp-image-143008 size-full\" src=\"http:\/\/zakrasnejsivimperk.cz\/wp-content\/uploads\/2018\/10\/14\/klet-lanovka-5.jpg\" alt=\"\" width=\"1100\" height=\"825\" srcset=\"https:\/\/zakrasnejsivimperk.cz\/wp-content\/uploads\/2018\/10\/14\/klet-lanovka-5.jpg 1100w, https:\/\/zakrasnejsivimperk.cz\/wp-content\/uploads\/2018\/10\/14\/klet-lanovka-5-300x225.jpg 300w, https:\/\/zakrasnejsivimperk.cz\/wp-content\/uploads\/2018\/10\/14\/klet-lanovka-5-768x576.jpg 768w, https:\/\/zakrasnejsivimperk.cz\/wp-content\/uploads\/2018\/10\/14\/klet-lanovka-5-1024x768.jpg 1024w, https:\/\/zakrasnejsivimperk.cz\/wp-content\/uploads\/2018\/10\/14\/klet-lanovka-5-476x357.jpg 476w, https:\/\/zakrasnejsivimperk.cz\/wp-content\/uploads\/2018\/10\/14\/klet-lanovka-5-644x483.jpg 644w\" sizes=\"(max-width: 1100px) 100vw, 1100px\" \/><\/p>\n<p>&nbsp;<\/p>\n<h6>Novou lanovou dr\u00e1hu budou moci vyu\u017e\u00edvat n\u00e1v\u0161t\u011bvn\u00edci rozhledny Kle\u0165 na \u010ceskokrumlovsku. Pr\u00e1v\u011b toti\u017e prob\u011bhla v\u00fdm\u011bna 34 let star\u00e9ho lana za nov\u00e9. Na jeho po\u0159\u00edzen\u00ed p\u0159isp\u011bl Jiho\u010desk\u00fd kraj \u010d\u00e1stkou 970 tis\u00edc korun. Celkov\u00e9 n\u00e1klady se pak vy\u0161plhaly na n\u011bco p\u0159es jeden a p\u016fl milionu korun.<\/h6>\n<p><em><img loading=\"lazy\" decoding=\"async\" class=\"size-medium wp-image-92309 alignright\" src=\"http:\/\/zakrasnejsivimperk.cz\/wp-content\/uploads\/2017\/02\/09\/jiho\u010desk\u00fd-kraj3-300x161.jpg\" alt=\"\" width=\"300\" height=\"161\" srcset=\"https:\/\/zakrasnejsivimperk.cz\/wp-content\/uploads\/2017\/02\/09\/jiho\u010desk\u00fd-kraj3-300x161.jpg 300w, https:\/\/zakrasnejsivimperk.cz\/wp-content\/uploads\/2017\/02\/09\/jiho\u010desk\u00fd-kraj3-768x412.jpg 768w, https:\/\/zakrasnejsivimperk.cz\/wp-content\/uploads\/2017\/02\/09\/jiho\u010desk\u00fd-kraj3-665x357.jpg 665w, https:\/\/zakrasnejsivimperk.cz\/wp-content\/uploads\/2017\/02\/09\/jiho\u010desk\u00fd-kraj3-899x483.jpg 899w, https:\/\/zakrasnejsivimperk.cz\/wp-content\/uploads\/2017\/02\/09\/jiho\u010desk\u00fd-kraj3.jpg 1000w\" sizes=\"(max-width: 300px) 100vw, 300px\" \/>\u201eP\u016fvodn\u00ed lano je v\u00a0provozu u\u017e od roku 1983 a pat\u0159\u00ed tedy k\u00a0nejstar\u0161\u00edm v\u00a0republice. St\u00e1le stoupaj\u00edc\u00ed n\u00e1klady na \u00fadr\u017ebu lanov\u00e9 dr\u00e1hy jsou proto pro obec Holubov st\u00e1le v\u00edce zat\u011b\u017euj\u00edc\u00ed a ani zdaleka se je neda\u0159\u00ed pokr\u00fdt z\u00a0v\u00fdnos\u016f prodeje vstupn\u00e9ho,\u201c<\/em> vysv\u011btlil radn\u00ed pro dopravu Ji\u0159\u00ed \u0160vec d\u016fvod, pro\u010d se kraj rozhodl \u017e\u00e1dost o\u00a0dotaci podpo\u0159it a na v\u00fdm\u011bnu lana poskytnout \u010d\u00e1stku 970 tis\u00edc korun. Finan\u010dn\u00ed podporu schv\u00e1lilo zastupitelstvo kraje 5.\u00a0dubna tohoto roku.<\/p>\n<p>Jak vysv\u011btlil starosta obce Holubov Roman Kudl\u00e1\u010dek, prob\u00edhaly pak samotn\u00e9 pr\u00e1ce od 4. do 9. \u0159\u00edjna.<em> \u201eN\u00e1plet nov\u00e9ho lana se uskute\u010dnil o minul\u00e9m v\u00edkendu a od \u00faterka 9. \u0159\u00edjna byl provoz na lanovce spu\u0161t\u011bn, aby si lano takzvan\u011b \u201esedlo\u201c. V\u00a0sou\u010dasn\u00e9 dob\u011b lanovka pojede ur\u010dit\u00fd \u010das napr\u00e1zdno a bez seda\u010dek. Pokud n\u00e1sledn\u00fd rentgen nov\u00e9ho lana a ostatn\u00edch za\u0159\u00edzen\u00ed neuk\u00e1\u017ee \u017e\u00e1dn\u00e9 z\u00e1vady, namontuj\u00ed se zp\u011bt seda\u010dky a\u00a0u\u017e 1. listopadu bude zah\u00e1jen pravideln\u00fd provoz,\u201c<\/em> vysv\u011btlil postup prac\u00ed starosta a dodal, \u017ee celkov\u00e9 n\u00e1klady na v\u00fdm\u011bnu dos\u00e1hly \u010d\u00e1stky 1\u00a0568\u00a0705 korun.<\/p>\n<p><strong>Text a foto: (tzj\u010d)<\/strong><\/p>\n<div id='gallery-1' class='gallery galleryid-143003 gallery-columns-3 gallery-size-medium'><figure class='gallery-item'>\n\t\t\t<div class='gallery-icon landscape'>\n\t\t\t\t<a href='https:\/\/zakrasnejsivimperk.cz\/?attachment_id=143004'><img loading=\"lazy\" decoding=\"async\" width=\"300\" height=\"225\" src=\"https:\/\/zakrasnejsivimperk.cz\/wp-content\/uploads\/2018\/10\/14\/klet-lanovka-1-300x225.jpg\" class=\"attachment-medium size-medium\" alt=\"\" srcset=\"https:\/\/zakrasnejsivimperk.cz\/wp-content\/uploads\/2018\/10\/14\/klet-lanovka-1-300x225.jpg 300w, https:\/\/zakrasnejsivimperk.cz\/wp-content\/uploads\/2018\/10\/14\/klet-lanovka-1-768x576.jpg 768w, https:\/\/zakrasnejsivimperk.cz\/wp-content\/uploads\/2018\/10\/14\/klet-lanovka-1-1024x768.jpg 1024w, https:\/\/zakrasnejsivimperk.cz\/wp-content\/uploads\/2018\/10\/14\/klet-lanovka-1-476x357.jpg 476w, https:\/\/zakrasnejsivimperk.cz\/wp-content\/uploads\/2018\/10\/14\/klet-lanovka-1-644x483.jpg 644w, https:\/\/zakrasnejsivimperk.cz\/wp-content\/uploads\/2018\/10\/14\/klet-lanovka-1.jpg 1100w\" sizes=\"(max-width: 300px) 100vw, 300px\" \/><\/a>\n\t\t\t<\/div><\/figure><figure class='gallery-item'>\n\t\t\t<div class='gallery-icon landscape'>\n\t\t\t\t<a href='https:\/\/zakrasnejsivimperk.cz\/?attachment_id=143005'><img loading=\"lazy\" decoding=\"async\" width=\"300\" height=\"225\" src=\"https:\/\/zakrasnejsivimperk.cz\/wp-content\/uploads\/2018\/10\/14\/klet-lanovka-2-300x225.jpg\" class=\"attachment-medium size-medium\" alt=\"\" srcset=\"https:\/\/zakrasnejsivimperk.cz\/wp-content\/uploads\/2018\/10\/14\/klet-lanovka-2-300x225.jpg 300w, https:\/\/zakrasnejsivimperk.cz\/wp-content\/uploads\/2018\/10\/14\/klet-lanovka-2-768x576.jpg 768w, https:\/\/zakrasnejsivimperk.cz\/wp-content\/uploads\/2018\/10\/14\/klet-lanovka-2-1024x768.jpg 1024w, https:\/\/zakrasnejsivimperk.cz\/wp-content\/uploads\/2018\/10\/14\/klet-lanovka-2-476x357.jpg 476w, https:\/\/zakrasnejsivimperk.cz\/wp-content\/uploads\/2018\/10\/14\/klet-lanovka-2-644x483.jpg 644w, https:\/\/zakrasnejsivimperk.cz\/wp-content\/uploads\/2018\/10\/14\/klet-lanovka-2.jpg 1100w\" sizes=\"(max-width: 300px) 100vw, 300px\" \/><\/a>\n\t\t\t<\/div><\/figure><figure class='gallery-item'>\n\t\t\t<div class='gallery-icon landscape'>\n\t\t\t\t<a href='https:\/\/zakrasnejsivimperk.cz\/?attachment_id=143006'><img loading=\"lazy\" decoding=\"async\" width=\"300\" height=\"225\" src=\"https:\/\/zakrasnejsivimperk.cz\/wp-content\/uploads\/2018\/10\/14\/klet-lanovka-3-300x225.jpg\" class=\"attachment-medium size-medium\" alt=\"\" srcset=\"https:\/\/zakrasnejsivimperk.cz\/wp-content\/uploads\/2018\/10\/14\/klet-lanovka-3-300x225.jpg 300w, https:\/\/zakrasnejsivimperk.cz\/wp-content\/uploads\/2018\/10\/14\/klet-lanovka-3-768x576.jpg 768w, https:\/\/zakrasnejsivimperk.cz\/wp-content\/uploads\/2018\/10\/14\/klet-lanovka-3-1024x768.jpg 1024w, https:\/\/zakrasnejsivimperk.cz\/wp-content\/uploads\/2018\/10\/14\/klet-lanovka-3-476x357.jpg 476w, https:\/\/zakrasnejsivimperk.cz\/wp-content\/uploads\/2018\/10\/14\/klet-lanovka-3-644x483.jpg 644w, https:\/\/zakrasnejsivimperk.cz\/wp-content\/uploads\/2018\/10\/14\/klet-lanovka-3.jpg 1100w\" sizes=\"(max-width: 300px) 100vw, 300px\" \/><\/a>\n\t\t\t<\/div><\/figure><figure class='gallery-item'>\n\t\t\t<div class='gallery-icon landscape'>\n\t\t\t\t<a href='https:\/\/zakrasnejsivimperk.cz\/?attachment_id=143007'><img loading=\"lazy\" decoding=\"async\" width=\"300\" height=\"225\" src=\"https:\/\/zakrasnejsivimperk.cz\/wp-content\/uploads\/2018\/10\/14\/klet-lanovka-4-300x225.jpg\" class=\"attachment-medium size-medium\" alt=\"\" srcset=\"https:\/\/zakrasnejsivimperk.cz\/wp-content\/uploads\/2018\/10\/14\/klet-lanovka-4-300x225.jpg 300w, https:\/\/zakrasnejsivimperk.cz\/wp-content\/uploads\/2018\/10\/14\/klet-lanovka-4-768x576.jpg 768w, https:\/\/zakrasnejsivimperk.cz\/wp-content\/uploads\/2018\/10\/14\/klet-lanovka-4-1024x768.jpg 1024w, https:\/\/zakrasnejsivimperk.cz\/wp-content\/uploads\/2018\/10\/14\/klet-lanovka-4-476x357.jpg 476w, https:\/\/zakrasnejsivimperk.cz\/wp-content\/uploads\/2018\/10\/14\/klet-lanovka-4-644x483.jpg 644w, https:\/\/zakrasnejsivimperk.cz\/wp-content\/uploads\/2018\/10\/14\/klet-lanovka-4.jpg 1100w\" sizes=\"(max-width: 300px) 100vw, 300px\" \/><\/a>\n\t\t\t<\/div><\/figure><figure class='gallery-item'>\n\t\t\t<div class='gallery-icon landscape'>\n\t\t\t\t<a href='https:\/\/zakrasnejsivimperk.cz\/?attachment_id=143008'><img loading=\"lazy\" decoding=\"async\" width=\"300\" height=\"225\" src=\"https:\/\/zakrasnejsivimperk.cz\/wp-content\/uploads\/2018\/10\/14\/klet-lanovka-5-300x225.jpg\" class=\"attachment-medium size-medium\" alt=\"\" srcset=\"https:\/\/zakrasnejsivimperk.cz\/wp-content\/uploads\/2018\/10\/14\/klet-lanovka-5-300x225.jpg 300w, https:\/\/zakrasnejsivimperk.cz\/wp-content\/uploads\/2018\/10\/14\/klet-lanovka-5-768x576.jpg 768w, https:\/\/zakrasnejsivimperk.cz\/wp-content\/uploads\/2018\/10\/14\/klet-lanovka-5-1024x768.jpg 1024w, https:\/\/zakrasnejsivimperk.cz\/wp-content\/uploads\/2018\/10\/14\/klet-lanovka-5-476x357.jpg 476w, https:\/\/zakrasnejsivimperk.cz\/wp-content\/uploads\/2018\/10\/14\/klet-lanovka-5-644x483.jpg 644w, https:\/\/zakrasnejsivimperk.cz\/wp-content\/uploads\/2018\/10\/14\/klet-lanovka-5.jpg 1100w\" sizes=\"(max-width: 300px) 100vw, 300px\" \/><\/a>\n\t\t\t<\/div><\/figure><figure class='gallery-item'>\n\t\t\t<div class='gallery-icon landscape'>\n\t\t\t\t<a href='https:\/\/zakrasnejsivimperk.cz\/?attachment_id=143009'><img loading=\"lazy\" decoding=\"async\" width=\"300\" height=\"225\" src=\"https:\/\/zakrasnejsivimperk.cz\/wp-content\/uploads\/2018\/10\/14\/klet-lanovka-6-300x225.jpg\" class=\"attachment-medium size-medium\" alt=\"\" srcset=\"https:\/\/zakrasnejsivimperk.cz\/wp-content\/uploads\/2018\/10\/14\/klet-lanovka-6-300x225.jpg 300w, https:\/\/zakrasnejsivimperk.cz\/wp-content\/uploads\/2018\/10\/14\/klet-lanovka-6-768x576.jpg 768w, https:\/\/zakrasnejsivimperk.cz\/wp-content\/uploads\/2018\/10\/14\/klet-lanovka-6-1024x768.jpg 1024w, https:\/\/zakrasnejsivimperk.cz\/wp-content\/uploads\/2018\/10\/14\/klet-lanovka-6-476x357.jpg 476w, https:\/\/zakrasnejsivimperk.cz\/wp-content\/uploads\/2018\/10\/14\/klet-lanovka-6-644x483.jpg 644w, https:\/\/zakrasnejsivimperk.cz\/wp-content\/uploads\/2018\/10\/14\/klet-lanovka-6.jpg 1100w\" sizes=\"(max-width: 300px) 100vw, 300px\" \/><\/a>\n\t\t\t<\/div><\/figure>\n\t\t<\/div>\n\n<p>&nbsp;<\/p>\n","protected":false},"excerpt":{"rendered":"<p>&nbsp; Novou <\/p>\n","protected":false},"author":2,"featured_media":143084,"comment_status":"open","ping_status":"open","sticky":false,"template":"","format":"gallery","meta":{"footnotes":""},"categories":[72],"tags":[],"jetpack_featured_media_url":"https:\/\/zakrasnejsivimperk.cz\/wp-content\/uploads\/2018\/10\/15\/r\u00e1me\u010dek-lanovka-kle\u00b4t.jpg","_links":{"self":[{"href":"https:\/\/zakrasnejsivimperk.cz\/index.php?rest_route=\/wp\/v2\/posts\/143003"}],"collection":[{"href":"https:\/\/zakrasnejsivimperk.cz\/index.php?rest_route=\/wp\/v2\/posts"}],"about":[{"href":"https:\/\/zakrasnejsivimperk.cz\/index.php?rest_route=\/wp\/v2\/types\/post"}],"author":[{"embeddable":true,"href":"https:\/\/zakrasnejsivimperk.cz\/index.php?rest_route=\/wp\/v2\/users\/2"}],"replies":[{"embeddable":true,"href":"https:\/\/zakrasnejsivimperk.cz\/index.php?rest_route=%2Fwp%2Fv2%2Fcomments&post=143003"}],"version-history":[{"count":2,"href":"https:\/\/zakrasnejsivimperk.cz\/index.php?rest_route=\/wp\/v2\/posts\/143003\/revisions"}],"predecessor-version":[{"id":143083,"href":"https:\/\/zakrasnejsivimperk.cz\/index.php?rest_route=\/wp\/v2\/posts\/143003\/revisions\/143083"}],"wp:featuredmedia":[{"embeddable":true,"href":"https:\/\/zakrasnejsivimperk.cz\/index.php?rest_route=\/wp\/v2\/media\/143084"}],"wp:attachment":[{"href":"https:\/\/zakrasnejsivimperk.cz\/index.php?rest_route=%2Fwp%2Fv2%2Fmedia&parent=143003"}],"wp:term":[{"taxonomy":"category","embeddable":true,"href":"https:\/\/zakrasnejsivimperk.cz\/index.php?rest_route=%2Fwp%2Fv2%2Fcategories&post=143003"},{"taxonomy":"post_tag","embeddable":true,"href":"https:\/\/zakrasnejsivimperk.cz\/index.php?rest_route=%2Fwp%2Fv2%2Ftags&post=143003"}],"curies":[{"name":"wp","href":"https:\/\/api.w.org\/{rel}","templated":true}]}}