{"id":142167,"date":"2018-12-06T18:14:06","date_gmt":"2018-12-06T17:14:06","guid":{"rendered":"http:\/\/zakrasnejsivimperk.cz\/?p=142167"},"modified":"2018-12-06T21:00:52","modified_gmt":"2018-12-06T20:00:52","slug":"vcera-a-dnes-vimperk-zacatek-pivovarske-ulice-take-male-namesti-zhruba-pred-sto-lety-a-v-dnesni-dobe","status":"publish","type":"post","link":"https:\/\/zakrasnejsivimperk.cz\/?p=142167","title":{"rendered":"V\u010cERA A DNES: Vimperk &#8211; Za\u010d\u00e1tek Pivovarsk\u00e9 ulice (tak\u00e9 &#8220;mal\u00e9 n\u00e1m\u011bst\u00ed&#8221;) zhruba p\u0159ed sto lety a v dne\u0161n\u00ed dob\u011b"},"content":{"rendered":"<p><img loading=\"lazy\" decoding=\"async\" class=\"aligncenter wp-image-142168 size-full\" src=\"http:\/\/zakrasnejsivimperk.cz\/wp-content\/uploads\/2018\/10\/03\/mal\u00e9-n\u00e1m\u011bst\u00ed-1.jpg\" alt=\"\" width=\"1100\" height=\"649\" srcset=\"https:\/\/zakrasnejsivimperk.cz\/wp-content\/uploads\/2018\/10\/03\/mal\u00e9-n\u00e1m\u011bst\u00ed-1.jpg 1100w, https:\/\/zakrasnejsivimperk.cz\/wp-content\/uploads\/2018\/10\/03\/mal\u00e9-n\u00e1m\u011bst\u00ed-1-300x177.jpg 300w, https:\/\/zakrasnejsivimperk.cz\/wp-content\/uploads\/2018\/10\/03\/mal\u00e9-n\u00e1m\u011bst\u00ed-1-768x453.jpg 768w, https:\/\/zakrasnejsivimperk.cz\/wp-content\/uploads\/2018\/10\/03\/mal\u00e9-n\u00e1m\u011bst\u00ed-1-1024x604.jpg 1024w, https:\/\/zakrasnejsivimperk.cz\/wp-content\/uploads\/2018\/10\/03\/mal\u00e9-n\u00e1m\u011bst\u00ed-1-605x357.jpg 605w, https:\/\/zakrasnejsivimperk.cz\/wp-content\/uploads\/2018\/10\/03\/mal\u00e9-n\u00e1m\u011bst\u00ed-1-819x483.jpg 819w\" sizes=\"(max-width: 1100px) 100vw, 1100px\" \/><\/p>\n<p>&nbsp;<\/p>\n<p><img loading=\"lazy\" decoding=\"async\" class=\"aligncenter wp-image-142169\" src=\"http:\/\/zakrasnejsivimperk.cz\/wp-content\/uploads\/2018\/10\/03\/mal\u00e9-n\u00e1m\u011bst\u00ed-2.jpg\" alt=\"\" width=\"1100\" height=\"702\" srcset=\"https:\/\/zakrasnejsivimperk.cz\/wp-content\/uploads\/2018\/10\/03\/mal\u00e9-n\u00e1m\u011bst\u00ed-2.jpg 743w, https:\/\/zakrasnejsivimperk.cz\/wp-content\/uploads\/2018\/10\/03\/mal\u00e9-n\u00e1m\u011bst\u00ed-2-300x191.jpg 300w, https:\/\/zakrasnejsivimperk.cz\/wp-content\/uploads\/2018\/10\/03\/mal\u00e9-n\u00e1m\u011bst\u00ed-2-100x65.jpg 100w, https:\/\/zakrasnejsivimperk.cz\/wp-content\/uploads\/2018\/10\/03\/mal\u00e9-n\u00e1m\u011bst\u00ed-2-560x357.jpg 560w\" sizes=\"(max-width: 1100px) 100vw, 1100px\" \/><\/p>\n<p style=\"text-align: center;\"><strong>Foto: archiv a (red) &#8211; Za kr\u00e1sn\u011bj\u0161\u00ed Vimperk<\/strong><\/p>\n<p>&nbsp;<\/p>\n<p>&nbsp;<\/p>\n<p>&nbsp;<\/p>\n<p>&nbsp;<\/p>\n","protected":false},"excerpt":{"rendered":"<p>&nbsp; Foto: <\/p>\n","protected":false},"author":2,"featured_media":142171,"comment_status":"open","ping_status":"open","sticky":false,"template":"","format":"gallery","meta":{"footnotes":""},"categories":[74],"tags":[],"jetpack_featured_media_url":"https:\/\/zakrasnejsivimperk.cz\/wp-content\/uploads\/2018\/10\/03\/v\u010dera-a-dnes-mal\u00e9-n\u00e1m\u011bst\u00ed.jpg","_links":{"self":[{"href":"https:\/\/zakrasnejsivimperk.cz\/index.php?rest_route=\/wp\/v2\/posts\/142167"}],"collection":[{"href":"https:\/\/zakrasnejsivimperk.cz\/index.php?rest_route=\/wp\/v2\/posts"}],"about":[{"href":"https:\/\/zakrasnejsivimperk.cz\/index.php?rest_route=\/wp\/v2\/types\/post"}],"author":[{"embeddable":true,"href":"https:\/\/zakrasnejsivimperk.cz\/index.php?rest_route=\/wp\/v2\/users\/2"}],"replies":[{"embeddable":true,"href":"https:\/\/zakrasnejsivimperk.cz\/index.php?rest_route=%2Fwp%2Fv2%2Fcomments&post=142167"}],"version-history":[{"count":4,"href":"https:\/\/zakrasnejsivimperk.cz\/index.php?rest_route=\/wp\/v2\/posts\/142167\/revisions"}],"predecessor-version":[{"id":147566,"href":"https:\/\/zakrasnejsivimperk.cz\/index.php?rest_route=\/wp\/v2\/posts\/142167\/revisions\/147566"}],"wp:featuredmedia":[{"embeddable":true,"href":"https:\/\/zakrasnejsivimperk.cz\/index.php?rest_route=\/wp\/v2\/media\/142171"}],"wp:attachment":[{"href":"https:\/\/zakrasnejsivimperk.cz\/index.php?rest_route=%2Fwp%2Fv2%2Fmedia&parent=142167"}],"wp:term":[{"taxonomy":"category","embeddable":true,"href":"https:\/\/zakrasnejsivimperk.cz\/index.php?rest_route=%2Fwp%2Fv2%2Fcategories&post=142167"},{"taxonomy":"post_tag","embeddable":true,"href":"https:\/\/zakrasnejsivimperk.cz\/index.php?rest_route=%2Fwp%2Fv2%2Ftags&post=142167"}],"curies":[{"name":"wp","href":"https:\/\/api.w.org\/{rel}","templated":true}]}}