{"id":139654,"date":"2018-09-20T20:21:59","date_gmt":"2018-09-20T19:21:59","guid":{"rendered":"http:\/\/zakrasnejsivimperk.cz\/?p=139654"},"modified":"2018-09-21T17:43:20","modified_gmt":"2018-09-21T16:43:20","slug":"mestska-knihovna-vimperk-literarni-kulturni-a-jina-vyroci-v-zari-2018","status":"publish","type":"post","link":"https:\/\/zakrasnejsivimperk.cz\/?p=139654","title":{"rendered":"M\u011aSTSK\u00c1 KNIHOVNA VIMPERK: Liter\u00e1rn\u00ed, kulturn\u00ed a jin\u00e1 v\u00fdro\u010d\u00ed v z\u00e1\u0159\u00ed 2018"},"content":{"rendered":"<p><img loading=\"lazy\" decoding=\"async\" class=\"wp-image-139657 aligncenter\" src=\"http:\/\/zakrasnejsivimperk.cz\/wp-content\/uploads\/2018\/09\/06\/m\u011bstsk\u00e1-knihovna-logo.jpg\" alt=\"\" width=\"960\" height=\"238\" srcset=\"https:\/\/zakrasnejsivimperk.cz\/wp-content\/uploads\/2018\/09\/06\/m\u011bstsk\u00e1-knihovna-logo.jpg 707w, https:\/\/zakrasnejsivimperk.cz\/wp-content\/uploads\/2018\/09\/06\/m\u011bstsk\u00e1-knihovna-logo-300x74.jpg 300w, https:\/\/zakrasnejsivimperk.cz\/wp-content\/uploads\/2018\/09\/06\/m\u011bstsk\u00e1-knihovna-logo-700x175.jpg 700w\" sizes=\"(max-width: 960px) 100vw, 960px\" \/><\/p>\n<p>&nbsp;<\/p>\n<p><strong>2.9.<\/strong>\u00a0\u00a0\u00a0\u00a0\u00a0\u00a0\u00a0 45 let od \u00famrt\u00ed Johna Ronalda Reuela Tolkiena, anglick\u00e9ho spisovatele a filologa (P\u00e1n Prsten\u016f, Silmarillion,&#8230;)<\/p>\n<p><strong>3.9.\u00a0<\/strong>\u00a0\u00a0\u00a0\u00a0 135 let od \u00famrt\u00ed Ivana Sergejevi\u010de Turgen\u011bva, rusk\u00e9ho spisovatele (Lovcovy z\u00e1pisky, D\u00fdm, Otcov\u00e9 a d\u011bti, Jarn\u00ed\u00a0vody,&#8230;)<\/p>\n<p><strong>3.9.\u00a0\u00a0<\/strong>\u00a0\u00a0\u00a0\u00a0\u00a0 70 let od \u00famrt\u00ed Edvarda Bene\u0161e, \u010desk\u00e9ho pr\u00e1vn\u00edka, politika a prezidenta<\/p>\n<p><strong>4.9.\u00a0\u00a0\u00a0<\/strong>\u00a0\u00a0 250 let od narozen\u00ed Fran\u00e7oise-Ren\u00e9 de Chateaubrianda, francouzsk\u00e9ho spisovatele, kritika a historika (Atala,\u00a0Pam\u011bti ze z\u00e1hrob\u00ed&#8230;)<\/p>\n<p><strong>8.9.<\/strong>\u00a0\u00a0\u00a0\u00a0\u00a0 145 let od narozen\u00ed Alfreda Jarryho, francouzsk\u00e9ho spisovatele a dramatika, p\u0159edch\u016fdce absurdn\u00edho dramatu (Kr\u00e1l Ubu, Nadsamec,&#8230;)<\/p>\n<p><strong>9.9.<\/strong>\u00a0\u00a0\u00a0\u00a0\u00a0 190 let od narozen\u00ed Lva Nikolajevi\u010de Tolst\u00e9ho, rusk\u00e9ho spisovatele (Vojna a m\u00edr, Kreutzerova son\u00e1ta, Anna\u00a0\u00a0Karenina, Vzk\u0159\u00ed\u0161en\u00ed,&#8230;)<\/p>\n<p><strong>9.9.<\/strong>\u00a0\u00a0\u00a0\u00a0\u00a0 120 let od \u00famrt\u00ed St\u00e9phana Mallarm\u00e9ho, francouzsk\u00e9ho symbolistn\u00edho b\u00e1sn\u00edka (Herodias, Faunovo pozdn\u00ed odpoledne,&#8230;)<\/p>\n<p><strong>10.9.\u00a0\u00a0<\/strong>\u00a0\u00a0\u00a0 70 let od narozen\u00ed Olgy Wall\u00f3, \u010desk\u00e9 spisovatelky, p\u0159ekladatelky a dabingov\u00e9 re\u017eis\u00e9rky<\/p>\n<p><strong>12.9.<\/strong> \u00a0\u00a0 330 let od narozen\u00ed Ferdinanda Maxmili\u00e1na Brokoffa, \u010desk\u00e9ho socha\u0159e a \u0159ezb\u00e1\u0159e n\u011bmeck\u00e9ho p\u016fvodu, synamJana Brokoffa (Socha sv. V\u00edta,&#8230;)<\/p>\n<p><strong>13.9.<\/strong>\u00a0\u00a0\u00a0 150 let od narozen\u00ed Otokara B\u0159eziny, \u010desk\u00e9ho symbolistn\u00edho b\u00e1sn\u00edka a p\u0159ekladatele (Sv\u00edt\u00e1n\u00ed na z\u00e1pad\u011b,\u00a0Tajemn\u00e9 d\u00e1lky, Ruce,&#8230;)<\/p>\n<p><strong>13.9.<\/strong>\u00a0\u00a0\u00a0\u00a0\u00a0 95 let od narozen\u00ed Miroslava Holuba, \u010desk\u00e9ho l\u00e9ka\u0159e \u2013 imunologa, b\u00e1sn\u00edka a prozaika (Kam te\u010de krev, Interferon \u010dili o divadle, P\u016fl \u010dlov\u011bka,&#8230;)<\/p>\n<p><strong>15.9<\/strong>.\u00a0\u00a0\u00a0 405 let od narozen\u00ed Fran\u00e7oise de La Rochefoucaulda, francouzsk\u00e9ho spisovatele, satirika a aforisty (Krut\u00e1 kniha\u00a0aforism\u016f, Krut\u00fd dvo\u0159an,&#8230;)<\/p>\n<p><strong>15.9.\u00a0\u00a0<\/strong>\u00a0\u00a0\u00a0 15 let od \u00famrt\u00ed Josefa Hir\u0161ala, \u010desk\u00e9ho spisovatele, experiment\u00e1ln\u00edho b\u00e1sn\u00edka a p\u0159ekladatele (JOB BOJ,\u00a0Experiment\u00e1ln\u00ed poezie, Kocourkov,&#8230;)<\/p>\n<p><strong>16.9.<\/strong>\u00a0\u00a0\u00a0 145 let od \u00famrt\u00ed Jana Nepomuka \u010cerm\u00e1ka, \u010desk\u00e9ho l\u00e9ka\u0159e, fyziologa, zakladatele laryngoskopie<\/p>\n<p><strong>16.9.<\/strong>\u00a0\u00a0\u00a0 130 let od narozen\u00ed Franse Eemila Sillanpa\u00e4\u00ff, finsk\u00e9ho spisovatele, nositele Nobelovy ceny za literaturu\u00a0(Um\u00edrala mladi\u010dk\u00e1, Srpen,&#8230;)<\/p>\n<p><strong>17.9.\u00a0<\/strong>\u00a0\u00a0 135 let od narozen\u00ed Williama Carlose Williamse, americk\u00e9ho b\u00e1sn\u00edka (Hudba pou\u0161t\u011b, Kora v pekle,&#8230;)<\/p>\n<p><strong>17.9.\u00a0\u00a0<\/strong>\u00a0\u00a0\u00a0 80 let od \u00famrt\u00ed Anton\u00edna Benjam\u00edna Svojs\u00edka, \u010desk\u00e9ho opedagoga, sokolsk\u00e9ho pracovn\u00edka a zakladatele\u00a0\u010desk\u00e9ho skautingu<\/p>\n<p><strong>19.9.\u00a0<\/strong>\u00a0\u00a0 110 let od narozen\u00ed Miky Waltariho, finsk\u00e9ho spisovatele (Egyp\u0165an Sinuhet, Plavovl\u00e1ska, Tanec nad hroby,&#8230;)<\/p>\n<p><strong>19.9.\u00a0<\/strong>\u00a0\u00a0\u00a0\u00a0 70 let od \u00famrt\u00ed Jana Eskymo Welzla, \u010desk\u00e9ho cestovatele, pol\u00e1rn\u00edho lovce a zlatokopa (T\u0159icet let na zlat\u00e9m severu,&#8230;)<\/p>\n<p><strong>20.9.<\/strong>\u00a0\u00a0\u00a0 155 let od \u00famrt\u00ed Jacoba Grimma, n\u011bmeck\u00e9ho poh\u00e1dk\u00e1\u0159e a filologa, s bratrem Wilhelmem slavn\u00ed n\u011bme\u010dt\u00ed\u00a0sb\u011bratel\u00e9 lidov\u00e9 slovesnosti<\/p>\n<p><strong>20.9.\u00a0<\/strong>\u00a0\u00a0 140 let od narozen\u00ed Uptona Sinclaira, americk\u00e9ho spisovatele (D\u017eungle = Jatky, Sv\u011bt na vah\u00e1ch,&#8230;)<\/p>\n<p><strong>22.9.\u00a0\u00a0<\/strong>\u00a0\u00a0\u00a0 60 let od narozen\u00ed Andrey Bocelliho, italsk\u00e9ho nevidom\u00e9ho tenora, multiinstrumentalisty (ovl\u00e1d\u00e1 hru na cca 10 hudebn\u00edch n\u00e1stroj\u016f)<\/p>\n<p><strong>23.9.\u00a0\u00a0<\/strong>\u00a0\u00a0\u00a0 45 let od \u00famrt\u00ed Pabla Nerudy, chilsk\u00e9ho spisovatele, nositele Nobelovy ceny za literaturu (\u0160pan\u011blsko v srdci,\u00a0D\u016fm na p\u00edsku,&#8230;)<\/p>\n<p><strong>24.9.<\/strong>\u00a0\u00a0\u00a0 435 let od narozen\u00ed Albrechta z Vald\u0161tejna, \u010desk\u00e9ho \u0161lechtice, vojev\u016fdce, politika<\/p>\n<p><strong>24.9.\u00a0<\/strong>\u00a0\u00a0\u00a0\u00a0 95 let od narozen\u00ed Ladislava Fukse, \u010desk\u00e9ho spisovatele (Pan Theodor Mundstock, Spalova\u010d mrtvol, N\u00e1vrat ze\u00a0\u017eitn\u00e9ho pole,&#8230;)<\/p>\n<p><strong>25.9.\u00a0<\/strong>\u00a0\u00a0 150 let od narozen\u00ed Jaroslava Kvapila, \u010desk\u00e9ho spisovatele, dramatika, re\u017eis\u00e9ra, libretisty a p\u0159ekladatele\u00a0(Princezna Pampeli\u0161ka,&#8230;)<\/p>\n<p><strong>25.9.\u00a0\u00a0<\/strong>\u00a0\u00a0\u00a0 50 let od \u00famrt\u00ed Franti\u0161ka Branislava, \u010desk\u00e9ho b\u00e1sn\u00edka \u2013 p\u0159edev\u0161\u00edm ver\u0161e pro d\u011bti (V\u011bnec z tr\u00e1vy, Zlat\u00fd d\u00e9\u0161\u0165,\u00a0Uzl\u00ed\u010dek st\u0159\u00edbra,&#8230;)<\/p>\n<p><strong>26.9.<\/strong>\u00a0\u00a0\u00a0 130 let od narozen\u00ed Thomase Stearnse Eliota, anglick\u00e9ho spisovatele, nositele Nobelovy ceny za literaturu\u00a0(Pustina = Pust\u00e1 zem\u011b,&#8230;)<\/p>\n<p><strong>26.9.<\/strong>\u00a0\u00a0\u00a0\u00a0\u00a0 70 let od narozen\u00ed Vladim\u00edra Remka, \u010desk\u00e9ho vojensk\u00e9ho pilota, prvn\u00edho \u010deskoslovensk\u00e9ho kosmonauta<\/p>\n<p><strong>28.9.\u00a0\u00a0<\/strong>\u00a0 215 let od narozen\u00ed Prespera M\u00e9rim\u00e9eho, francouzsk\u00e9ho spisovatele, dramatika, politika, archeologa a mal\u00ed\u0159e\u00a0(Colomba, Carmen,&#8230;)<\/p>\n<p><strong>29.9.<\/strong>\u00a0\u00a0\u00a0 105 let od \u00famrt\u00ed Rudolfa Diesela, n\u011bmeck\u00e9ho technika a vyn\u00e1lezce (Diesel\u016fv motor)<\/p>\n<p>&nbsp;<\/p>\n<p><strong>P\u0159ipravila: M\u011aSTSK\u00c1 KNIHOVNA VIMPERK<\/strong><\/p>\n<p>&nbsp;<\/p>\n<p><img loading=\"lazy\" decoding=\"async\" class=\"aligncenter wp-image-77135\" src=\"http:\/\/zakrasnejsivimperk.cz\/wp-content\/uploads\/2016\/09\/30\/m\u011bstsk\u00e1-knihovna-300x165.jpg\" alt=\"\" width=\"960\" height=\"527\" srcset=\"https:\/\/zakrasnejsivimperk.cz\/wp-content\/uploads\/2016\/09\/30\/m\u011bstsk\u00e1-knihovna-300x165.jpg 300w, https:\/\/zakrasnejsivimperk.cz\/wp-content\/uploads\/2016\/09\/30\/m\u011bstsk\u00e1-knihovna-650x357.jpg 650w, https:\/\/zakrasnejsivimperk.cz\/wp-content\/uploads\/2016\/09\/30\/m\u011bstsk\u00e1-knihovna.jpg 761w\" sizes=\"(max-width: 960px) 100vw, 960px\" \/><\/p>\n<p>&nbsp;<\/p>\n<p>&nbsp;<\/p>\n<p>&nbsp;<\/p>\n<p>&nbsp;<\/p>\n","protected":false},"excerpt":{"rendered":"<p>&nbsp; 2.9.\u00a0\u00a0\u00a0\u00a0\u00a0\u00a0\u00a0 <\/p>\n","protected":false},"author":2,"featured_media":141067,"comment_status":"open","ping_status":"open","sticky":false,"template":"","format":"gallery","meta":{"footnotes":""},"categories":[78],"tags":[],"jetpack_featured_media_url":"https:\/\/zakrasnejsivimperk.cz\/wp-content\/uploads\/2018\/09\/09\/r\u00e1me\u010dek-v\u00fdro\u010d\u00ed-v-m\u011bs\u00edci.jpg","_links":{"self":[{"href":"https:\/\/zakrasnejsivimperk.cz\/index.php?rest_route=\/wp\/v2\/posts\/139654"}],"collection":[{"href":"https:\/\/zakrasnejsivimperk.cz\/index.php?rest_route=\/wp\/v2\/posts"}],"about":[{"href":"https:\/\/zakrasnejsivimperk.cz\/index.php?rest_route=\/wp\/v2\/types\/post"}],"author":[{"embeddable":true,"href":"https:\/\/zakrasnejsivimperk.cz\/index.php?rest_route=\/wp\/v2\/users\/2"}],"replies":[{"embeddable":true,"href":"https:\/\/zakrasnejsivimperk.cz\/index.php?rest_route=%2Fwp%2Fv2%2Fcomments&post=139654"}],"version-history":[{"count":7,"href":"https:\/\/zakrasnejsivimperk.cz\/index.php?rest_route=\/wp\/v2\/posts\/139654\/revisions"}],"predecessor-version":[{"id":139662,"href":"https:\/\/zakrasnejsivimperk.cz\/index.php?rest_route=\/wp\/v2\/posts\/139654\/revisions\/139662"}],"wp:featuredmedia":[{"embeddable":true,"href":"https:\/\/zakrasnejsivimperk.cz\/index.php?rest_route=\/wp\/v2\/media\/141067"}],"wp:attachment":[{"href":"https:\/\/zakrasnejsivimperk.cz\/index.php?rest_route=%2Fwp%2Fv2%2Fmedia&parent=139654"}],"wp:term":[{"taxonomy":"category","embeddable":true,"href":"https:\/\/zakrasnejsivimperk.cz\/index.php?rest_route=%2Fwp%2Fv2%2Fcategories&post=139654"},{"taxonomy":"post_tag","embeddable":true,"href":"https:\/\/zakrasnejsivimperk.cz\/index.php?rest_route=%2Fwp%2Fv2%2Ftags&post=139654"}],"curies":[{"name":"wp","href":"https:\/\/api.w.org\/{rel}","templated":true}]}}