{"id":13728,"date":"2015-03-29T07:21:31","date_gmt":"2015-03-29T06:21:31","guid":{"rendered":"http:\/\/zakrasnejsivimperk.cz\/?p=13728"},"modified":"2015-03-29T07:21:31","modified_gmt":"2015-03-29T06:21:31","slug":"cesky-rozhlas-zakaznici-od-dubna-z-obalu-zjisti-odkud-pochazi-prodavane-maso","status":"publish","type":"post","link":"https:\/\/zakrasnejsivimperk.cz\/?p=13728","title":{"rendered":"\u010cESK\u00dd ROZHLAS: Z\u00e1kazn\u00edci od dubna z obal\u016f zjist\u00ed, odkud poch\u00e1z\u00ed prod\u00e1van\u00e9 maso"},"content":{"rendered":"<p class=\"perex\" style=\"text-align: justify;\">U\u017e za t\u00fdden z\u00edskaj\u00ed z\u00e1kazn\u00edci lep\u0161\u00ed p\u0159ehled, odkud poch\u00e1z\u00ed maso, kter\u00e9 si kupuj\u00ed. \u0158eznictv\u00ed i supermarkety mus\u00ed od 1. dubna povinn\u011b na obalech uv\u00e1d\u011bt zemi p\u016fvodu. A to u vep\u0159ov\u00e9ho, dr\u016fbe\u017e\u00edho, skopov\u00e9ho nebo i koz\u00edho masa. Na\u0159\u00edzen\u00edm Evropsk\u00e9 unie se jen v \u010cesku bude \u0159\u00eddit zhruba 7000 podnik\u016f. Novinka se ale net\u00fdk\u00e1 mlet\u00e9ho masa, u n\u011bj z\u00e1kazn\u00edci p\u016fvod nezjist\u00ed. Doposud se zem\u011b p\u016fvodu povinn\u011b uv\u00e1d\u011bla jen u hov\u011bz\u00edho. U ostatn\u00edch druh\u016f masa se vyzna\u010doval pouze v\u00fdrobce, kter\u00fd mohl b\u00fdt \u010desk\u00fd a maso br\u00e1t z jin\u00e9ho st\u00e1tu. To te\u010f zm\u011bn\u00ed nov\u00e9 unijn\u00ed na\u0159\u00edzen\u00ed. Takzvan\u00fd rodn\u00fd list zv\u00ed\u0159ete se objev\u00ed i u vep\u0159ov\u00e9ho, dr\u016fbe\u017e\u00edho, skopov\u00e9ho a koz\u00edho masa.<\/p>\n<p class=\"perex\" style=\"text-align: justify;\"><strong>Cel\u00fd \u010dl\u00e1nek najdete zde: <a href=\"http:\/\/www.rozhlas.cz\/cb\/zpravodajstvi\/_zprava\/zakaznici-od-dubna-z-obalu-zjisti-odkud-pochazi-prodavane-maso--1470365\" target=\"_blank\">\u010cESK\u00dd ROZHLAS<\/a><\/strong><\/p>\n<p class=\"perex\" style=\"text-align: justify;\">\n","protected":false},"excerpt":{"rendered":"<p>U\u017e za <\/p>\n","protected":false},"author":2,"featured_media":4761,"comment_status":"open","ping_status":"open","sticky":false,"template":"","format":"standard","meta":{"footnotes":""},"categories":[18],"tags":[],"jetpack_featured_media_url":"https:\/\/zakrasnejsivimperk.cz\/wp-content\/uploads\/2014\/12\/cesky-rozhlas.jpg","_links":{"self":[{"href":"https:\/\/zakrasnejsivimperk.cz\/index.php?rest_route=\/wp\/v2\/posts\/13728"}],"collection":[{"href":"https:\/\/zakrasnejsivimperk.cz\/index.php?rest_route=\/wp\/v2\/posts"}],"about":[{"href":"https:\/\/zakrasnejsivimperk.cz\/index.php?rest_route=\/wp\/v2\/types\/post"}],"author":[{"embeddable":true,"href":"https:\/\/zakrasnejsivimperk.cz\/index.php?rest_route=\/wp\/v2\/users\/2"}],"replies":[{"embeddable":true,"href":"https:\/\/zakrasnejsivimperk.cz\/index.php?rest_route=%2Fwp%2Fv2%2Fcomments&post=13728"}],"version-history":[{"count":3,"href":"https:\/\/zakrasnejsivimperk.cz\/index.php?rest_route=\/wp\/v2\/posts\/13728\/revisions"}],"predecessor-version":[{"id":13830,"href":"https:\/\/zakrasnejsivimperk.cz\/index.php?rest_route=\/wp\/v2\/posts\/13728\/revisions\/13830"}],"wp:featuredmedia":[{"embeddable":true,"href":"https:\/\/zakrasnejsivimperk.cz\/index.php?rest_route=\/wp\/v2\/media\/4761"}],"wp:attachment":[{"href":"https:\/\/zakrasnejsivimperk.cz\/index.php?rest_route=%2Fwp%2Fv2%2Fmedia&parent=13728"}],"wp:term":[{"taxonomy":"category","embeddable":true,"href":"https:\/\/zakrasnejsivimperk.cz\/index.php?rest_route=%2Fwp%2Fv2%2Fcategories&post=13728"},{"taxonomy":"post_tag","embeddable":true,"href":"https:\/\/zakrasnejsivimperk.cz\/index.php?rest_route=%2Fwp%2Fv2%2Ftags&post=13728"}],"curies":[{"name":"wp","href":"https:\/\/api.w.org\/{rel}","templated":true}]}}