{"id":136782,"date":"2018-12-27T15:40:08","date_gmt":"2018-12-27T14:40:08","guid":{"rendered":"http:\/\/zakrasnejsivimperk.cz\/?p=136782"},"modified":"2018-12-27T15:40:08","modified_gmt":"2018-12-27T14:40:08","slug":"historicke-foto-tezbu-ledu-u-prazskych-sitkovskych-mlynu","status":"publish","type":"post","link":"https:\/\/zakrasnejsivimperk.cz\/?p=136782","title":{"rendered":"HISTORICK\u00c9 FOTO: T\u011b\u017ebu ledu u pra\u017esk\u00fdch \u0160\u00edtkovsk\u00fdch ml\u00fdn\u016f"},"content":{"rendered":"<h6><img loading=\"lazy\" decoding=\"async\" class=\"alignright wp-image-78962\" src=\"http:\/\/zakrasnejsivimperk.cz\/wp-content\/uploads\/2016\/10\/17\/Facebook-Logo-300x281.jpg\" alt=\"\" width=\"100\" height=\"94\" srcset=\"https:\/\/zakrasnejsivimperk.cz\/wp-content\/uploads\/2016\/10\/17\/Facebook-Logo-300x281.jpg 300w, https:\/\/zakrasnejsivimperk.cz\/wp-content\/uploads\/2016\/10\/17\/Facebook-Logo-381x357.jpg 381w, https:\/\/zakrasnejsivimperk.cz\/wp-content\/uploads\/2016\/10\/17\/Facebook-Logo-516x483.jpg 516w, https:\/\/zakrasnejsivimperk.cz\/wp-content\/uploads\/2016\/10\/17\/Facebook-Logo.jpg 800w\" sizes=\"(max-width: 100px) 100vw, 100px\" \/>Ji\u017e v roce 1876 sestrojil n\u011bm\u011bck\u00fd fyzik Carl Paul Gottfried von Linde prvn\u00ed ledni\u010dku chlazenou amoniakem. P\u0159esto je\u0161t\u011b dlouh\u00e1 desetilet\u00ed, a\u017e do doby po druh\u00e9 sv\u011btov\u00e9 v\u00e1lce, dominoval jako chlad\u00edc\u00ed medium p\u0159\u00edrodn\u00ed led. Ten se t\u011b\u017eil v zim\u011b na zamrzl\u00fdch jezerech a \u0159ek\u00e1ch a uchov\u00e1val v hlubok\u00fdch sklep\u00edch. T\u011b\u017eba ledu p\u0159edstavovala v zim\u011b v\u00edtan\u00fd p\u0159iv\u00fdd\u011blek pro sezonn\u00ed pracovn\u00edky, zejm\u00e9na vora\u0159e a p\u0159evozn\u00edky. Fotografie Jind\u0159iche Eckerta z roku 1895 zachycuje t\u011b\u017ebu ledu u pra\u017esk\u00fdch \u0160\u00edtkovsk\u00fdch ml\u00fdn\u016f.<\/h6>\n<h6>Text a foto:\u00a0<span class=\"fwn fcg\"><span class=\"fwb fcg\" data-ft=\"{&quot;tn&quot;:&quot;k&quot;}\"><a id=\"js_4k0\" href=\"https:\/\/www.facebook.com\/DigitalniKnihovnaNKCR\/?hc_ref=ARRBSfJ3p8_8NhfYF_YYPKLbHS7Z33sWrZvJwdZZpNrYMU4LKKj_fF8gykQZtomJ8p4&amp;fref=nf\" target=\"_blank\" rel=\"noopener\" data-hovercard=\"\/ajax\/hovercard\/page.php?id=196939704022508&amp;extragetparams=%7B%22hc_ref%22%3A%22ARRBSfJ3p8_8NhfYF_YYPKLbHS7Z33sWrZvJwdZZpNrYMU4LKKj_fF8gykQZtomJ8p4%22%2C%22fref%22%3A%22nf%22%7D\" data-hovercard-prefer-more-content-show=\"1\" data-hovercard-referer=\"ARRBSfJ3p8_8NhfYF_YYPKLbHS7Z33sWrZvJwdZZpNrYMU4LKKj_fF8gykQZtomJ8p4\" aria-describedby=\"js_4jz\" aria-owns=\"js_4jr\">Kramerius &#8211; Digit\u00e1ln\u00ed knihovna NK \u010cR<\/a><\/span><\/span><\/h6>\n<p><img loading=\"lazy\" decoding=\"async\" class=\"alignnone wp-image-136783 size-full\" src=\"http:\/\/zakrasnejsivimperk.cz\/wp-content\/uploads\/2018\/08\/01\/t\u011b\u017eba-ledu.jpg\" alt=\"\" width=\"700\" height=\"960\" srcset=\"https:\/\/zakrasnejsivimperk.cz\/wp-content\/uploads\/2018\/08\/01\/t\u011b\u017eba-ledu.jpg 700w, https:\/\/zakrasnejsivimperk.cz\/wp-content\/uploads\/2018\/08\/01\/t\u011b\u017eba-ledu-219x300.jpg 219w, https:\/\/zakrasnejsivimperk.cz\/wp-content\/uploads\/2018\/08\/01\/t\u011b\u017eba-ledu-260x357.jpg 260w, https:\/\/zakrasnejsivimperk.cz\/wp-content\/uploads\/2018\/08\/01\/t\u011b\u017eba-ledu-352x483.jpg 352w\" sizes=\"(max-width: 700px) 100vw, 700px\" \/><\/p>\n<p>&nbsp;<\/p>\n<p>&nbsp;<\/p>\n<p>&nbsp;<\/p>\n","protected":false},"excerpt":{"rendered":"<p>Ji\u017e v <\/p>\n","protected":false},"author":2,"featured_media":149025,"comment_status":"open","ping_status":"open","sticky":false,"template":"","format":"gallery","meta":{"footnotes":""},"categories":[74],"tags":[],"jetpack_featured_media_url":"https:\/\/zakrasnejsivimperk.cz\/wp-content\/uploads\/2018\/12\/27\/r\u00e1me\u010dek-historick\u00e9-foto.jpg","_links":{"self":[{"href":"https:\/\/zakrasnejsivimperk.cz\/index.php?rest_route=\/wp\/v2\/posts\/136782"}],"collection":[{"href":"https:\/\/zakrasnejsivimperk.cz\/index.php?rest_route=\/wp\/v2\/posts"}],"about":[{"href":"https:\/\/zakrasnejsivimperk.cz\/index.php?rest_route=\/wp\/v2\/types\/post"}],"author":[{"embeddable":true,"href":"https:\/\/zakrasnejsivimperk.cz\/index.php?rest_route=\/wp\/v2\/users\/2"}],"replies":[{"embeddable":true,"href":"https:\/\/zakrasnejsivimperk.cz\/index.php?rest_route=%2Fwp%2Fv2%2Fcomments&post=136782"}],"version-history":[{"count":2,"href":"https:\/\/zakrasnejsivimperk.cz\/index.php?rest_route=\/wp\/v2\/posts\/136782\/revisions"}],"predecessor-version":[{"id":149026,"href":"https:\/\/zakrasnejsivimperk.cz\/index.php?rest_route=\/wp\/v2\/posts\/136782\/revisions\/149026"}],"wp:featuredmedia":[{"embeddable":true,"href":"https:\/\/zakrasnejsivimperk.cz\/index.php?rest_route=\/wp\/v2\/media\/149025"}],"wp:attachment":[{"href":"https:\/\/zakrasnejsivimperk.cz\/index.php?rest_route=%2Fwp%2Fv2%2Fmedia&parent=136782"}],"wp:term":[{"taxonomy":"category","embeddable":true,"href":"https:\/\/zakrasnejsivimperk.cz\/index.php?rest_route=%2Fwp%2Fv2%2Fcategories&post=136782"},{"taxonomy":"post_tag","embeddable":true,"href":"https:\/\/zakrasnejsivimperk.cz\/index.php?rest_route=%2Fwp%2Fv2%2Ftags&post=136782"}],"curies":[{"name":"wp","href":"https:\/\/api.w.org\/{rel}","templated":true}]}}