{"id":13629,"date":"2015-03-27T12:16:56","date_gmt":"2015-03-27T11:16:56","guid":{"rendered":"http:\/\/zakrasnejsivimperk.cz\/?p=13629"},"modified":"2015-03-27T12:16:56","modified_gmt":"2015-03-27T11:16:56","slug":"idnes-v-prachaticke-cukrarne-nasli-inspektori-mysi-trus-mezi-korpusy-dortu","status":"publish","type":"post","link":"https:\/\/zakrasnejsivimperk.cz\/?p=13629","title":{"rendered":"iDNES: V prachatick\u00e9 cukr\u00e1rn\u011b na\u0161li inspekto\u0159i my\u0161\u00ed trus mezi korpusy dort\u016f"},"content":{"rendered":"<p style=\"text-align: justify;\">P\u0159ed lety b\u00fdvala pojmem a z\u00e1kazn\u00edky tam l\u00e1kaly p\u0159edev\u0161\u00edm prvot\u0159\u00eddn\u00ed kremrole. Minul\u00fd t\u00fdden ale kv\u016fli poru\u0161en\u00ed hygienick\u00fdch p\u0159edpis\u016f uzav\u0159ela prachatickou cukr\u00e1rnu Vanesa St\u00e1tn\u00ed zem\u011bd\u011blsk\u00e1 a potravin\u00e1\u0159sk\u00e1 inspekce. \u201eD\u016fvodem bylo zna\u010dn\u00e9 mno\u017estv\u00ed trusu hlodavc\u016f, kter\u00fd se nal\u00e9zal nejen na podlaze a v roz\u00edch m\u00edstnosti ve v\u00fdrobn\u00ed \u010d\u00e1sti podniku, ale i mezi rozpracovan\u00fdmi korpusy dort\u016f s kr\u00e9mem,\u201c uvedl mluv\u010d\u00ed inspekce Pavel Kop\u0159iva.<\/p>\n<p><strong>Cel\u00fd \u010dl\u00e1nek si m\u016f\u017eete p\u0159e\u010d\u00edst na webu <a href=\"http:\/\/budejovice.idnes.cz\/v-prachaticke-cukrarne-nasli-inspektori-mysi-trus-mezi-korpusy-dortu-1z0-\/budejovice-zpravy.aspx?c=A150327_085052_budejovice-zpravy_khr\" target=\"_blank\">iDNES.cz<\/a><\/strong><\/p>\n<p>&nbsp;<\/p>\n<p>&nbsp;<\/p>\n<p>&nbsp;<\/p>\n<p>&nbsp;<\/p>\n<p>&nbsp;<\/p>\n","protected":false},"excerpt":{"rendered":"<p>P\u0159ed lety <\/p>\n","protected":false},"author":2,"featured_media":2097,"comment_status":"open","ping_status":"open","sticky":false,"template":"","format":"standard","meta":{"footnotes":""},"categories":[18],"tags":[],"jetpack_featured_media_url":"https:\/\/zakrasnejsivimperk.cz\/wp-content\/uploads\/2014\/12\/idnes.png","_links":{"self":[{"href":"https:\/\/zakrasnejsivimperk.cz\/index.php?rest_route=\/wp\/v2\/posts\/13629"}],"collection":[{"href":"https:\/\/zakrasnejsivimperk.cz\/index.php?rest_route=\/wp\/v2\/posts"}],"about":[{"href":"https:\/\/zakrasnejsivimperk.cz\/index.php?rest_route=\/wp\/v2\/types\/post"}],"author":[{"embeddable":true,"href":"https:\/\/zakrasnejsivimperk.cz\/index.php?rest_route=\/wp\/v2\/users\/2"}],"replies":[{"embeddable":true,"href":"https:\/\/zakrasnejsivimperk.cz\/index.php?rest_route=%2Fwp%2Fv2%2Fcomments&post=13629"}],"version-history":[{"count":1,"href":"https:\/\/zakrasnejsivimperk.cz\/index.php?rest_route=\/wp\/v2\/posts\/13629\/revisions"}],"predecessor-version":[{"id":13630,"href":"https:\/\/zakrasnejsivimperk.cz\/index.php?rest_route=\/wp\/v2\/posts\/13629\/revisions\/13630"}],"wp:featuredmedia":[{"embeddable":true,"href":"https:\/\/zakrasnejsivimperk.cz\/index.php?rest_route=\/wp\/v2\/media\/2097"}],"wp:attachment":[{"href":"https:\/\/zakrasnejsivimperk.cz\/index.php?rest_route=%2Fwp%2Fv2%2Fmedia&parent=13629"}],"wp:term":[{"taxonomy":"category","embeddable":true,"href":"https:\/\/zakrasnejsivimperk.cz\/index.php?rest_route=%2Fwp%2Fv2%2Fcategories&post=13629"},{"taxonomy":"post_tag","embeddable":true,"href":"https:\/\/zakrasnejsivimperk.cz\/index.php?rest_route=%2Fwp%2Fv2%2Ftags&post=13629"}],"curies":[{"name":"wp","href":"https:\/\/api.w.org\/{rel}","templated":true}]}}