{"id":129689,"date":"2026-04-30T10:02:56","date_gmt":"2026-04-30T09:02:56","guid":{"rendered":"http:\/\/zakrasnejsivimperk.cz\/?p=129689"},"modified":"2026-04-30T22:42:29","modified_gmt":"2026-04-30T21:42:29","slug":"kveten-a-nase-dejiny-nektere-udalosti-ktere-mely-v-minulosti-zasadni-vyznam-pro-nasi-zemi-a-nas-narod","status":"publish","type":"post","link":"https:\/\/zakrasnejsivimperk.cz\/?p=129689","title":{"rendered":"KV\u011aTEN A NA\u0160E D\u011aJINY: N\u011bkter\u00e9 ud\u00e1losti, kter\u00e9 m\u011bly v minulosti z\u00e1sadn\u00ed v\u00fdznam pro na\u0161i zemi a n\u00e1\u0161 n\u00e1rod"},"content":{"rendered":"<p class=\"entry-title\"><img loading=\"lazy\" decoding=\"async\" class=\"aligncenter wp-image-129690 size-full\" src=\"https:\/\/zakrasnejsivimperk.cz\/wp-content\/uploads\/2018\/05\/03\/praha-narodni-divadlo.jpg\" alt=\"\" width=\"960\" height=\"640\" srcset=\"https:\/\/zakrasnejsivimperk.cz\/wp-content\/uploads\/2018\/05\/03\/praha-narodni-divadlo.jpg 960w, https:\/\/zakrasnejsivimperk.cz\/wp-content\/uploads\/2018\/05\/03\/praha-narodni-divadlo-300x200.jpg 300w, https:\/\/zakrasnejsivimperk.cz\/wp-content\/uploads\/2018\/05\/03\/praha-narodni-divadlo-768x512.jpg 768w, https:\/\/zakrasnejsivimperk.cz\/wp-content\/uploads\/2018\/05\/03\/praha-narodni-divadlo-536x357.jpg 536w, https:\/\/zakrasnejsivimperk.cz\/wp-content\/uploads\/2018\/05\/03\/praha-narodni-divadlo-725x483.jpg 725w\" sizes=\"(max-width: 960px) 100vw, 960px\" \/><\/p>\n<p>&nbsp;<\/p>\n<h6>P\u0159ipome\u0148me si dal\u0161\u00ed pam\u011btihodn\u00e9 ud\u00e1losti z \u010desk\u00e9 historie, kter\u00e9 m\u011bly pro na\u0161i zemi z\u00e1sadn\u00ed v\u00fdznam.\u00a0V t\u00e9to souvislosti dod\u00e1v\u00e1m, \u017ee n\u00e1sleduj\u00edc\u00ed v\u00fdb\u011br a koment\u00e1\u0159 jednotliv\u00fdch ud\u00e1lost\u00ed m\u016f\u017eete ch\u00e1pat jako autorsky naprosto subjektivn\u00ed.<\/h6>\n<p><strong><em>V\u011bt\u0161in\u011b z n\u00e1s se asi p\u0159i n\u00e1zvu p\u00e1t\u00e9ho m\u011bs\u00edce roku, kv\u011btna, vybav\u00ed sp\u00ed\u0161e \u201em\u00e1j\u201c, \u010dili m\u011bs\u00edc l\u00e1sky, a samoz\u0159ejm\u011b rozkv\u00e9taj\u00edc\u00ed p\u0159\u00edroda, kter\u00e1 dala novodob\u00fd n\u00e1zev tomuto m\u011bs\u00edci. Kdy\u017e jsem ov\u0161em ukon\u010dil v\u00fdb\u011br ud\u00e1lost\u00ed maj\u00edc\u00edch podstatn\u00fd a symbolick\u00fd v\u00fdznam v d\u011bjin\u00e1ch pro \u010desk\u00e9 zem\u011b, uk\u00e1zalo se, \u017ee pro tento m\u011bs\u00edc, nehled\u011b na jeho obvykle meteorologicky a celkov\u011b p\u0159\u00edrodn\u011b opravdu pozitivn\u00ed atmosf\u00e9ru, je charakteristick\u00fd souhrn ud\u00e1lost\u00ed sp\u00ed\u0161e n\u00e1siln\u00fdch, zlomov\u00fdch a krvav\u00fdch. A to nejen s ohledem na konec 2. sv\u011btov\u00e9 v\u00e1lky, jej\u00ed\u017e posledn\u00ed velk\u00e9 boje dozn\u00edvaly p\u0159edev\u0161\u00edm na na\u0161em \u00fazem\u00ed \u2013 ov\u0161em na druh\u00e9 stran\u011b samotn\u00e9 skon\u010den\u00ed t\u00e9to v\u00e1lky je skute\u010dnost sama o sob\u011b zase vysoce pozitivn\u00ed. Ud\u00e1lostem 2. sv\u011btov\u00e9 v\u00e1lky ostatn\u011b v\u011bnuji pat\u0159i\u010dnou pozornost, zvl\u00e1\u0161\u0165 s ohledem na to, \u017ee v posledn\u00edch desetilet\u00edch s\u00edl\u00ed tendence obr\u00e1tit znam\u00e9nka v historick\u00e9 rovnici t\u00e9to v\u00e1lky v ur\u010dit\u00e9m sm\u011bru do opa\u010dn\u00fdch hodnot.<\/em><\/strong><\/p>\n<p><strong>1. 5. 2004 \u2013<\/strong> \u010cesk\u00e1 republika (a Estonsko, Kypr, Litva, Ma\u010farsko, Slovensko, Loty\u0161sko, Malta a Slovinsko) se st\u00e1v\u00e1 \u010dlenem Evropsk\u00e9 unie.<\/p>\n<p><strong>2. \u2013 8. 5. 1945 \u2013<\/strong> Posledn\u00ed tankov\u00e1 bitva 2. sv\u011btov\u00e9 v\u00e1lky v Evrop\u011b prob\u011bhla u Klenovic na Han\u00e9. N\u011bmeck\u00e9 jednotky se sna\u017eily probojovat do americk\u00e9ho zajet\u00ed, ale a\u017e posledn\u00edho dne kapitulovaly. Bylo zni\u010deno na 40 sov\u011btsk\u00fdch a 30 n\u011bmeck\u00fdch tank\u016f a samohybn\u00fdch d\u011bl, padlo 300 sov\u011btsk\u00fdch voj\u00e1k\u016f, 10 \u010cechoslov\u00e1k\u016f, 150 Rumun\u016f a p\u0159es 500 N\u011bmc\u016f.<\/p>\n<p><strong>3. 5. 1985 \u2013<\/strong> Do provozu byl uveden prvn\u00ed blok jadern\u00e9 elektr\u00e1rny Dukovany, prvn\u00ed atomov\u00e9 elektr\u00e1rny na \u010desk\u00e9m \u00fazem\u00ed.<\/p>\n<p><strong>4. 5. 1919 \u2013<\/strong> P\u0159i n\u00e1vratu do \u010ceskoslovenska zahynul p\u0159i leteck\u00e9m ne\u0161t\u011bst\u00ed (dodnes spolehliv\u011b neobjasn\u011bn\u00e9m) M. R. \u0160tef\u00e1nik, jeden za t\u0159\u00ed hlavn\u00edch v zahrani\u010d\u00ed p\u016fsob\u00edc\u00edch vyjednavatel\u016f vzniku nov\u00e9ho st\u00e1tu (vedle T. G. Masaryka a E. Bene\u0161e).<\/p>\n<p><strong>5. \u2013 9. 5. 1945 \u2013<\/strong> Pra\u017esk\u00e9 povst\u00e1n\u00ed, kter\u00e9 bylo sou\u010d\u00e1st\u00ed Kv\u011btnov\u00e9ho povst\u00e1n\u00ed \u010desk\u00e9ho lidu. D\u016fkaz, \u017ee po celou v\u00e1lku existovalo na \u010desk\u00e9m \u00fazem\u00ed organizovan\u00e9 hnut\u00ed odporu, kter\u00e9 dok\u00e1zalo p\u0159evz\u00edt moc ji\u017e p\u0159ed n\u011bmeckou kapitulac\u00ed, tak\u017ee \u010desk\u00fd n\u00e1rod pouze nerezignoval a nekolaboroval. Pokud jde o to, zda p\u0159\u00edchod sov\u011btsk\u00fdch vojsk do Prahy byl \u00fa\u010dinn\u00fdm osvobozen\u00edm, co\u017e b\u00fdv\u00e1 v posledn\u00edch desetilet\u00edch r\u00e1do zpochyb\u0148ov\u00e1no s ohledem na n\u011bmeckou kapitulaci ji\u017e o p\u016flnoci 8. kv\u011btna st\u0159edoevropsk\u00e9ho \u010dasu, podot\u00fdk\u00e1m, \u017ee bl\u00ed\u017e\u00edc\u00ed se sov\u011btsk\u00e9 jednotky rozhodn\u00fdm zp\u016fsobem usp\u00ed\u0161ily n\u011bmeck\u00e9 stahov\u00e1n\u00ed se z Prahy a \u010desk\u00e9ho \u00fazem\u00ed ji\u017e p\u0159edt\u00edm, ne\u017e do Prahy do\u0161ly, nebo\u0165 n\u011bmeck\u00e9 s\u00edly prakticky prchaly p\u0159ed rizikem sv\u00e9ho zajet\u00ed Rudou arm\u00e1dou. Ostatn\u011b v\u00edme, \u017ee na \u010desk\u00e9m \u00fazem\u00ed boje pokra\u010dovaly je\u0161t\u011b dal\u0161\u00ed 4 dny, bez ohledu na kapitulaci. Teprve p\u0159\u00edchod Rud\u00e9 arm\u00e1dy p\u0159inesl ukon\u010den\u00ed v\u00e1le\u010dn\u00fdch aktivit n\u011bmeck\u00fdch vojsk a osvobozen\u00ed. Nejen tedy pouze o 9. kv\u011bten 1945, ale o celkov\u00e9 z\u00e1sluhy na osvobozen\u00ed \u010ceskoslovenska.<\/p>\n<p>Na z\u00e1v\u011br trochu statistiky. B\u011bhem osvobozovac\u00edch boj\u016f na \u010deskoslovensk\u00e9m \u00fazem\u00ed (od 20.z\u00e1\u0159\u00ed 1944 do 12. kv\u011btna 1945) \u010dinily nevratn\u00e9 ztr\u00e1ty (padl\u00ed a zajat\u00ed) sov\u011btsk\u00fdch vojsk na 140.000 voj\u00e1k\u016f, rumunsk\u00fdch vojsk (Rumunsko se p\u0159idalo na stranu spojenc\u016f v roce 1944) 33.000 voj\u00e1k\u016f, americk\u00e9 ztr\u00e1ty \u010dinily 800 voj\u00e1k\u016f (z toho v pozemn\u00edch boj\u00edch na konci v\u00e1lky n\u011bco p\u0159es 100, hlavn\u00ed pod\u00edl do celkov\u00e9ho po\u010dtu m\u011bly ztr\u00e1ty v \u0159ad\u00e1ch letc\u016f za celou v\u00e1lku), ztr\u00e1ty Vlasovc\u016f (zajat\u00fdch sov\u011btsk\u00fdch voj\u00e1k\u016f, kte\u0159\u00ed n\u00e1sledn\u011b bojovali po boku N\u011bmc\u016f a naposledy se p\u0159idali ke kv\u011btnov\u00e9mu povst\u00e1n\u00ed) \u010d\u00edtaly asi 300 mu\u017e\u016f. B\u011bhem okupace zahynulo na 360.000 \u010deskoslovensk\u00fdch ob\u010dan\u016f; n\u011bmeck\u00fdmi koncentra\u010dn\u00edmi t\u00e1bory a v\u011bznicemi jich pro\u0161lo asi 450.000. Souhrnn\u00e9 n\u011bmeck\u00e9 vojensk\u00e9 ztr\u00e1ty b\u011bhem boj\u016f na \u010deskoslovensk\u00e9m \u00fazem\u00ed v\u010detn\u011b ran\u011bn\u00fdch a zajat\u00fdch dos\u00e1hly \u010d\u00edsla 850.000 osob.<\/p>\n<p><strong>6. 5. 1945 \u2013<\/strong> Jednotky americk\u00e9 arm\u00e1dy vstoupily do Plzn\u011b a Karlov\u00fdch Var\u016f.<\/p>\n<p><strong>7. 5. 1458 \u2013<\/strong> Korunovace Ji\u0159\u00edho z Pod\u011bbrad \u010desk\u00fdm kr\u00e1lem. Od roku 1452 byl zemsk\u00fdm spr\u00e1vcem (kr\u00e1l Ladislav Pohrobek byl nezletil\u00fd), vl\u00e1dl do roku 1471.<\/p>\n<p><strong>10. 5. 1627 \u2013<\/strong> Obnoven\u00e9 z\u0159\u00edzen\u00ed zemsk\u00e9. Prakticky nov\u00e1 \u00fastava, nejvy\u0161\u0161\u00ed psan\u00e1 pr\u00e1vn\u00ed norma, kterou bylo zavr\u0161eno pob\u011blohorsk\u00e9 p\u0159evzet\u00ed zem\u011b Habsburky za podm\u00ednky naprost\u00e9 dominance panovnick\u00e9 moci nad stavy (absolutismus). Mimo jin\u00e9 tak\u00e9 stanovilo zrovnopr\u00e1vn\u011bn\u00ed n\u011bm\u010diny s \u010de\u0161tinou, vzhledem nap\u0159. k d\u016fsledk\u016fm pob\u011blohorsk\u00fdch zm\u011bn v dr\u017eb\u011b p\u016fdy a nov\u00e9mu slo\u017een\u00ed \u0161lechty to v\u0161ak znamenalo odsunut\u00ed \u010de\u0161tiny na druh\u00e9 m\u00edsto v zemsk\u00fdch z\u00e1le\u017eitostech. Katolick\u00e9 n\u00e1bo\u017eenstv\u00ed bylo od t\u00e9 doby stanoveno jedin\u00fdm p\u0159\u00edpustn\u00fdm.<\/p>\n<p><strong>11. \u2013 12. 5. 1945 \u2013<\/strong> Bitva u Slivice na P\u0159\u00edbramsku. Posledn\u00ed velk\u00e1 bitva 2. sv\u011btov\u00e9 v\u00e1lky. Z\u00fa\u010dastnilo se j\u00ed na 6.000 p\u0159\u00edslu\u0161n\u00edk\u016f zbytk\u016f arm\u00e1dy \u201eMitte\u201c, zejm\u00e9na jednotek SS. A\u010dkoliv ji\u017e bylo po ofici\u00e1ln\u00ed n\u011bmeck\u00e9 kapitulaci, mnoh\u00e9 n\u011bmeck\u00e9 jednotky, kter\u00e9 z\u016fstaly na sov\u011btsk\u00e9 stran\u011b demarka\u010dn\u00ed linie, se pokou\u0161ely dostat do americk\u00e9ho zajet\u00ed. Ameri\u010dan\u00e9 v\u0161ak 9. kv\u011btna v 19.00 hodin uzav\u0159eli demarka\u010dn\u00ed \u010d\u00e1ru a p\u0159estali zajatce br\u00e1t. Velen\u00ed v\u00fd\u0161e uveden\u00e9ho n\u011bmeck\u00e9ho uskupen\u00ed se ji\u017e nepoda\u0159ilo vyjednat p\u0159echod do americk\u00e9 z\u00f3ny. N\u011bmci n\u00e1sledn\u011b vybudovali tzv. op\u011brn\u00fd raj\u00f3n, uvnit\u0159 n\u011bj\u017e se mstili na m\u00edstn\u00edm obyvatelstvu, kter\u00e9mu tak p\u0159ipravili peklo je\u0161t\u011b n\u011bkolik dn\u00ed po berl\u00ednsk\u00e9 kapitulaci. Do\u0161lo k boj\u016fm s partyz\u00e1ny z odd\u00edlu \u201eSmrt fa\u0161ismu\u201c a \u010dleny Revolu\u010dn\u00edch gard, ti v\u0161ak nem\u011bli \u0161anci usp\u011bt. N\u011bmci se tak\u00e9 st\u0159etli s p\u0159edsunut\u00fdmi americk\u00fdmi jednotkami. Situaci vy\u0159e\u0161ilo a\u017e p\u0159isunut\u00ed jednotek t\u0159\u00ed ukrajinsk\u00fdch front\u016f, kter\u00e9 s vyu\u017eit\u00edm t\u011b\u017ek\u00e9 techniky v\u010detn\u011b ka\u0165u\u0161\u00ed tyto st\u00e1le bojuj\u00edc\u00ed zbytky arm\u00e1dy \u201eMitte\u201c kone\u010dn\u011b porazili.<\/p>\n<p><strong>11. \u2013 19. 5. 1955 \u2013<\/strong> B\u011bhem Var\u0161avsk\u00e9 konference evropsk\u00fdch socialistick\u00fdch st\u00e1t\u016f do\u0161lo k zalo\u017een\u00ed vojensk\u00e9 organizace Var\u0161avsk\u00e9 smlouvy, jej\u00edm\u017e \u010dlenem se stalo i \u010ceskoslovensko.<\/p>\n<p><strong>17. 5. 1945 \u2013<\/strong> Jednotky povstaleck\u00e9ho velitelstv\u00ed ALEX zah\u00e1jily obsazov\u00e1n\u00ed pohrani\u010dn\u00edch oblast\u00ed odtr\u017een\u00fdch po Mnichov\u011b 1938 (z nich\u017e nota bene! bylo v roce 1938 tak\u00e9 odsunuto jejich \u010desk\u00e9 obyvatelstvo do vnitrozem\u00ed).<\/p>\n<p><strong>18. 5. 1992 \u2013<\/strong> Za\u010dalo 1. kolo kup\u00f3nov\u00e9 privatizace, sou\u010d\u00e1st jednoho z nejv\u011bt\u0161\u00edch majetkov\u00fdch p\u0159evrat\u016f v \u010desk\u00fdch d\u011bjin\u00e1ch, rozsahem srovnateln\u00e9ho s pob\u011blohorsk\u00fdmi konfiskacemi, nebo zn\u00e1rod\u0148ov\u00e1n\u00edm po roce 1945. Po\u010d\u00e1tek velk\u00e9 majetkov\u00e9 \u201esametov\u00e9\u201c loupe\u017ee a ekonomick\u00e9 trag\u00e9die.<\/p>\n<p><strong>23. 5. 1618 \u2013<\/strong> T\u0159et\u00ed pra\u017esk\u00e1 defenestrace p\u0159i n\u00ed\u017e z\u00e1stupci stav\u016f vyhodili z oken Pra\u017esk\u00e9ho hradu c\u00edsa\u0159sk\u00e9 m\u00edstodr\u017e\u00edc\u00ed Slavatu a Martinice a p\u00edsa\u0159e Fabricia. Po\u010d\u00e1tek \u010desk\u00e9ho stavovsk\u00e9ho povst\u00e1n\u00ed a tak\u00e9 t\u0159icetilet\u00e9 v\u00e1lky.<\/p>\n<p><strong>26. 5. 1946 \u2013<\/strong> Prvn\u00ed pov\u00e1le\u010dn\u00e9 volby &#8211; do \u00dastavod\u00e1rn\u00e9ho N\u00e1rodn\u00edho shrom\u00e1\u017ed\u011bn\u00ed. V \u010desk\u00fdch zem\u00edch z\u00edskala KS\u010c 40 procent hlas\u016f, n\u00e1rodn\u00ed socialist\u00e9 24 procent, lidovci 20 a soci\u00e1ln\u00ed demokracie 16 procent hlas\u016f (na Slovensku z\u00edskali komunist\u00e9 30 procent a nejsiln\u011bj\u0161\u00ed tamn\u00ed Demokratick\u00e1 strana 60 procent hlas\u016f).<\/p>\n<p><strong>27. 5.<\/strong><\/p>\n<p><strong>1471 \u2013<\/strong> Volba Vladislava Jagellonsk\u00e9ho \u010desk\u00fdm kr\u00e1lem \u2013 po\u010d\u00e1tek vl\u00e1dy dynastie Jagellovc\u016f v \u010desk\u00e9m kr\u00e1lovstv\u00ed (do r. 1526).<\/p>\n<p><strong>1942 \u2013<\/strong> Atent\u00e1t na \u0159\u00ed\u0161sk\u00e9ho protektora R. Heydricha v\u00fdsadk\u00e1\u0159i Gab\u010d\u00edkem a Kubi\u0161em v r\u00e1mci operace Antropoid.<\/p>\n<p><strong>30. 5.<\/strong><\/p>\n<p><strong>1416 \u2013<\/strong> V Kostnici up\u00e1len Mistr Jeron\u00fdm Pra\u017esk\u00fd, spolu s M. Janem Husem kritik tehdej\u0161\u00edch c\u00edrkevn\u00edch pom\u011br\u016f, stoupenec Viklefova u\u010den\u00ed; mistr (nejen) pra\u017esk\u00e9 univerzity, m\u011bl bl\u00edzko ke kr\u00e1lovsk\u00e9mu dvoru &#8211; podstatn\u011b nap\u0159\u00edklad ovlivnil vyd\u00e1n\u00ed Dekretu kutnohorsk\u00e9ho. P\u0159ed up\u00e1len\u00edm mu bylo 24. 5. 1416 poskytnuto ve\u0159ejn\u00e9 konciln\u00ed sly\u0161en\u00ed, jako Husovi, vzhledem k jeho zn\u00e1m\u00fdm n\u00e1zor\u016fm v\u0161ak u\u017e bylo o jeho osudu de facto rozhodnuto.<\/p>\n<p><strong>1434 \u2013<\/strong> Bitva u Lipan. Jedna z nejrozporovan\u011bj\u0161\u00edch ud\u00e1lost\u00ed \u010desk\u00fdch d\u011bjin. Pro jedny zrada husitsk\u00e9 revoluce, pro jin\u00e9 a\u017e t\u0159eba v\u00edt\u011bzstv\u00ed nad loupe\u017eiv\u00fdmi hordami a ni\u010diteli kl\u00e1\u0161ter\u016f a chr\u00e1m\u016f. Vojsko tzv. um\u00edrn\u011bn\u00fdch kali\u0161n\u00edk\u016f v koalici s katol\u00edky v t\u00e9to bitv\u011b porazilo tzv. radik\u00e1ln\u00ed husity, resp. jejich elitn\u00ed poln\u00ed vojska.<\/p>\n<p>Pokud bychom ud\u00e1lost posuzovali z dobov\u00fdch pramen\u016f, kupodivu ji m\u00e1lokdo tehdy hodnotil jako negativn\u00ed trag\u00e9dii a to nejen v ofici\u00e1ln\u00edch kronik\u00e1ch, ale i v priv\u00e1tn\u00ed korespondenci, pokud se zachovala. O\u010d tedy vlastn\u011b \u0161lo? Je t\u0159eba si uv\u011bdomit, \u017ee po v\u00edce ne\u017e 14 letech v\u00e1lek, kter\u00e9 za\u010daly v roce 1419, byly \u010desk\u00e9 zem\u011b ekonomicky vy\u010derpan\u00e9, mno\u017estv\u00ed p\u016fdy nebylo obd\u011bl\u00e1v\u00e1no, zahrani\u010dn\u00ed ekonomick\u00e9 vztahy byly d\u00edky prismatu kac\u00ed\u0159sk\u00e9ho kr\u00e1lovstv\u00ed tak\u00e9 komplikovan\u00e9. Na stran\u011b druh\u00e9, mocensk\u00e1 a ekonomick\u00e1 pozice katolick\u00e9 c\u00edrkve v oblastech ovl\u00e1dnut\u00fdch kali\u0161n\u00edky byla eliminov\u00e1na a majetkov\u00e9 p\u0159esuny c\u00edrkevn\u00edho majetku do kali\u0161nick\u00fdch \u0161lechtick\u00fdch i m\u011bstsk\u00fdch rukou byly sv\u00fdm zp\u016fsobem zavr\u0161eny a husit\u00e9 se mohli spolehnout na to, \u017ee status quo dok\u00e1\u017e\u00ed proti zahrani\u010dn\u00edm intervenc\u00edm ubr\u00e1nit, jak sami prax\u00ed osv\u011bd\u010dili. Za t\u00e9to situace pokra\u010dov\u00e1n\u00ed v\u00e1lky pro dom\u00e1c\u00ed katol\u00edky, ani pape\u017esk\u00fd stolec, nebylo \u0159e\u0161en\u00edm a pro dom\u00e1c\u00ed kali\u0161n\u00edky vlastn\u011b u\u017e tak\u00e9 ne. Proto \u010desk\u00e9 poselstvo v roce 1433 p\u0159ijelo do Basileje na koncil, aby vyjednalo ukon\u010den\u00ed v\u00e1lky za podm\u00ednky, \u017ee pom\u011bry v \u010desk\u00fdch zem\u00edch budou nadn\u00e1rodn\u011b uzn\u00e1ny \u2013 \u010deho kdo dos\u00e1hl, nebo si ubr\u00e1nil a jak\u00e9 v\u00edry je, to si doma sm\u00ed podr\u017eet, \u0159eknu-li to hodn\u011b zjednodu\u0161en\u011b. P\u0159i n\u00e1sledn\u00fdch jedn\u00e1n\u00edch \u2013 v Basileji se to je\u0161t\u011b nevy\u0159e\u0161ilo \u2013 tak vykrystalizovala dohoda (jej\u00edm\u017e j\u00e1drem byly tzv. \u010dty\u0159i artikuly pra\u017esk\u00e9) p\u0159ijateln\u00e1 pro v\u011bt\u0161inu podoboj\u00ed i katol\u00edk\u016f v \u010desk\u00fdch zem\u00edch, i pro pape\u017esk\u00fd stolec (katolicismus na nadn\u00e1rodn\u00ed \u00farovni). Z\u00e1v\u011bre\u010dn\u00e1 tzv. kompakt\u00e1ta byla v\u0161emi podstatn\u00fdmi stranami uzn\u00e1na v roce 1436.<\/p>\n<p>B\u011bhem 15 let v\u00e1lek se v\u0161ak kolem ideov\u011b radik\u00e1ln\u00edho j\u00e1dra husit\u016f vytvo\u0159ila nov\u00e1 spole\u010densk\u00e1 a vojensk\u00e1 skupina. To byla tzv. poln\u00ed vojska. Ve velk\u00e9 m\u00ed\u0159e jejich z\u00e1sluhou se poda\u0159ilo ubr\u00e1nit v\u0161em k\u0159i\u017e\u00e1ck\u00fdm vp\u00e1d\u016fm do \u010cech. Byla to vojensk\u00e1 elita strany podoboj\u00ed. Bohu\u017eel, postupem \u010dasu se v\u00e1lka stala doslova jejich \u017eivobyt\u00edm, jejich p\u0159\u00edslu\u0161n\u00edci se nemohli, nebo necht\u011bli, vr\u00e1tit zp\u00e1tky na p\u016fdu a p\u0159edn\u00ed hejtmani poln\u00edch vojsk si zvykli v ekonomicky vy\u010derpan\u00e9 zemi na nadstandardn\u00ed p\u0159\u00edjem z v\u00e1le\u010dn\u00e9 ko\u0159isti nap\u0159. z\u00edsk\u00e1van\u00e9 p\u0159i takzvan\u00fdch spanil\u00fdch j\u00edzd\u00e1ch do zahrani\u010d\u00ed, p\u0159i nich\u017e \u0159ada z nich velmi zbohatla. Za t\u011bchto okolnost\u00ed bylo logick\u00e9, \u017ee se k v\u00fd\u0161e uveden\u00fdm dohod\u00e1m nejen poln\u00ed vojska nep\u0159ipojila, ale byla p\u0159ipravena situaci blokovat vojensky. Tak byla otev\u0159ena osudov\u00e1 cesta k Lipan\u016fm. Po t\u00e9to bitv\u011b v\u0161ak husitstv\u00ed nezaniklo, ani se nerozpadlo to, co bylo v \u00e9\u0159e revolu\u010dn\u00edch v\u00e1lek dosa\u017eeno a point a nastala, kdy\u017e se \u010desk\u00fdm kr\u00e1lem posl\u00e9ze stal kali\u0161n\u00edk Ji\u0159\u00ed z Pod\u011bbrad.<\/p>\n<p><a href=\"http:\/\/www.zvedavec.org\/index.htm\" target=\"_blank\" rel=\"noopener\"><strong>ZV\u011aDAVEC<\/strong><\/a><\/p>\n<p><strong>Foto: Marek NAHODIL \u2013\u00a0<a href=\"http:\/\/www.nahodil.photography\/\" target=\"_blank\" rel=\"nofollow noopener noreferrer\">www.nahodil.photography<\/a><\/strong><\/p>\n<p>&nbsp;<\/p>\n<h6><a href=\"https:\/\/zakrasnejsivimperk.cz\/?cat=40\" target=\"_blank\" rel=\"noopener\">Galerie sn\u00edmk\u016f Marka Nahodila v MAGAZ\u00cdNU Za kr\u00e1sn\u011bj\u0161\u00ed Vimperk<\/a><\/h6>\n<p>&nbsp;<\/p>\n<p>&nbsp;<\/p>\n<p>&nbsp;<\/p>\n<p>&nbsp;<\/p>\n","protected":false},"excerpt":{"rendered":"<p>&nbsp; P\u0159ipome\u0148me <\/p>\n","protected":false},"author":2,"featured_media":158865,"comment_status":"open","ping_status":"open","sticky":false,"template":"","format":"gallery","meta":{"footnotes":""},"categories":[62],"tags":[],"jetpack_featured_media_url":"https:\/\/zakrasnejsivimperk.cz\/wp-content\/uploads\/2018\/05\/05\/r\u00e1me\u010dek-kv\u011bten-a-d\u011bjiny.jpg","_links":{"self":[{"href":"https:\/\/zakrasnejsivimperk.cz\/index.php?rest_route=\/wp\/v2\/posts\/129689"}],"collection":[{"href":"https:\/\/zakrasnejsivimperk.cz\/index.php?rest_route=\/wp\/v2\/posts"}],"about":[{"href":"https:\/\/zakrasnejsivimperk.cz\/index.php?rest_route=\/wp\/v2\/types\/post"}],"author":[{"embeddable":true,"href":"https:\/\/zakrasnejsivimperk.cz\/index.php?rest_route=\/wp\/v2\/users\/2"}],"replies":[{"embeddable":true,"href":"https:\/\/zakrasnejsivimperk.cz\/index.php?rest_route=%2Fwp%2Fv2%2Fcomments&post=129689"}],"version-history":[{"count":3,"href":"https:\/\/zakrasnejsivimperk.cz\/index.php?rest_route=\/wp\/v2\/posts\/129689\/revisions"}],"predecessor-version":[{"id":278027,"href":"https:\/\/zakrasnejsivimperk.cz\/index.php?rest_route=\/wp\/v2\/posts\/129689\/revisions\/278027"}],"wp:featuredmedia":[{"embeddable":true,"href":"https:\/\/zakrasnejsivimperk.cz\/index.php?rest_route=\/wp\/v2\/media\/158865"}],"wp:attachment":[{"href":"https:\/\/zakrasnejsivimperk.cz\/index.php?rest_route=%2Fwp%2Fv2%2Fmedia&parent=129689"}],"wp:term":[{"taxonomy":"category","embeddable":true,"href":"https:\/\/zakrasnejsivimperk.cz\/index.php?rest_route=%2Fwp%2Fv2%2Fcategories&post=129689"},{"taxonomy":"post_tag","embeddable":true,"href":"https:\/\/zakrasnejsivimperk.cz\/index.php?rest_route=%2Fwp%2Fv2%2Ftags&post=129689"}],"curies":[{"name":"wp","href":"https:\/\/api.w.org\/{rel}","templated":true}]}}