{"id":12758,"date":"2015-03-20T07:06:45","date_gmt":"2015-03-20T06:06:45","guid":{"rendered":"http:\/\/zakrasnejsivimperk.cz\/?p=12758"},"modified":"2015-03-20T07:06:45","modified_gmt":"2015-03-20T06:06:45","slug":"keltsky-telegraf-pripojte-se-k-mysteriu-a-prijdte-v-sobotu-21-brezna-na-marsky-vrch","status":"publish","type":"post","link":"https:\/\/zakrasnejsivimperk.cz\/?p=12758","title":{"rendered":"KELTSK\u00dd TELEGRAF: P\u0159ipojte se k myst\u00e9riu a p\u0159ij\u010fte v sobotu 21. b\u0159ezna na Ma\u0159sk\u00fd vrch"},"content":{"rendered":"<p style=\"text-align: justify;\">P\u0159ipojte se k myst\u00e9riu Keltsk\u00e9ho telegrafu a p\u0159ij\u010fte v sobotu 21. b\u0159ezna na Ma\u0159sk\u00fd vrch u Vimperka.<br \/>\nSraz \u00fa\u010dastn\u00edk\u016f je v 19 hodin. Ve 20,12 hodin n\u00e1sleduje odp\u00e1len\u00ed Keltsk\u00e9ho oh\u0148ostroje. Vezm\u011bte s sebou dobrou n\u00e1ladu, sv\u011btlo a teplej\u0161\u00ed oble\u010den\u00ed. Ob\u010derstven\u00ed bude zaji\u0161t\u011bno.<\/p>\n<div class=\"text_exposed_show\">\n<p><strong>V\u00edce informac\u00ed na <a href=\"http:\/\/www.keltskytelegraf.cz\/\" target=\"_blank\" rel=\"nofollow\">http:\/\/www.keltskytelegraf.cz<\/a><\/strong><\/p>\n<p><strong><a href=\"http:\/\/prosumavsko.cz\/\" target=\"_blank\">PRO \u0160UMAVSKO<\/a><\/strong><\/p>\n<p><strong>Foto: <a href=\"http:\/\/www.keltskytelegraf.cz\/\" target=\"_blank\">Keltsk\u00fd telegraf<\/a><\/strong><\/p>\n<p>&nbsp;<\/p>\n<p>&nbsp;<\/p>\n<p>&nbsp;<\/p>\n<p>&nbsp;<\/p>\n<p>&nbsp;<\/p>\n<\/div>\n","protected":false},"excerpt":{"rendered":"<p>P\u0159ipojte se <\/p>\n","protected":false},"author":2,"featured_media":12763,"comment_status":"open","ping_status":"open","sticky":false,"template":"","format":"standard","meta":{"footnotes":""},"categories":[30],"tags":[],"jetpack_featured_media_url":"https:\/\/zakrasnejsivimperk.cz\/wp-content\/uploads\/2015\/03\/keltove.jpg","_links":{"self":[{"href":"https:\/\/zakrasnejsivimperk.cz\/index.php?rest_route=\/wp\/v2\/posts\/12758"}],"collection":[{"href":"https:\/\/zakrasnejsivimperk.cz\/index.php?rest_route=\/wp\/v2\/posts"}],"about":[{"href":"https:\/\/zakrasnejsivimperk.cz\/index.php?rest_route=\/wp\/v2\/types\/post"}],"author":[{"embeddable":true,"href":"https:\/\/zakrasnejsivimperk.cz\/index.php?rest_route=\/wp\/v2\/users\/2"}],"replies":[{"embeddable":true,"href":"https:\/\/zakrasnejsivimperk.cz\/index.php?rest_route=%2Fwp%2Fv2%2Fcomments&post=12758"}],"version-history":[{"count":2,"href":"https:\/\/zakrasnejsivimperk.cz\/index.php?rest_route=\/wp\/v2\/posts\/12758\/revisions"}],"predecessor-version":[{"id":12764,"href":"https:\/\/zakrasnejsivimperk.cz\/index.php?rest_route=\/wp\/v2\/posts\/12758\/revisions\/12764"}],"wp:featuredmedia":[{"embeddable":true,"href":"https:\/\/zakrasnejsivimperk.cz\/index.php?rest_route=\/wp\/v2\/media\/12763"}],"wp:attachment":[{"href":"https:\/\/zakrasnejsivimperk.cz\/index.php?rest_route=%2Fwp%2Fv2%2Fmedia&parent=12758"}],"wp:term":[{"taxonomy":"category","embeddable":true,"href":"https:\/\/zakrasnejsivimperk.cz\/index.php?rest_route=%2Fwp%2Fv2%2Fcategories&post=12758"},{"taxonomy":"post_tag","embeddable":true,"href":"https:\/\/zakrasnejsivimperk.cz\/index.php?rest_route=%2Fwp%2Fv2%2Ftags&post=12758"}],"curies":[{"name":"wp","href":"https:\/\/api.w.org\/{rel}","templated":true}]}}