{"id":12682,"date":"2015-03-21T23:31:09","date_gmt":"2015-03-21T22:31:09","guid":{"rendered":"http:\/\/zakrasnejsivimperk.cz\/?p=12682"},"modified":"2015-03-21T23:31:09","modified_gmt":"2015-03-21T22:31:09","slug":"rozlusteni-hadanky-hrkani-je-obchuzka-deti-s-rehtackami-a-klapackami-na-zeleny-ctvrtek","status":"publish","type":"post","link":"https:\/\/zakrasnejsivimperk.cz\/?p=12682","title":{"rendered":"ROZLU\u0160T\u011aN\u00cd H\u00c1DANKY: Hrk\u00e1n\u00ed je obch\u016fzka d\u011bt\u00ed s \u0159ehta\u010dkami a klapa\u010dkami na Zelen\u00fd \u010dtvrtek"},"content":{"rendered":"<p style=\"text-align: justify;\">Velikono\u010dn\u00ed obch\u016fzka d\u011bt\u00ed s \u0159ehta\u010dkami a klapa\u010dkami na Zelen\u00fd \u010dtvrtek, Velk\u00fd p\u00e1tek a B\u00edlou sobotu je naz\u00fdv\u00e1na hrk\u00e1n\u00ed.<\/p>\n<p style=\"text-align: justify;\"><span class=\"text_exposed_show\">Na Zelen\u00fd \u010dtvrtek byl P\u00e1n Je\u017e\u00ed\u0161 zrazen a zajat, na Velk\u00fd p\u00e1tek byl mu\u010den, uk\u0159i\u017eov\u00e1n a poh\u0159ben. V hrob\u011b odpo\u010d\u00edval po celou B\u00edlou sobotu.<br \/>\nProto v tyto t\u0159i dny nezvon\u00ed zvony, ale oz\u00fdv\u00e1 se zvuk d\u0159ev\u011bn\u00fdch hrka\u010dek. Toto na\u0159\u00edzen\u00ed vydal pape\u017e, proto se lidov\u011b \u0159\u00edk\u00e1, \u017ee zvony ulet\u011bly do \u0158\u00edma.<\/span><\/p>\n<div class=\"text_exposed_show\">\n<p style=\"text-align: justify;\">Ke v\u0161em zvyk\u016fm se v\u0161ak mnohdy p\u0159ipletou i pov\u011bry. Byli lid\u00e9, kte\u0159\u00ed se domn\u00edvali, \u017ee kdy\u017e zjara ud\u011blaj\u00ed velk\u00fd r\u00e1mus na pol\u00edch, budou m\u00edt na cel\u00fd rok pokoj od hlodavc\u016f. Proto se kdysi hrkalo a \u0159ehtalo o sto \u0161est. Je pravda, \u017ee hlodavci p\u0159ed hrka\u010di sice okam\u017eit\u011b utekli, ale brzy se spokojen\u011b vr\u00e1tili.<\/p>\n<p style=\"text-align: justify;\"><a href=\"http:\/\/prosumavsko.cz\/\" target=\"_blank\"><strong>PRO \u0160UMAVSKO<\/strong><\/a><\/p>\n<p>&nbsp;<\/p>\n<p>&nbsp;<\/p>\n<p>&nbsp;<\/p>\n<p>&nbsp;<\/p>\n<\/div>\n","protected":false},"excerpt":{"rendered":"<p>Velikono\u010dn\u00ed obch\u016fzka <\/p>\n","protected":false},"author":2,"featured_media":12684,"comment_status":"open","ping_status":"open","sticky":false,"template":"","format":"standard","meta":{"footnotes":""},"categories":[30],"tags":[],"jetpack_featured_media_url":"https:\/\/zakrasnejsivimperk.cz\/wp-content\/uploads\/2015\/03\/hrka\u010dka.jpg","_links":{"self":[{"href":"https:\/\/zakrasnejsivimperk.cz\/index.php?rest_route=\/wp\/v2\/posts\/12682"}],"collection":[{"href":"https:\/\/zakrasnejsivimperk.cz\/index.php?rest_route=\/wp\/v2\/posts"}],"about":[{"href":"https:\/\/zakrasnejsivimperk.cz\/index.php?rest_route=\/wp\/v2\/types\/post"}],"author":[{"embeddable":true,"href":"https:\/\/zakrasnejsivimperk.cz\/index.php?rest_route=\/wp\/v2\/users\/2"}],"replies":[{"embeddable":true,"href":"https:\/\/zakrasnejsivimperk.cz\/index.php?rest_route=%2Fwp%2Fv2%2Fcomments&post=12682"}],"version-history":[{"count":3,"href":"https:\/\/zakrasnejsivimperk.cz\/index.php?rest_route=\/wp\/v2\/posts\/12682\/revisions"}],"predecessor-version":[{"id":12686,"href":"https:\/\/zakrasnejsivimperk.cz\/index.php?rest_route=\/wp\/v2\/posts\/12682\/revisions\/12686"}],"wp:featuredmedia":[{"embeddable":true,"href":"https:\/\/zakrasnejsivimperk.cz\/index.php?rest_route=\/wp\/v2\/media\/12684"}],"wp:attachment":[{"href":"https:\/\/zakrasnejsivimperk.cz\/index.php?rest_route=%2Fwp%2Fv2%2Fmedia&parent=12682"}],"wp:term":[{"taxonomy":"category","embeddable":true,"href":"https:\/\/zakrasnejsivimperk.cz\/index.php?rest_route=%2Fwp%2Fv2%2Fcategories&post=12682"},{"taxonomy":"post_tag","embeddable":true,"href":"https:\/\/zakrasnejsivimperk.cz\/index.php?rest_route=%2Fwp%2Fv2%2Ftags&post=12682"}],"curies":[{"name":"wp","href":"https:\/\/api.w.org\/{rel}","templated":true}]}}