{"id":12674,"date":"2015-03-20T07:08:26","date_gmt":"2015-03-20T06:08:26","guid":{"rendered":"http:\/\/zakrasnejsivimperk.cz\/?p=12674"},"modified":"2015-03-20T07:08:26","modified_gmt":"2015-03-20T06:08:26","slug":"prachaticky-denik-orosene-pivo-nebo-sklenka-vina-proc-ne-ale-az-po-praci","status":"publish","type":"post","link":"https:\/\/zakrasnejsivimperk.cz\/?p=12674","title":{"rendered":"PRACHATICK\u00dd DEN\u00cdK: Orosen\u00e9 pivo, nebo sklenka v\u00edna, pro\u010d ne, ale a\u017e po pr\u00e1ci"},"content":{"rendered":"<p><strong>Vimperk &#8211;\u00a0Ve\u0159ejnost, a\u0165 si klidn\u011b d\u00e1, ale jedn\u00e1n\u00ed je v\u00e1\u017en\u00e1 v\u011bc a zastupitel\u00e9 maj\u00ed m\u00edt jasnou\u00a0hlavu.<\/strong><\/p>\n<p style=\"text-align: justify;\">K\u00e1va, \u010daj, voda, maxim\u00e1ln\u011b chleb\u00ed\u010dky, to je ve\u0161ker\u00e1 nab\u00eddka, se kterou si musej\u00ed vysta\u010dit zastupitel\u00e9 v\u00a0Prachatic\u00edch. Pouze na n\u00e1poje je pak omezeno ob\u010derstven\u00ed p\u0159i jedn\u00e1n\u00ed zastupitel\u016f v\u00a0ostatn\u00edch m\u011bstech. Vesm\u011bs je zaji\u0161\u0165uj\u00ed sekretari\u00e1ty nebo kancel\u00e1\u0159 starosty. A\u00a0p\u0159\u00edtomn\u00e1 ve\u0159ejnost je na tom je\u0161t\u011b h\u016f\u0159, co si s\u00a0sebou nedonese, nem\u00e1.<\/p>\n<p style=\"text-align: justify;\"><strong>Cel\u00fd \u010dl\u00e1nek p\u0159in\u00e1\u0161\u00ed <a href=\"http:\/\/prachaticky.denik.cz\/zpravy_region\/orosene-pivo-nebo-sklenka-vina-proc-ne-ale-az-po-praci-20150318.html\" target=\"_blank\">PRACHATICK\u00dd DEN\u00cdK<\/a><\/strong><\/p>\n<p style=\"text-align: justify;\">\n","protected":false},"excerpt":{"rendered":"<p>Vimperk &#8211;\u00a0Ve\u0159ejnost, <\/p>\n","protected":false},"author":2,"featured_media":9035,"comment_status":"open","ping_status":"open","sticky":false,"template":"","format":"standard","meta":{"footnotes":""},"categories":[18],"tags":[],"jetpack_featured_media_url":"https:\/\/zakrasnejsivimperk.cz\/wp-content\/uploads\/2015\/02\/den\u00edk-prach.jpg","_links":{"self":[{"href":"https:\/\/zakrasnejsivimperk.cz\/index.php?rest_route=\/wp\/v2\/posts\/12674"}],"collection":[{"href":"https:\/\/zakrasnejsivimperk.cz\/index.php?rest_route=\/wp\/v2\/posts"}],"about":[{"href":"https:\/\/zakrasnejsivimperk.cz\/index.php?rest_route=\/wp\/v2\/types\/post"}],"author":[{"embeddable":true,"href":"https:\/\/zakrasnejsivimperk.cz\/index.php?rest_route=\/wp\/v2\/users\/2"}],"replies":[{"embeddable":true,"href":"https:\/\/zakrasnejsivimperk.cz\/index.php?rest_route=%2Fwp%2Fv2%2Fcomments&post=12674"}],"version-history":[{"count":2,"href":"https:\/\/zakrasnejsivimperk.cz\/index.php?rest_route=\/wp\/v2\/posts\/12674\/revisions"}],"predecessor-version":[{"id":12841,"href":"https:\/\/zakrasnejsivimperk.cz\/index.php?rest_route=\/wp\/v2\/posts\/12674\/revisions\/12841"}],"wp:featuredmedia":[{"embeddable":true,"href":"https:\/\/zakrasnejsivimperk.cz\/index.php?rest_route=\/wp\/v2\/media\/9035"}],"wp:attachment":[{"href":"https:\/\/zakrasnejsivimperk.cz\/index.php?rest_route=%2Fwp%2Fv2%2Fmedia&parent=12674"}],"wp:term":[{"taxonomy":"category","embeddable":true,"href":"https:\/\/zakrasnejsivimperk.cz\/index.php?rest_route=%2Fwp%2Fv2%2Fcategories&post=12674"},{"taxonomy":"post_tag","embeddable":true,"href":"https:\/\/zakrasnejsivimperk.cz\/index.php?rest_route=%2Fwp%2Fv2%2Ftags&post=12674"}],"curies":[{"name":"wp","href":"https:\/\/api.w.org\/{rel}","templated":true}]}}