{"id":12306,"date":"2015-03-26T15:04:05","date_gmt":"2015-03-26T14:04:05","guid":{"rendered":"http:\/\/zakrasnejsivimperk.cz\/?p=12306"},"modified":"2015-03-26T15:04:05","modified_gmt":"2015-03-26T14:04:05","slug":"idnes-ponozka-je-barierou-mezi-zdravim-a-nemoci-rika-oceneny-cesky-vedec","status":"publish","type":"post","link":"https:\/\/zakrasnejsivimperk.cz\/?p=12306","title":{"rendered":"iDNES: Pono\u017eka je bari\u00e9rou mezi zdrav\u00edm a nemoc\u00ed, \u0159\u00edk\u00e1 ocen\u011bn\u00fd \u010desk\u00fd v\u011bdec"},"content":{"rendered":"<p style=\"text-align: justify;\">B\u00fdv\u00e1me zesm\u011b\u0161\u0148ovan\u00ed jako n\u00e1rod, kter\u00fd nos\u00ed do bot pono\u017eky. T\u0159eba do sand\u00e1l\u016f. Ale \u0161estimocn\u00fd chrom obsa\u017een\u00fd v obuvi se velice snadno dostane do k\u016f\u017ee. Na\u0161t\u011bst\u00ed n\u00e1\u0161 imunitn\u00ed syst\u00e9m ho ve v\u011bt\u0161in\u011b p\u0159\u00edpad\u016f zlikviduje. Jen\u017ee m\u016f\u017ee se st\u00e1t, \u017ee se to nepoda\u0159\u00ed a pak je velk\u00e9 nebezpe\u010d\u00ed vzniku zhoubn\u00fdch n\u00e1dor\u016f mo\u010dov\u00fdch cest.<\/p>\n<p style=\"text-align: justify;\"><b>Tak\u017ee rad\u00edte nosit pono\u017eky?<\/b><\/p>\n<p style=\"text-align: justify;\">Ano. Proto\u017ee pono\u017eka je bari\u00e9rou mezi zdrav\u00edm a nemoc\u00ed, dokonce n\u011bkdy mezi \u017eivotem a smrt\u00ed. A pozor by si na to m\u011bly d\u00e1vat hlavn\u011b \u017eeny, kter\u00e9 nos\u00ed naboso sand\u00e1ly i lodi\u010dky. I statistiky ukazuj\u00ed, \u017ee rakovinov\u00fdmi n\u00e1dory mo\u010dov\u00fdch cest onemocn\u00ed \u010dast\u011bji ne\u017e mu\u017ei. Varoval bych i p\u0159ed bou\u0159kou, kter\u00e1 um\u00ed trojmocn\u00fd chrom prom\u011bnit na \u0161estimocn\u00fd. Tak\u017ee s nads\u00e1zkou \u0159e\u010deno: nechodit v bou\u0159ce naboso, rad\u011bji t\u0159eba boty sundat. Ale aby se \u010dten\u00e1\u0159i nelekli, znovu p\u0159ipom\u00edn\u00e1m, \u017ee je to potenci\u00e1ln\u00ed nebezpe\u010d\u00ed.<\/p>\n<p><strong>P\u0159e\u010dt\u011bte si cel\u00fd rozhovor Karlem Kolomazn\u00edkem z Fakulty aplikovan\u00e9 informatiky na zl\u00ednsk\u00e9 Univerzit\u011b Tom\u00e1\u0161e Bati\u00a0<\/strong><strong>v <a href=\"http:\/\/zlin.idnes.cz\/rozhovor-s-karlem-kolomaznikem-ze-zlinske-univerzity-p1u-\/zlin-zpravy.aspx?c=A150309_2145595_zlin-zpravy_ras#utm_source=sph.idnes&amp;utm_medium=richtext&amp;utm_content=top6\" target=\"_blank\">MF Dnes<\/a><\/strong><\/p>\n<p>&nbsp;<\/p>\n<p>&nbsp;<\/p>\n<p>&nbsp;<\/p>\n","protected":false},"excerpt":{"rendered":"<p>B\u00fdv\u00e1me zesm\u011b\u0161\u0148ovan\u00ed <\/p>\n","protected":false},"author":2,"featured_media":2097,"comment_status":"open","ping_status":"open","sticky":false,"template":"","format":"standard","meta":{"footnotes":""},"categories":[18],"tags":[],"jetpack_featured_media_url":"https:\/\/zakrasnejsivimperk.cz\/wp-content\/uploads\/2014\/12\/idnes.png","_links":{"self":[{"href":"https:\/\/zakrasnejsivimperk.cz\/index.php?rest_route=\/wp\/v2\/posts\/12306"}],"collection":[{"href":"https:\/\/zakrasnejsivimperk.cz\/index.php?rest_route=\/wp\/v2\/posts"}],"about":[{"href":"https:\/\/zakrasnejsivimperk.cz\/index.php?rest_route=\/wp\/v2\/types\/post"}],"author":[{"embeddable":true,"href":"https:\/\/zakrasnejsivimperk.cz\/index.php?rest_route=\/wp\/v2\/users\/2"}],"replies":[{"embeddable":true,"href":"https:\/\/zakrasnejsivimperk.cz\/index.php?rest_route=%2Fwp%2Fv2%2Fcomments&post=12306"}],"version-history":[{"count":3,"href":"https:\/\/zakrasnejsivimperk.cz\/index.php?rest_route=\/wp\/v2\/posts\/12306\/revisions"}],"predecessor-version":[{"id":13568,"href":"https:\/\/zakrasnejsivimperk.cz\/index.php?rest_route=\/wp\/v2\/posts\/12306\/revisions\/13568"}],"wp:featuredmedia":[{"embeddable":true,"href":"https:\/\/zakrasnejsivimperk.cz\/index.php?rest_route=\/wp\/v2\/media\/2097"}],"wp:attachment":[{"href":"https:\/\/zakrasnejsivimperk.cz\/index.php?rest_route=%2Fwp%2Fv2%2Fmedia&parent=12306"}],"wp:term":[{"taxonomy":"category","embeddable":true,"href":"https:\/\/zakrasnejsivimperk.cz\/index.php?rest_route=%2Fwp%2Fv2%2Fcategories&post=12306"},{"taxonomy":"post_tag","embeddable":true,"href":"https:\/\/zakrasnejsivimperk.cz\/index.php?rest_route=%2Fwp%2Fv2%2Ftags&post=12306"}],"curies":[{"name":"wp","href":"https:\/\/api.w.org\/{rel}","templated":true}]}}