{"id":12167,"date":"2015-03-19T07:08:59","date_gmt":"2015-03-19T06:08:59","guid":{"rendered":"http:\/\/zakrasnejsivimperk.cz\/?p=12167"},"modified":"2015-03-19T07:08:59","modified_gmt":"2015-03-19T06:08:59","slug":"prachaticky-denik-zatim-chodci-prebihaji-silnici-v-susicke-pres-krizovatku","status":"publish","type":"post","link":"https:\/\/zakrasnejsivimperk.cz\/?p=12167","title":{"rendered":"PRACHATICK\u00dd DEN\u00cdK: Zat\u00edm chodci p\u0159eb\u00edhaj\u00ed silnici v Su\u0161ick\u00e9 p\u0159es k\u0159i\u017eovatku"},"content":{"rendered":"<p style=\"text-align: justify;\"><strong>Vimperk \u2013 Bezpe\u010dn\u011bji by se m\u011bli dostat lid\u00e9 ve Vimperku p\u0159es frekventovanou p\u0159\u00edjezdovou silnici v ulici Su\u0161ick\u00e1 pobl\u00ed\u017e obchodn\u00edho domu Tesco.\u00a0<\/strong>U\u017e p\u0159i jeho v\u00fdstavb\u011b obyvatel\u00e9 upozor\u0148ovali, \u017ee chyb\u011bj\u00edc\u00ed p\u0159echod pro chodce bude probl\u00e9m, co\u017e se podle starostky Jaroslavy Martanov\u00e9 potvrzuje prakticky dnes a denn\u011b. \u201eJe naprosto obvykl\u00e9, \u017ee chodci p\u0159ech\u00e1zej\u00ed v t\u011bchto m\u00edstech Su\u0161ickou ulici nap\u0159\u00ed\u010d k\u0159i\u017eovatkou, proto\u017ee tu nen\u00ed p\u0159echod,&#8221; konstatuje starostka. Sice ne hned, ale vy\u0161\u0161\u00ed bezpe\u010dnosti by se m\u011bli obyvatel\u00e9 v t\u00e9to \u010d\u00e1st p\u0159ece jen do\u010dkat.<\/p>\n<p style=\"text-align: justify;\"><strong>Cel\u00fd \u010dl\u00e1nek p\u0159in\u00e1\u0161\u00ed <a href=\"http:\/\/prachaticky.denik.cz\/zpravy_region\/zatim-chodci-prebihaji-silnici-v-susicke-pres-krizovatku-20150314.html\" target=\"_blank\">PRACHATICK\u00dd DEN\u00cdK<\/a><\/strong><\/p>\n<p>&nbsp;<\/p>\n<p>&nbsp;<\/p>\n<p>&nbsp;<\/p>\n<p>&nbsp;<\/p>\n","protected":false},"excerpt":{"rendered":"<p>Vimperk \u2013 <\/p>\n","protected":false},"author":2,"featured_media":9035,"comment_status":"open","ping_status":"open","sticky":false,"template":"","format":"standard","meta":{"footnotes":""},"categories":[18],"tags":[],"jetpack_featured_media_url":"https:\/\/zakrasnejsivimperk.cz\/wp-content\/uploads\/2015\/02\/den\u00edk-prach.jpg","_links":{"self":[{"href":"https:\/\/zakrasnejsivimperk.cz\/index.php?rest_route=\/wp\/v2\/posts\/12167"}],"collection":[{"href":"https:\/\/zakrasnejsivimperk.cz\/index.php?rest_route=\/wp\/v2\/posts"}],"about":[{"href":"https:\/\/zakrasnejsivimperk.cz\/index.php?rest_route=\/wp\/v2\/types\/post"}],"author":[{"embeddable":true,"href":"https:\/\/zakrasnejsivimperk.cz\/index.php?rest_route=\/wp\/v2\/users\/2"}],"replies":[{"embeddable":true,"href":"https:\/\/zakrasnejsivimperk.cz\/index.php?rest_route=%2Fwp%2Fv2%2Fcomments&post=12167"}],"version-history":[{"count":2,"href":"https:\/\/zakrasnejsivimperk.cz\/index.php?rest_route=\/wp\/v2\/posts\/12167\/revisions"}],"predecessor-version":[{"id":12169,"href":"https:\/\/zakrasnejsivimperk.cz\/index.php?rest_route=\/wp\/v2\/posts\/12167\/revisions\/12169"}],"wp:featuredmedia":[{"embeddable":true,"href":"https:\/\/zakrasnejsivimperk.cz\/index.php?rest_route=\/wp\/v2\/media\/9035"}],"wp:attachment":[{"href":"https:\/\/zakrasnejsivimperk.cz\/index.php?rest_route=%2Fwp%2Fv2%2Fmedia&parent=12167"}],"wp:term":[{"taxonomy":"category","embeddable":true,"href":"https:\/\/zakrasnejsivimperk.cz\/index.php?rest_route=%2Fwp%2Fv2%2Fcategories&post=12167"},{"taxonomy":"post_tag","embeddable":true,"href":"https:\/\/zakrasnejsivimperk.cz\/index.php?rest_route=%2Fwp%2Fv2%2Ftags&post=12167"}],"curies":[{"name":"wp","href":"https:\/\/api.w.org\/{rel}","templated":true}]}}