{"id":12162,"date":"2015-03-17T07:04:34","date_gmt":"2015-03-17T06:04:34","guid":{"rendered":"http:\/\/zakrasnejsivimperk.cz\/?p=12162"},"modified":"2015-03-17T07:04:34","modified_gmt":"2015-03-17T06:04:34","slug":"prachaticky-denik-cesta-vedouci-vetrnou-ulici-je-verejne-pristupna-bez-omezeni","status":"publish","type":"post","link":"https:\/\/zakrasnejsivimperk.cz\/?p=12162","title":{"rendered":"PRACHATICK\u00dd DEN\u00cdK: Cesta vedouc\u00ed V\u011btrnou ulic\u00ed je ve\u0159ejn\u011b p\u0159\u00edstupn\u00e1 bez omezen\u00ed"},"content":{"rendered":"<p style=\"text-align: justify;\"><strong>Vimperk \u2013 Komunikace ve V\u011btrn\u00e9 ulici v lokalit\u011b Mal\u00e1 Homolka je ve\u0159ejnou \u00fa\u010delovou komunikac\u00ed. Tak zn\u00ed rozhodnut\u00ed krajsk\u00e9ho \u00fa\u0159adu, kter\u00e9 nabylo tento t\u00fdden \u00fa\u010dinnosti.\u00a0<\/strong>Nevyjasn\u011bn\u00fd pr\u00e1vn\u00ed stav cesty, kterou vedle m\u011bsta vlastn\u00ed n\u011bkolik dal\u0161\u00edch soukrom\u00fdch vlastn\u00edk\u016f, v minulosti komplikoval p\u0159\u00edstup stavebn\u00edk\u016f k jejich parcel\u00e1m. Cel\u00e1 z\u00e1le\u017eitost vygradovala pot\u00e9, kdy nov\u00ed stavebn\u00edci odm\u00edtli hradit jak\u00fdsi bl\u00ed\u017ee nespecifikovan\u00fd poplatek, kter\u00fd po nich m\u011bl po\u017eadovat majitel jednoho z ji\u017e postaven\u00fdch dom\u016f a spoluvlastn\u00edk cesty na \u00fahradu n\u00e1klad\u016f spojen\u00fdch s jej\u00edm zpevn\u011bn\u00edm z minulosti.<\/p>\n<p style=\"text-align: justify;\"><strong>Cel\u00fd \u010dl\u00e1nek p\u0159in\u00e1\u0161\u00ed <a href=\"http:\/\/prachaticky.denik.cz\/zpravy_region\/cesta-vedouci-vetrnou-ulici-je-verejne-pristupna-bez-omezeni-20150313.html\" target=\"_blank\">PRACHATICK\u00dd DEN\u00cdK<\/a><\/strong><\/p>\n<p>&nbsp;<\/p>\n<p>&nbsp;<\/p>\n<p>&nbsp;<\/p>\n<p style=\"text-align: justify;\">\n","protected":false},"excerpt":{"rendered":"<p>Vimperk \u2013 <\/p>\n","protected":false},"author":2,"featured_media":9035,"comment_status":"open","ping_status":"open","sticky":false,"template":"","format":"standard","meta":{"footnotes":""},"categories":[18],"tags":[],"jetpack_featured_media_url":"https:\/\/zakrasnejsivimperk.cz\/wp-content\/uploads\/2015\/02\/den\u00edk-prach.jpg","_links":{"self":[{"href":"https:\/\/zakrasnejsivimperk.cz\/index.php?rest_route=\/wp\/v2\/posts\/12162"}],"collection":[{"href":"https:\/\/zakrasnejsivimperk.cz\/index.php?rest_route=\/wp\/v2\/posts"}],"about":[{"href":"https:\/\/zakrasnejsivimperk.cz\/index.php?rest_route=\/wp\/v2\/types\/post"}],"author":[{"embeddable":true,"href":"https:\/\/zakrasnejsivimperk.cz\/index.php?rest_route=\/wp\/v2\/users\/2"}],"replies":[{"embeddable":true,"href":"https:\/\/zakrasnejsivimperk.cz\/index.php?rest_route=%2Fwp%2Fv2%2Fcomments&post=12162"}],"version-history":[{"count":4,"href":"https:\/\/zakrasnejsivimperk.cz\/index.php?rest_route=\/wp\/v2\/posts\/12162\/revisions"}],"predecessor-version":[{"id":12166,"href":"https:\/\/zakrasnejsivimperk.cz\/index.php?rest_route=\/wp\/v2\/posts\/12162\/revisions\/12166"}],"wp:featuredmedia":[{"embeddable":true,"href":"https:\/\/zakrasnejsivimperk.cz\/index.php?rest_route=\/wp\/v2\/media\/9035"}],"wp:attachment":[{"href":"https:\/\/zakrasnejsivimperk.cz\/index.php?rest_route=%2Fwp%2Fv2%2Fmedia&parent=12162"}],"wp:term":[{"taxonomy":"category","embeddable":true,"href":"https:\/\/zakrasnejsivimperk.cz\/index.php?rest_route=%2Fwp%2Fv2%2Fcategories&post=12162"},{"taxonomy":"post_tag","embeddable":true,"href":"https:\/\/zakrasnejsivimperk.cz\/index.php?rest_route=%2Fwp%2Fv2%2Ftags&post=12162"}],"curies":[{"name":"wp","href":"https:\/\/api.w.org\/{rel}","templated":true}]}}