{"id":12028,"date":"2015-03-15T12:15:04","date_gmt":"2015-03-15T11:15:04","guid":{"rendered":"http:\/\/zakrasnejsivimperk.cz\/?p=12028"},"modified":"2015-03-15T12:15:04","modified_gmt":"2015-03-15T11:15:04","slug":"prachaticky-denik-v-lednu-zastupitele-osadni-vybor-zridili-v-breznu-ho-museli-zrusit","status":"publish","type":"post","link":"https:\/\/zakrasnejsivimperk.cz\/?p=12028","title":{"rendered":"PRACHATICK\u00dd DEN\u00cdK: V lednu zastupitel\u00e9 osadn\u00ed v\u00fdbor z\u0159\u00eddili, v b\u0159eznu ho museli zru\u0161it"},"content":{"rendered":"<p style=\"text-align: justify;\">Vimperk &#8211; Jen zhruba jeden m\u011bs\u00edc existoval nov\u00fd osadn\u00ed v\u00fdbor pro m\u011bstsk\u00e9 osady Hrabice, Cejsice, K\u0159es\u00e1nov a Sloupy. Tento t\u00fdden byli zastupitel\u00e9 nuceni jeho \u010dinnost ukon\u010dit a v\u00fdbor zru\u0161it.\u00a0D\u016fvodem byla skute\u010dnost, \u017ee t\u0159i z\u00a0p\u011bti \u010dlen\u016f osadn\u00edho v\u00fdboru nem\u011bli v\u00a0osad\u00e1ch trval\u00e9 bydli\u0161t\u011b, co\u017e odporuje z\u00e1konu o\u00a0obc\u00edch. Na p\u0159ijet\u00ed usnesen\u00ed, j\u00edm\u017e zastupitel\u00e9 \u2028v\u00a0lednu z\u0159\u00eddili nov\u00fd osadn\u00ed v\u00fdbor, se podle starostky\u00a0Vimperku Jaroslavy Martanov\u00e9 podepsalo i\u00a0to, \u017ee byl p\u0159edlo\u017een a\u017e na samotn\u00e9m jedn\u00e1n\u00ed.<\/p>\n<p style=\"text-align: justify;\"><strong>Pokra\u010dov\u00e1n\u00ed \u010dl\u00e1nku najdete na webu <a href=\"http:\/\/prachaticky.denik.cz\/zpravy_region\/osadni-vybor-fungoval-jen-37-dnu-20150313.html\" target=\"_blank\">PRACHATICK\u00c9HO DEN\u00cdKU<\/a><\/strong><\/p>\n<p style=\"text-align: justify;\">Redakce Za kr\u00e1sn\u011bj\u0161\u00ed Vimperk si dovoluje t\u00edmto upozornit autora \u010dl\u00e1nku v PT den\u00edku, \u017ee &#8220;Sloupy&#8221; nejsou vimperskou osadou.<\/p>\n<p style=\"text-align: justify;\">\n","protected":false},"excerpt":{"rendered":"<p>Vimperk &#8211; <\/p>\n","protected":false},"author":2,"featured_media":9035,"comment_status":"open","ping_status":"open","sticky":false,"template":"","format":"standard","meta":{"footnotes":""},"categories":[18],"tags":[],"jetpack_featured_media_url":"https:\/\/zakrasnejsivimperk.cz\/wp-content\/uploads\/2015\/02\/den\u00edk-prach.jpg","_links":{"self":[{"href":"https:\/\/zakrasnejsivimperk.cz\/index.php?rest_route=\/wp\/v2\/posts\/12028"}],"collection":[{"href":"https:\/\/zakrasnejsivimperk.cz\/index.php?rest_route=\/wp\/v2\/posts"}],"about":[{"href":"https:\/\/zakrasnejsivimperk.cz\/index.php?rest_route=\/wp\/v2\/types\/post"}],"author":[{"embeddable":true,"href":"https:\/\/zakrasnejsivimperk.cz\/index.php?rest_route=\/wp\/v2\/users\/2"}],"replies":[{"embeddable":true,"href":"https:\/\/zakrasnejsivimperk.cz\/index.php?rest_route=%2Fwp%2Fv2%2Fcomments&post=12028"}],"version-history":[{"count":4,"href":"https:\/\/zakrasnejsivimperk.cz\/index.php?rest_route=\/wp\/v2\/posts\/12028\/revisions"}],"predecessor-version":[{"id":12262,"href":"https:\/\/zakrasnejsivimperk.cz\/index.php?rest_route=\/wp\/v2\/posts\/12028\/revisions\/12262"}],"wp:featuredmedia":[{"embeddable":true,"href":"https:\/\/zakrasnejsivimperk.cz\/index.php?rest_route=\/wp\/v2\/media\/9035"}],"wp:attachment":[{"href":"https:\/\/zakrasnejsivimperk.cz\/index.php?rest_route=%2Fwp%2Fv2%2Fmedia&parent=12028"}],"wp:term":[{"taxonomy":"category","embeddable":true,"href":"https:\/\/zakrasnejsivimperk.cz\/index.php?rest_route=%2Fwp%2Fv2%2Fcategories&post=12028"},{"taxonomy":"post_tag","embeddable":true,"href":"https:\/\/zakrasnejsivimperk.cz\/index.php?rest_route=%2Fwp%2Fv2%2Ftags&post=12028"}],"curies":[{"name":"wp","href":"https:\/\/api.w.org\/{rel}","templated":true}]}}