{"id":11941,"date":"2015-03-13T02:23:52","date_gmt":"2015-03-13T01:23:52","guid":{"rendered":"http:\/\/zakrasnejsivimperk.cz\/?p=11941"},"modified":"2015-03-12T22:29:01","modified_gmt":"2015-03-12T21:29:01","slug":"prachaticky-denik-mesto-muze-zacit-s-krajem-vyjednavat-o-smene-knihovny","status":"publish","type":"post","link":"https:\/\/zakrasnejsivimperk.cz\/?p=11941","title":{"rendered":"PRACHATICK\u00dd DEN\u00cdK: M\u011bsto m\u016f\u017ee za\u010d\u00edt s krajem vyjedn\u00e1vat o sm\u011bn\u011b knihovny"},"content":{"rendered":"<p><strong>Vimperk &#8211;\u00a0Pro potvrzen\u00ed, zda m\u011bsto na n\u00e1vrh p\u0159istoup\u00ed, bude rozhoduj\u00edc\u00ed i\u00a0cena nab\u00edzen\u00e9\u00a0\u0161koly.<\/strong><\/p>\n<p style=\"text-align: justify;\">Sm\u011bn\u011b objektu b\u00fdval\u00e9 knihovny v\u00a0N\u00e1dra\u017en\u00ed ulici a budovy b\u00fdval\u00e9 Z\u00e1kladn\u00ed \u0161koly praktick\u00e9 v\u00a0ulici 1.\u00a0m\u00e1je otev\u0159eli v\u00a0pond\u011bl\u00ed pomysln\u00e1 vr\u00e1tka vimper\u0161t\u00ed zastupitel\u00e9. Jednomysln\u011b podpo\u0159ili z\u00e1m\u011br, aby m\u011bsto zah\u00e1jilo vyjedn\u00e1v\u00e1n\u00ed s\u00a0Jiho\u010desk\u00fdm krajem o\u00a0podm\u00ednk\u00e1ch a p\u0159\u00edpadn\u00e9 sm\u011bn\u011b obou nemovitost\u00ed. Pokud se t\u00fdk\u00e1 b\u00fdval\u00e9 knihovny, ta z\u016fstala bez vyu\u017eit\u00ed od chv\u00edle, kdy se knihovna p\u0159est\u011bhovala do b\u00fdval\u00e9 lesnick\u00e9 \u0161koly.<\/p>\n<p style=\"text-align: justify;\"><strong>Podrobnosti p\u0159in\u00e1\u0161\u00ed <a href=\"http:\/\/prachaticky.denik.cz\/zpravy_region\/mesto-muze-zacit-s-krajem-vyjednavat-o-smene-knihovny-20150311.html\" target=\"_blank\">PRACHATICK\u00dd DEN\u00cdK<\/a><\/strong><\/p>\n<p style=\"text-align: justify;\">\n","protected":false},"excerpt":{"rendered":"<p>Vimperk &#8211;\u00a0Pro <\/p>\n","protected":false},"author":2,"featured_media":9035,"comment_status":"open","ping_status":"open","sticky":false,"template":"","format":"standard","meta":{"footnotes":""},"categories":[18],"tags":[],"jetpack_featured_media_url":"https:\/\/zakrasnejsivimperk.cz\/wp-content\/uploads\/2015\/02\/den\u00edk-prach.jpg","_links":{"self":[{"href":"https:\/\/zakrasnejsivimperk.cz\/index.php?rest_route=\/wp\/v2\/posts\/11941"}],"collection":[{"href":"https:\/\/zakrasnejsivimperk.cz\/index.php?rest_route=\/wp\/v2\/posts"}],"about":[{"href":"https:\/\/zakrasnejsivimperk.cz\/index.php?rest_route=\/wp\/v2\/types\/post"}],"author":[{"embeddable":true,"href":"https:\/\/zakrasnejsivimperk.cz\/index.php?rest_route=\/wp\/v2\/users\/2"}],"replies":[{"embeddable":true,"href":"https:\/\/zakrasnejsivimperk.cz\/index.php?rest_route=%2Fwp%2Fv2%2Fcomments&post=11941"}],"version-history":[{"count":3,"href":"https:\/\/zakrasnejsivimperk.cz\/index.php?rest_route=\/wp\/v2\/posts\/11941\/revisions"}],"predecessor-version":[{"id":11994,"href":"https:\/\/zakrasnejsivimperk.cz\/index.php?rest_route=\/wp\/v2\/posts\/11941\/revisions\/11994"}],"wp:featuredmedia":[{"embeddable":true,"href":"https:\/\/zakrasnejsivimperk.cz\/index.php?rest_route=\/wp\/v2\/media\/9035"}],"wp:attachment":[{"href":"https:\/\/zakrasnejsivimperk.cz\/index.php?rest_route=%2Fwp%2Fv2%2Fmedia&parent=11941"}],"wp:term":[{"taxonomy":"category","embeddable":true,"href":"https:\/\/zakrasnejsivimperk.cz\/index.php?rest_route=%2Fwp%2Fv2%2Fcategories&post=11941"},{"taxonomy":"post_tag","embeddable":true,"href":"https:\/\/zakrasnejsivimperk.cz\/index.php?rest_route=%2Fwp%2Fv2%2Ftags&post=11941"}],"curies":[{"name":"wp","href":"https:\/\/api.w.org\/{rel}","templated":true}]}}