{"id":11938,"date":"2015-03-14T08:24:42","date_gmt":"2015-03-14T07:24:42","guid":{"rendered":"http:\/\/zakrasnejsivimperk.cz\/?p=11938"},"modified":"2015-03-14T08:24:42","modified_gmt":"2015-03-14T07:24:42","slug":"prachaticky-denik-byla-to-chyba-ktera-se-nebude-opakovat-slibil-tajemnik","status":"publish","type":"post","link":"https:\/\/zakrasnejsivimperk.cz\/?p=11938","title":{"rendered":"PRACHATICK\u00dd DEN\u00cdK: Byla to chyba, kter\u00e1 se nebude opakovat, sl\u00edbil tajemn\u00edk"},"content":{"rendered":"<p style=\"text-align: justify;\"><strong>Vimperk &#8211;\u00a0Term\u00edn a program jedn\u00e1n\u00ed zastupitelstva ve Vimperku se ve\u0159ejnost dozv\u011bd\u011bla o\u00a0dva dny pozd\u011bji, z\u00e1kon t\u00edm ale poru\u0161en\u00a0nebyl.\u00a0<\/strong>Ani roky zau\u017e\u00edvan\u00e1 praxe, kter\u00e1 bez probl\u00e9m\u016f funguje, nemus\u00ed b\u00fdt tak docela bezprobl\u00e9mov\u00e1. P\u0159esv\u011bd\u010dili se o\u00a0tom vimper\u0161t\u00ed zastupitel\u00e9 a p\u0159edev\u0161\u00edm tajemn\u00edk M\u011bstsk\u00e9ho \u00fa\u0159adu Vimperk Zden\u011bk \u017den\u00ed\u0161ek. Sta\u010dily dva dny, o\u00a0kter\u00e9 se zpozdilo vyv\u011b\u0161en\u00ed ozn\u00e1men\u00ed o\u00a0kon\u00e1n\u00ed zastupitelstva na webov\u00fdch str\u00e1nk\u00e1ch m\u011bsta, a probl\u00e9m byl na sv\u011bt\u011b. Uk\u00e1zalo se toti\u017e, \u017ee dev\u011bt let se lid\u00e9 ve Vimperku o\u00a0tom, kdy a s\u00a0jak\u00fdm programem budou jejich zastupitel\u00e9 jednat, dozv\u00eddaj\u00ed v\u00a0p\u0159\u00edpad\u011b elektronick\u00e9ho zve\u0159ejn\u011bn\u00ed jinak, ne\u017e stanovuje z\u00e1kon o\u00a0obc\u00edch a Spr\u00e1vn\u00ed \u0159\u00e1d.<\/p>\n<p><strong>Kauze, kterou otev\u0159el n\u00e1\u0161 internetov\u00fd den\u00edk, se podrobn\u011b v\u011bnuje\u00a0<a href=\"http:\/\/prachaticky.denik.cz\/zpravy_region\/byla-to-chyba-ktera-se-nebude-opakovat-slibil-tajemnik-20150311.html\" target=\"_blank\">PRACHATICK\u00dd DEN\u00cdK<\/a><\/strong><\/p>\n<p>&nbsp;<\/p>\n<p>&nbsp;<\/p>\n<p>&nbsp;<\/p>\n<p>&nbsp;<\/p>\n","protected":false},"excerpt":{"rendered":"<p>Vimperk &#8211;\u00a0Term\u00edn <\/p>\n","protected":false},"author":2,"featured_media":9035,"comment_status":"open","ping_status":"open","sticky":false,"template":"","format":"standard","meta":{"footnotes":""},"categories":[18],"tags":[],"jetpack_featured_media_url":"https:\/\/zakrasnejsivimperk.cz\/wp-content\/uploads\/2015\/02\/den\u00edk-prach.jpg","_links":{"self":[{"href":"https:\/\/zakrasnejsivimperk.cz\/index.php?rest_route=\/wp\/v2\/posts\/11938"}],"collection":[{"href":"https:\/\/zakrasnejsivimperk.cz\/index.php?rest_route=\/wp\/v2\/posts"}],"about":[{"href":"https:\/\/zakrasnejsivimperk.cz\/index.php?rest_route=\/wp\/v2\/types\/post"}],"author":[{"embeddable":true,"href":"https:\/\/zakrasnejsivimperk.cz\/index.php?rest_route=\/wp\/v2\/users\/2"}],"replies":[{"embeddable":true,"href":"https:\/\/zakrasnejsivimperk.cz\/index.php?rest_route=%2Fwp%2Fv2%2Fcomments&post=11938"}],"version-history":[{"count":2,"href":"https:\/\/zakrasnejsivimperk.cz\/index.php?rest_route=\/wp\/v2\/posts\/11938\/revisions"}],"predecessor-version":[{"id":11940,"href":"https:\/\/zakrasnejsivimperk.cz\/index.php?rest_route=\/wp\/v2\/posts\/11938\/revisions\/11940"}],"wp:featuredmedia":[{"embeddable":true,"href":"https:\/\/zakrasnejsivimperk.cz\/index.php?rest_route=\/wp\/v2\/media\/9035"}],"wp:attachment":[{"href":"https:\/\/zakrasnejsivimperk.cz\/index.php?rest_route=%2Fwp%2Fv2%2Fmedia&parent=11938"}],"wp:term":[{"taxonomy":"category","embeddable":true,"href":"https:\/\/zakrasnejsivimperk.cz\/index.php?rest_route=%2Fwp%2Fv2%2Fcategories&post=11938"},{"taxonomy":"post_tag","embeddable":true,"href":"https:\/\/zakrasnejsivimperk.cz\/index.php?rest_route=%2Fwp%2Fv2%2Ftags&post=11938"}],"curies":[{"name":"wp","href":"https:\/\/api.w.org\/{rel}","templated":true}]}}