{"id":11793,"date":"2015-03-11T09:59:57","date_gmt":"2015-03-11T08:59:57","guid":{"rendered":"http:\/\/zakrasnejsivimperk.cz\/?p=11793"},"modified":"2015-03-11T10:01:52","modified_gmt":"2015-03-11T09:01:52","slug":"pripravujeme-seminar-cesky-system-kvality-sluzeb-pro-penziony-hotely-restaurace-infocentra","status":"publish","type":"post","link":"https:\/\/zakrasnejsivimperk.cz\/?p=11793","title":{"rendered":"P\u0158IPRAVUJEME SEMIN\u00c1\u0158: \u010cesk\u00fd syst\u00e9m kvality slu\u017eeb. Pro  penziony, hotely, infocentra&#8230;"},"content":{"rendered":"<p style=\"text-align: justify;\">V sou\u010dasn\u00e9 dob\u011b se PRO \u0160umavsko uch\u00e1z\u00ed o ud\u011blen\u00ed zna\u010dky kvality Q.\u00a0Proto\u017ee pova\u017eujeme ud\u011blen\u00ed Q zna\u010dky za velice p\u0159\u00ednosn\u00e9, rozhodli jsme se, \u017ee uspo\u0159\u00e1d\u00e1me ve spolupr\u00e1ci s \u010cesk\u00fdm syst\u00e9mem kvality slu\u017eeb semin\u00e1\u0159 k mo\u017enosti z\u00edsk\u00e1n\u00ed zna\u010dky syst\u00e9mu kvality slu\u017eeb a p\u0159ibl\u00ed\u017e\u00edme v\u0161em z\u00e1jemc\u016fm tak\u00e9 mo\u017enost &#8220;bezplatn\u00e9ho&#8221; z\u00edsk\u00e1n\u00ed certifik\u00e1tu kvality Q od Ministerstva pro m\u00edstn\u00ed rozvoj \u010cR.<\/p>\n<p style=\"text-align: justify;\">Semin\u00e1\u0159 je vhodn\u00fd pro penziony, hotely, restaurace, informa\u010dn\u00ed centr<span class=\"text_exposed_show\">a a dal\u0161\u00ed organizace v cestovn\u00edm ruchu. Bude se konat ve dnech 14. a 15. kv\u011btna v Malenic\u00edch (IKS Malenice, \u010d.p. 1 &#8211; fara).<br \/>\nBli\u017e\u0161\u00ed informace za PRO \u0160umavsko pod\u00e1 v\u0161em z\u00e1jemc\u016fm Mgr. Iveta Frkov\u00e1, telefon 380 831 059 nebo 724 004 484.<br \/>\nV\u00edce informac\u00ed o cel\u00e9m projektu naleznete na <a href=\"http:\/\/www.csks.cz\/\" target=\"_blank\" rel=\"nofollow\">http:\/\/www.csks.cz\/<\/a><\/span><\/p>\n<p><strong>Ivana VLKOV\u00c1, p\u0159edsedkyn\u011b PRO \u0160umavsko, z.s.<\/strong><\/p>\n<p>&nbsp;<\/p>\n<p>&nbsp;<\/p>\n<p>&nbsp;<\/p>\n<p>&nbsp;<\/p>\n","protected":false},"excerpt":{"rendered":"<p>V sou\u010dasn\u00e9 <\/p>\n","protected":false},"author":2,"featured_media":11794,"comment_status":"open","ping_status":"open","sticky":false,"template":"","format":"standard","meta":{"footnotes":""},"categories":[30],"tags":[],"jetpack_featured_media_url":"https:\/\/zakrasnejsivimperk.cz\/wp-content\/uploads\/2015\/03\/PRO-\u0160umavsko.jpg","_links":{"self":[{"href":"https:\/\/zakrasnejsivimperk.cz\/index.php?rest_route=\/wp\/v2\/posts\/11793"}],"collection":[{"href":"https:\/\/zakrasnejsivimperk.cz\/index.php?rest_route=\/wp\/v2\/posts"}],"about":[{"href":"https:\/\/zakrasnejsivimperk.cz\/index.php?rest_route=\/wp\/v2\/types\/post"}],"author":[{"embeddable":true,"href":"https:\/\/zakrasnejsivimperk.cz\/index.php?rest_route=\/wp\/v2\/users\/2"}],"replies":[{"embeddable":true,"href":"https:\/\/zakrasnejsivimperk.cz\/index.php?rest_route=%2Fwp%2Fv2%2Fcomments&post=11793"}],"version-history":[{"count":4,"href":"https:\/\/zakrasnejsivimperk.cz\/index.php?rest_route=\/wp\/v2\/posts\/11793\/revisions"}],"predecessor-version":[{"id":11798,"href":"https:\/\/zakrasnejsivimperk.cz\/index.php?rest_route=\/wp\/v2\/posts\/11793\/revisions\/11798"}],"wp:featuredmedia":[{"embeddable":true,"href":"https:\/\/zakrasnejsivimperk.cz\/index.php?rest_route=\/wp\/v2\/media\/11794"}],"wp:attachment":[{"href":"https:\/\/zakrasnejsivimperk.cz\/index.php?rest_route=%2Fwp%2Fv2%2Fmedia&parent=11793"}],"wp:term":[{"taxonomy":"category","embeddable":true,"href":"https:\/\/zakrasnejsivimperk.cz\/index.php?rest_route=%2Fwp%2Fv2%2Fcategories&post=11793"},{"taxonomy":"post_tag","embeddable":true,"href":"https:\/\/zakrasnejsivimperk.cz\/index.php?rest_route=%2Fwp%2Fv2%2Ftags&post=11793"}],"curies":[{"name":"wp","href":"https:\/\/api.w.org\/{rel}","templated":true}]}}