{"id":117173,"date":"2022-12-08T21:24:02","date_gmt":"2022-12-08T20:24:02","guid":{"rendered":"http:\/\/zakrasnejsivimperk.cz\/?p=117173"},"modified":"2022-12-11T20:44:44","modified_gmt":"2022-12-11T19:44:44","slug":"stara-sumava-zamysleni-nad-adventni-svici","status":"publish","type":"post","link":"https:\/\/zakrasnejsivimperk.cz\/?p=117173","title":{"rendered":"STAR\u00c1 \u0160UMAVA: Zamy\u0161len\u00ed nad adventn\u00ed sv\u00edc\u00ed"},"content":{"rendered":"<p><img loading=\"lazy\" decoding=\"async\" class=\"aligncenter wp-image-117174 size-full\" src=\"http:\/\/zakrasnejsivimperk.cz\/wp-content\/uploads\/2017\/12\/10\/adventni-svice.jpg\" alt=\"\" width=\"1200\" height=\"516\" srcset=\"https:\/\/zakrasnejsivimperk.cz\/wp-content\/uploads\/2017\/12\/10\/adventni-svice.jpg 1200w, https:\/\/zakrasnejsivimperk.cz\/wp-content\/uploads\/2017\/12\/10\/adventni-svice-300x129.jpg 300w, https:\/\/zakrasnejsivimperk.cz\/wp-content\/uploads\/2017\/12\/10\/adventni-svice-768x330.jpg 768w, https:\/\/zakrasnejsivimperk.cz\/wp-content\/uploads\/2017\/12\/10\/adventni-svice-1024x440.jpg 1024w, https:\/\/zakrasnejsivimperk.cz\/wp-content\/uploads\/2017\/12\/10\/adventni-svice-830x357.jpg 830w, https:\/\/zakrasnejsivimperk.cz\/wp-content\/uploads\/2017\/12\/10\/adventni-svice-1123x483.jpg 1123w\" sizes=\"(max-width: 1200px) 100vw, 1200px\" \/><\/p>\n<p>&nbsp;<\/p>\n<h6>Sv\u00ed\u010dka od nepam\u011bti prov\u00e1zela \u010dlov\u011bka cel\u00fdm \u017eivotem, nap\u0159\u00ed\u010d stalet\u00edmi a v\u0161emi kulturami sv\u011bta. P\u0159ed p\u00e1r lety jsem objevil kr\u00e1sn\u00e9 p\u0159\u00edslov\u00ed, kter\u00e9 \u0159\u00edk\u00e1 : &#8221; Kdo ve jm\u00e9nu Svat\u00e9 Mark\u00e9ty zapaluje sv\u00edce, tomu spln\u00ed v\u0161echna p\u0159\u00e1n\u00ed.&#8221; Tak zapalujme sv\u00edce a p\u0159ejme si!<\/h6>\n<p>Sv\u00edce na v\u011bnci, zapalovan\u00e9 ka\u017edou ned\u011bli, vyjad\u0159uj\u00ed, \u017ee \u010das v\u00e1no\u010dn\u00ed roste pomalu do pln\u00e9 n\u00e1dhery. Sv\u011btla adventn\u00edch sv\u00edc\u00ed, jak se postupn\u011b roz\u017e\u00edhaj\u00ed, n\u00e1s zvou, abychom, ka\u017ed\u00fdm dnem, kter\u00fdm jsme bl\u00ed\u017e k v\u00e1no\u010dn\u00edm sv\u00e1tk\u016fm, st\u00e1le v\u00edce z\u00e1\u0159ili sv\u011btlem dobr\u00fdch skutk\u016f pro lidi ve sv\u00e9m okol\u00ed.\u201ePr\u00e1v\u011b v t\u00e9to mraziv\u00e9 a tmav\u00e9 dob\u011b p\u0159ed V\u00e1noci se v n\u00e1s probouz\u00ed touha, aby se nad na\u0161\u00edm \u017eivotem pln\u00fdm temn\u00fdch z\u00e1kout\u00ed, ran a rozbolav\u011bl\u00fdch m\u00edst rozest\u0159elo n\u011bco tak tepl\u00e9ho a sv\u011btl\u00e9ho, jako je sv\u011btlo sv\u00edce.\u201c Aby se sv\u011btlo adventn\u00edch sv\u00edc\u00ed rozest\u0159elo v na\u0161ich du\u0161\u00edch a srdc\u00edch. Aby v n\u00e1s ubylo temn\u00fdch z\u00e1kout\u00ed, bolav\u00fdch m\u00edst, kter\u00e9 n\u00e1s podn\u011bcuj\u00ed k nevra\u017eivosti a nen\u00e1vistn\u00fdm v\u00fdzv\u00e1m a zlovoln\u00fdm prohl\u00e1\u0161en\u00edm prohlubuj\u00edc\u00edm p\u0159\u00edkopy v n\u00e1s.<\/p>\n<p><em>\u010cty\u0159i sv\u00edce adventn\u00ed<\/em><br \/>\n<em> kruh vysn\u011bn\u00fdch p\u0159\u00e1n\u00ed<\/em><br \/>\n<em> o nejkr\u00e1sn\u011bj\u0161\u00ed noci p\u016flno\u010dn\u00ed<\/em><br \/>\n<em> and\u011blsk\u00fdm zp\u011bvem zazn\u00ed.<\/em><\/p>\n<p><em>Sv\u00edce prvn\u00ed v radosti<\/em><br \/>\n<em> druh\u00e1 vzplane ve \u0161t\u011bst\u00ed<\/em><br \/>\n<em> t\u0159et\u00ed sp\u00e1l\u00ed \u0161patnosti<\/em><br \/>\n<em> posledn\u00ed skryje tajnosti.<\/em><\/p>\n<p><em>V\u0161echny z\u00e1\u0159\u00ed ve spojen\u00ed<\/em><br \/>\n<em> vesm\u00edru a zem\u00ed<\/em><br \/>\n<em> sm\u00edtkem du\u0161e okouzlen\u00ed<\/em><br \/>\n<em> zlo v dobro m\u011bn\u00ed.<\/em><\/p>\n<p>Stm\u00edvalo se.<br \/>\n\u010clov\u011bk vzal mali\u010dkou sv\u00ed\u010dku a za\u010dal s n\u00ed vystupovat po dlouh\u00e9m to\u010dit\u00e9m schodi\u0161ti.<\/p>\n<p><em>\u2013 Kam jdeme? ptala se sv\u00ed\u010dka.<\/em><br \/>\n<em> \u2013 Nahoru na v\u011b\u017e, abychom posv\u00edtili lod\u00edm na cestu do p\u0159\u00edstavu.<\/em><br \/>\n<em> \u2013 Ani jedin\u00e1 lo\u010f v p\u0159\u00edstavu p\u0159ece nem\u016f\u017ee vid\u011bt moje sv\u011btlo, nam\u00edtla sv\u00ed\u010dka.<\/em><br \/>\n<em> \u2013 I kdy\u017e tv\u016fj plam\u00ednek nen\u00ed velk\u00fd, \u0159ekl \u010dlov\u011bk, ho\u0159 jenom d\u00e1l tak jasn\u011b, jak dok\u00e1\u017ee\u0161, a ostatn\u00ed nech na m\u011b.<\/em><\/p>\n<p>Za tohoto hovoru do\u0161li a\u017e na vrchol schodi\u0161t\u011b, kde st\u00e1la velik\u00e1 lucerna. Za pomoci mal\u00e9 sv\u00ed\u010dky \u010dlov\u011bk lucernu zap\u00e1lil a brzy velk\u00e1 nale\u0161t\u011bn\u00e1 zrcadla za n\u00ed za\u010dala odr\u00e1\u017eet paprsky z mal\u00e9 sv\u00ed\u010dky a jej\u00ed sv\u011btlo se roz\u0161\u00ed\u0159ilo na m\u00edle daleko a \u0161iroko po mo\u0159i, sv\u00edtilo na cestu lod\u00edm i poutn\u00edk\u016fm.<\/p>\n<p>Stejn\u011b jako mal\u00e1 sv\u00ed\u010dka nebo pouh\u00e1 z\u00e1palka mohou zap\u00e1lit velik\u00fd ohe\u0148 a uk\u00e1zat cestu stovk\u00e1m lid\u00ed, tak i mal\u00fd plam\u00ednek tv\u00e9ho du\u0161evn\u00edho tepla a dobr\u00e9ho p\u0159\u00edkladu m\u016f\u017ee z\u00e1sadn\u011b zm\u011bnit \u017eivot, pohled na sv\u011bt a osudy lid\u00ed, dokonce i kdy\u017e ty s\u00e1m si to je\u0161t\u011b v pln\u00e9 m\u00ed\u0159e neuv\u011bdomuje\u0161.<\/p>\n<p>Bu\u010f prost\u011b sv\u011btlem dne pro lidi kolem tebe, jako ten mal\u00fd maj\u00e1k, kter\u00fd s radost\u00ed p\u0159iv\u00e1d\u011bl lod\u011b do bezpe\u010d\u00ed p\u0159\u00edstavu. Maj\u00e1ky neb\u011bhaj\u00ed po cel\u00e9m ostrov\u011b a nehledaj\u00ed lo\u010f, kterou by mohly zachr\u00e1nit, prost\u011b stoj\u00ed a sv\u00edt\u00ed. Nen\u00ed t\u0159eba se n\u011bkam hn\u00e1t, bu\u010f prost\u011b lidem kolem sebe sv\u011btlem.<\/p>\n<p>V\u011bnec je uzav\u0159en\u00fd kruh. Lze jej p\u0159irovnat k lidsk\u00e9mu \u017eivotu. Jak za\u017e\u00ednaj\u00edc\u00ed sv\u00edce na adventn\u00edm v\u011bnci stup\u0148uj\u00ed intenzitu sv\u011btla, tak b\u011bhem \u017eivota na\u0161e mysl dozr\u00e1v\u00e1.<\/p>\n<p>Prvn\u00ed roz\u017eat\u00e1 sv\u00edce, v objet\u00ed ostatn\u00edch, neho\u0159\u00edc\u00edch, zd\u00e1 se b\u00fdt osam\u011bl\u00e1 a vyd\u00e1v\u00e1 jen mal\u00e9 sv\u011btlo, m\u00e1 v\u0161ak velmi d\u016fle\u017eitou roli. Je znamen\u00edm za\u010d\u00e1tku, za\u010d\u00e1tku n\u011b\u010deho nov\u00e9ho. Na\u0161\u00edm prvn\u00edm sv\u011btlem na cest\u011b sv\u011btem je sv\u00edce k\u0159estn\u00ed. Jej\u00ed sv\u011btlo udr\u017euj\u00ed p\u0159edev\u0161\u00edm rodi\u010de. A\u0165 jsou obda\u0159eni silou a odvahou tento plam\u00ednek uchovat a \u017eivit.<\/p>\n<p>Druh\u00e1 zap\u00e1len\u00e1 sv\u00edce n\u00e1m p\u0159ipomene ml\u00e1d\u00ed a dosp\u00edv\u00e1n\u00ed. Rodi\u010de n\u00e1s vedou k \u017eivotu, p\u0159ed\u00e1vaj\u00ed n\u00e1m sv\u00e1 sv\u011bdectv\u00ed a zku\u0161enosti. Nedok\u00e1\u017eeme si je\u0161t\u011b v\u0161e vysv\u011btlit, hled\u00e1me jak svoji identitu, tak i svou vlastn\u00ed cestu. Na\u0161e v\u00edra v n\u011bco na tomto sv\u011bt\u011b je prozat\u00edm slab\u00e1 a kol\u00edsav\u00e1. Odpov\u00edd\u00e1 s\u00edle t\u011bch dvou plam\u00ednk\u016f, pot\u0159ebuje dal\u0161\u00ed n\u00e1boj.<\/p>\n<p>T\u00edm n\u00e1bojem je t\u0159et\u00ed ho\u0159\u00edc\u00ed sv\u00edce. S n\u00ed vstupujeme do dosp\u011blosti, odpov\u011bdnosti s\u00e1m za sebe, uzav\u00edr\u00e1me man\u017eelstv\u00ed, vychov\u00e1v\u00e1me d\u011bti, v\u0161t\u011bpujeme jim z\u00e1klady \u017eit\u00ed a v modlitb\u00e1ch za n\u011b pros\u00edme, a\u0165 jejich v\u00edra v n\u011bco roste a s\u00edl\u00ed, aby se j\u00edm stala neodmyslitelnou sou\u010d\u00e1st\u00ed \u017eivota.<\/p>\n<p>\u010ctvrt\u00e1 ho\u0159\u00edc\u00ed sv\u00edce uzav\u00edr\u00e1 kruh. Nast\u00e1v\u00e1 doba, kdy m\u00e1me na sebe v\u00edce \u010dasu. Pro n\u00e1s je to \u010das na meditaci a bilancov\u00e1n\u00ed nad pro\u017eit\u00fdm \u017eivotem. Svou v\u00edru m\u016f\u017eeme pro\u017e\u00edvat intenzivn\u011bji a naplno. A a\u017e na \u0160t\u011bdr\u00fd ve\u010der p\u00e1t\u00e1 roz\u017eat\u00e1 sv\u00edce uprost\u0159ed adventn\u00edho v\u011bnce zv\u011bstuje narozen\u00ed Je\u017e\u00ed\u0161e Krista, v\u011b\u0159\u00edme, \u017ee i pro n\u00e1s se stane sv\u011btlem k nov\u00e9mu zrozen\u00ed&#8230;<\/p>\n<p>&nbsp;<\/p>\n<p><strong>Zdroj<\/strong>: Pro dobrou n\u00e1ladu, Vodn\u00e1\u0159, Ladislav R\u016f\u017ei\u010dka<\/p>\n<p><strong>P\u0159ipravuje: Miroslav K\u016eS ANDRES<\/strong><\/p>\n<p><strong>Foto: archiv autora<\/strong><\/p>\n<hr \/>\n<p>&nbsp;<\/p>\n<p>&nbsp;<\/p>\n","protected":false},"excerpt":{"rendered":"<p>&nbsp; Sv\u00ed\u010dka <\/p>\n","protected":false},"author":2,"featured_media":269069,"comment_status":"open","ping_status":"open","sticky":false,"template":"","format":"gallery","meta":{"footnotes":""},"categories":[111],"tags":[],"jetpack_featured_media_url":"https:\/\/zakrasnejsivimperk.cz\/wp-content\/uploads\/2022\/12\/08\/r\u00e1m-zamy\u0161len\u00ed-x.jpg","_links":{"self":[{"href":"https:\/\/zakrasnejsivimperk.cz\/index.php?rest_route=\/wp\/v2\/posts\/117173"}],"collection":[{"href":"https:\/\/zakrasnejsivimperk.cz\/index.php?rest_route=\/wp\/v2\/posts"}],"about":[{"href":"https:\/\/zakrasnejsivimperk.cz\/index.php?rest_route=\/wp\/v2\/types\/post"}],"author":[{"embeddable":true,"href":"https:\/\/zakrasnejsivimperk.cz\/index.php?rest_route=\/wp\/v2\/users\/2"}],"replies":[{"embeddable":true,"href":"https:\/\/zakrasnejsivimperk.cz\/index.php?rest_route=%2Fwp%2Fv2%2Fcomments&post=117173"}],"version-history":[{"count":3,"href":"https:\/\/zakrasnejsivimperk.cz\/index.php?rest_route=\/wp\/v2\/posts\/117173\/revisions"}],"predecessor-version":[{"id":269067,"href":"https:\/\/zakrasnejsivimperk.cz\/index.php?rest_route=\/wp\/v2\/posts\/117173\/revisions\/269067"}],"wp:featuredmedia":[{"embeddable":true,"href":"https:\/\/zakrasnejsivimperk.cz\/index.php?rest_route=\/wp\/v2\/media\/269069"}],"wp:attachment":[{"href":"https:\/\/zakrasnejsivimperk.cz\/index.php?rest_route=%2Fwp%2Fv2%2Fmedia&parent=117173"}],"wp:term":[{"taxonomy":"category","embeddable":true,"href":"https:\/\/zakrasnejsivimperk.cz\/index.php?rest_route=%2Fwp%2Fv2%2Fcategories&post=117173"},{"taxonomy":"post_tag","embeddable":true,"href":"https:\/\/zakrasnejsivimperk.cz\/index.php?rest_route=%2Fwp%2Fv2%2Ftags&post=117173"}],"curies":[{"name":"wp","href":"https:\/\/api.w.org\/{rel}","templated":true}]}}