{"id":11572,"date":"2015-03-10T07:22:31","date_gmt":"2015-03-10T06:22:31","guid":{"rendered":"http:\/\/zakrasnejsivimperk.cz\/?p=11572"},"modified":"2015-03-10T07:22:31","modified_gmt":"2015-03-10T06:22:31","slug":"prachaticky-denik-opet-prijeli-zastupci-ruznych-spolecnosti-s-vyhodnymi-nabidkami","status":"publish","type":"post","link":"https:\/\/zakrasnejsivimperk.cz\/?p=11572","title":{"rendered":"PRACHATICK\u00dd DEN\u00cdK: Op\u011bt p\u0159ijeli z\u00e1stupci r\u016fzn\u00fdch spole\u010dnost\u00ed s \u201ev\u00fdhodn\u00fdmi&#8221; nab\u00eddkami."},"content":{"rendered":"<p style=\"text-align: justify;\">Podomn\u00ed prodejci se v\u00a0t\u00fddnu vydali do Lenory. Podle reakc\u00ed m\u00edstn\u00edch obyvatel ale p\u0159\u00edli\u0161 nepochodili. \u201eTak jsem m\u011bl za dve\u0159mi zase n\u011bjak\u00fd lidi\u010dky, co mn\u011b zachr\u00e1n\u00ed tis\u00edce, kdy\u017e jim sd\u011bl\u00edm n\u011bjak\u00fd to \u010d\u00edslo smlouvy, pr\u00fd honem, \u017ee d\u011blaj\u00ed celou ves a takov\u00fd ty bludy,&#8221; popsal svoji zku\u0161enost jeden z\u00a0m\u00edstn\u00edch obyvatel na soci\u00e1ln\u00ed s\u00edti. Reakce dal\u0161\u00edch u\u017eivatel\u016f na sebe nenechaly dlouho \u010dekat.<\/p>\n<p style=\"text-align: justify;\"><strong>Cel\u00fd \u010dl\u00e1nek p\u0159in\u00e1\u0161\u00ed <a href=\"http:\/\/prachaticky.denik.cz\/zpravy_region\/podomni-prodejce-lide-vyhnali-20150309.html\" target=\"_blank\">PRACHATICK\u00dd DEN\u00cdK<\/a><\/strong><\/p>\n<p style=\"text-align: justify;\">\n","protected":false},"excerpt":{"rendered":"<p>Podomn\u00ed prodejci <\/p>\n","protected":false},"author":2,"featured_media":9035,"comment_status":"open","ping_status":"open","sticky":false,"template":"","format":"standard","meta":{"footnotes":""},"categories":[18],"tags":[],"jetpack_featured_media_url":"https:\/\/zakrasnejsivimperk.cz\/wp-content\/uploads\/2015\/02\/den\u00edk-prach.jpg","_links":{"self":[{"href":"https:\/\/zakrasnejsivimperk.cz\/index.php?rest_route=\/wp\/v2\/posts\/11572"}],"collection":[{"href":"https:\/\/zakrasnejsivimperk.cz\/index.php?rest_route=\/wp\/v2\/posts"}],"about":[{"href":"https:\/\/zakrasnejsivimperk.cz\/index.php?rest_route=\/wp\/v2\/types\/post"}],"author":[{"embeddable":true,"href":"https:\/\/zakrasnejsivimperk.cz\/index.php?rest_route=\/wp\/v2\/users\/2"}],"replies":[{"embeddable":true,"href":"https:\/\/zakrasnejsivimperk.cz\/index.php?rest_route=%2Fwp%2Fv2%2Fcomments&post=11572"}],"version-history":[{"count":2,"href":"https:\/\/zakrasnejsivimperk.cz\/index.php?rest_route=\/wp\/v2\/posts\/11572\/revisions"}],"predecessor-version":[{"id":11574,"href":"https:\/\/zakrasnejsivimperk.cz\/index.php?rest_route=\/wp\/v2\/posts\/11572\/revisions\/11574"}],"wp:featuredmedia":[{"embeddable":true,"href":"https:\/\/zakrasnejsivimperk.cz\/index.php?rest_route=\/wp\/v2\/media\/9035"}],"wp:attachment":[{"href":"https:\/\/zakrasnejsivimperk.cz\/index.php?rest_route=%2Fwp%2Fv2%2Fmedia&parent=11572"}],"wp:term":[{"taxonomy":"category","embeddable":true,"href":"https:\/\/zakrasnejsivimperk.cz\/index.php?rest_route=%2Fwp%2Fv2%2Fcategories&post=11572"},{"taxonomy":"post_tag","embeddable":true,"href":"https:\/\/zakrasnejsivimperk.cz\/index.php?rest_route=%2Fwp%2Fv2%2Ftags&post=11572"}],"curies":[{"name":"wp","href":"https:\/\/api.w.org\/{rel}","templated":true}]}}