{"id":11569,"date":"2015-03-11T07:24:49","date_gmt":"2015-03-11T06:24:49","guid":{"rendered":"http:\/\/zakrasnejsivimperk.cz\/?p=11569"},"modified":"2015-03-11T07:24:49","modified_gmt":"2015-03-11T06:24:49","slug":"prachaticky-denik-mestskou-zvonici-obklopi-letos-leseni-fasada-potrebuje-opravu","status":"publish","type":"post","link":"https:\/\/zakrasnejsivimperk.cz\/?p=11569","title":{"rendered":"PRACHATICK\u00dd DEN\u00cdK: M\u011bstskou zvonici obklop\u00ed letos le\u0161en\u00ed, fas\u00e1da pot\u0159ebuje opravu"},"content":{"rendered":"<p style=\"text-align: justify;\"><strong>Vimperk &#8211;\u00a0V\u00a0minul\u00fdch letech m\u011bsto z\u00a0dotace ministerstva pen\u00edze ne\u010derpalo, te\u010f si ukroj\u00ed nejv\u011bt\u0161\u00ed\u00a0d\u00edl.<\/strong><\/p>\n<p style=\"text-align: justify;\">Nejv\u00edce pen\u011bz z\u00a0dotace ministerstva kultury na regeneraci pam\u00e1tek v\u00a0m\u011bstsk\u00e9 pam\u00e1tkov\u00e9 z\u00f3n\u011b si v\u00a0leto\u0161n\u00edm roce od\u010derp\u00e1 samo m\u011bsto Vimperk. Po patn\u00e1cti letech od posledn\u00ed d\u00edl\u010d\u00ed opravy \u010dek\u00e1 z\u00e1sadn\u00ed rekonstrukce fas\u00e1dy jednu z\u00a0dominant m\u011bsta, a to M\u011bstskou zvonici na n\u00e1m\u011bst\u00ed Svobody.<\/p>\n<p style=\"text-align: justify;\"><strong>Cel\u00fd \u010dl\u00e1nek p\u0159in\u00e1\u0161\u00ed <a href=\"http:\/\/prachaticky.denik.cz\/zpravy_region\/mestskou-zvonici-obklopi-letos-leseni-fasada-potrebuje-opravu-20150309.html\" target=\"_blank\">PRACHATICK\u00dd DEN\u00cdK<\/a><\/strong><\/p>\n<p style=\"text-align: justify;\">\n","protected":false},"excerpt":{"rendered":"<p>Vimperk &#8211;\u00a0V\u00a0minul\u00fdch <\/p>\n","protected":false},"author":2,"featured_media":9035,"comment_status":"open","ping_status":"open","sticky":false,"template":"","format":"standard","meta":{"footnotes":""},"categories":[18],"tags":[],"jetpack_featured_media_url":"https:\/\/zakrasnejsivimperk.cz\/wp-content\/uploads\/2015\/02\/den\u00edk-prach.jpg","_links":{"self":[{"href":"https:\/\/zakrasnejsivimperk.cz\/index.php?rest_route=\/wp\/v2\/posts\/11569"}],"collection":[{"href":"https:\/\/zakrasnejsivimperk.cz\/index.php?rest_route=\/wp\/v2\/posts"}],"about":[{"href":"https:\/\/zakrasnejsivimperk.cz\/index.php?rest_route=\/wp\/v2\/types\/post"}],"author":[{"embeddable":true,"href":"https:\/\/zakrasnejsivimperk.cz\/index.php?rest_route=\/wp\/v2\/users\/2"}],"replies":[{"embeddable":true,"href":"https:\/\/zakrasnejsivimperk.cz\/index.php?rest_route=%2Fwp%2Fv2%2Fcomments&post=11569"}],"version-history":[{"count":3,"href":"https:\/\/zakrasnejsivimperk.cz\/index.php?rest_route=\/wp\/v2\/posts\/11569\/revisions"}],"predecessor-version":[{"id":11757,"href":"https:\/\/zakrasnejsivimperk.cz\/index.php?rest_route=\/wp\/v2\/posts\/11569\/revisions\/11757"}],"wp:featuredmedia":[{"embeddable":true,"href":"https:\/\/zakrasnejsivimperk.cz\/index.php?rest_route=\/wp\/v2\/media\/9035"}],"wp:attachment":[{"href":"https:\/\/zakrasnejsivimperk.cz\/index.php?rest_route=%2Fwp%2Fv2%2Fmedia&parent=11569"}],"wp:term":[{"taxonomy":"category","embeddable":true,"href":"https:\/\/zakrasnejsivimperk.cz\/index.php?rest_route=%2Fwp%2Fv2%2Fcategories&post=11569"},{"taxonomy":"post_tag","embeddable":true,"href":"https:\/\/zakrasnejsivimperk.cz\/index.php?rest_route=%2Fwp%2Fv2%2Ftags&post=11569"}],"curies":[{"name":"wp","href":"https:\/\/api.w.org\/{rel}","templated":true}]}}