{"id":11539,"date":"2015-03-09T08:21:29","date_gmt":"2015-03-09T07:21:29","guid":{"rendered":"http:\/\/zakrasnejsivimperk.cz\/?p=11539"},"modified":"2015-03-09T08:21:29","modified_gmt":"2015-03-09T07:21:29","slug":"tyden-jen-odsoudit-vyvlastneni-cast-sudetskych-nemcu-se-bouri","status":"publish","type":"post","link":"https:\/\/zakrasnejsivimperk.cz\/?p=11539","title":{"rendered":"T\u00ddDEN: Jen odsoudit vyvlastn\u011bn\u00ed? \u010c\u00e1st sudetsk\u00fdch N\u011bmc\u016f se bou\u0159\u00ed"},"content":{"rendered":"<p>&nbsp;<\/p>\n<p style=\"text-align: justify;\"><strong>\u010c\u00e1st sudetsk\u00fdch N\u011bmc\u016f se sna\u017e\u00ed zvr\u00e1tit zm\u011bnu sv\u00fdch stanov, z nich\u017e \u00fa\u010dastn\u00edci sjezdu Sudeton\u011bmeck\u00e9ho krajansk\u00e9ho sdru\u017een\u00ed (SL, Sudetendeutsche\u00a0landsman\u0161aft) o v\u00edkendu vypustili zm\u00ednky o pr\u00e1vu na domovinu a o vr\u00e1cen\u00ed zkonfiskovan\u00e9ho majetku. Ke spr\u00e1vn\u00edmu soudu v Mnichov\u011b do\u0161lo n\u011bkolik st\u00ed\u017enost\u00ed, kter\u00e9 ozna\u010duj\u00ed zm\u011bnu za neopr\u00e1vn\u011bnou, uvedl ve \u010dtvrtek den\u00edk Augsburger Allgemeine.<\/strong><\/p>\n<p style=\"text-align: justify;\">Pro zm\u011bnu stanov hlasovalo o v\u00edkendu 71,8 procenta deleg\u00e1t\u016f sjezdu. N\u011bkter\u00e9 oblastn\u00ed sudeton\u011bmeck\u00e9 organizace v\u0161ak tvrd\u00ed, \u017ee landsman\u0161aft nem\u00e1 v intern\u00edch pravidlech stanoveno, kolik hlas\u016f je ke zm\u011bn\u011b c\u00edle sdru\u017een\u00ed pot\u0159eba. Podle nich se v takov\u00e9m p\u0159\u00edpad\u011b musej\u00ed uplatnit ustanoven\u00ed n\u011bmeck\u00e9ho ob\u010dansk\u00e9ho z\u00e1kon\u00edku, kter\u00fd vy\u017eaduje t\u0159\u00ed\u010dtvrtinovou v\u011bt\u0161inu. Tyto organizace proto \u017e\u00e1daj\u00ed spr\u00e1vn\u00ed soud, aby zm\u011bnu stanov ozna\u010dil za neplatnou.<\/p>\n<p style=\"text-align: justify;\"><strong>Cel\u00fd \u010dl\u00e1nek p\u0159in\u00e1\u0161\u00ed t\u00fdden\u00edk <a href=\"http:\/\/www.tyden.cz\/rubriky\/domaci\/jen-odsoudit-vyvlastneni-cast-sudetskych-nemcu-se-bouri_335321.html#.VP1JIHyG9lM\" target=\"_blank\">T\u00ddDEN<\/a><\/strong><\/p>\n<p style=\"text-align: justify;\">\n<p style=\"text-align: justify;\">\n<p style=\"text-align: justify;\">\n<p style=\"text-align: justify;\">\n","protected":false},"excerpt":{"rendered":"<p>&nbsp; \u010c\u00e1st <\/p>\n","protected":false},"author":2,"featured_media":4631,"comment_status":"open","ping_status":"open","sticky":false,"template":"","format":"standard","meta":{"footnotes":""},"categories":[18],"tags":[],"jetpack_featured_media_url":"https:\/\/zakrasnejsivimperk.cz\/wp-content\/uploads\/2014\/12\/tyden.jpg","_links":{"self":[{"href":"https:\/\/zakrasnejsivimperk.cz\/index.php?rest_route=\/wp\/v2\/posts\/11539"}],"collection":[{"href":"https:\/\/zakrasnejsivimperk.cz\/index.php?rest_route=\/wp\/v2\/posts"}],"about":[{"href":"https:\/\/zakrasnejsivimperk.cz\/index.php?rest_route=\/wp\/v2\/types\/post"}],"author":[{"embeddable":true,"href":"https:\/\/zakrasnejsivimperk.cz\/index.php?rest_route=\/wp\/v2\/users\/2"}],"replies":[{"embeddable":true,"href":"https:\/\/zakrasnejsivimperk.cz\/index.php?rest_route=%2Fwp%2Fv2%2Fcomments&post=11539"}],"version-history":[{"count":4,"href":"https:\/\/zakrasnejsivimperk.cz\/index.php?rest_route=\/wp\/v2\/posts\/11539\/revisions"}],"predecessor-version":[{"id":11543,"href":"https:\/\/zakrasnejsivimperk.cz\/index.php?rest_route=\/wp\/v2\/posts\/11539\/revisions\/11543"}],"wp:featuredmedia":[{"embeddable":true,"href":"https:\/\/zakrasnejsivimperk.cz\/index.php?rest_route=\/wp\/v2\/media\/4631"}],"wp:attachment":[{"href":"https:\/\/zakrasnejsivimperk.cz\/index.php?rest_route=%2Fwp%2Fv2%2Fmedia&parent=11539"}],"wp:term":[{"taxonomy":"category","embeddable":true,"href":"https:\/\/zakrasnejsivimperk.cz\/index.php?rest_route=%2Fwp%2Fv2%2Fcategories&post=11539"},{"taxonomy":"post_tag","embeddable":true,"href":"https:\/\/zakrasnejsivimperk.cz\/index.php?rest_route=%2Fwp%2Fv2%2Ftags&post=11539"}],"curies":[{"name":"wp","href":"https:\/\/api.w.org\/{rel}","templated":true}]}}