{"id":110551,"date":"2017-09-24T12:25:43","date_gmt":"2017-09-24T11:25:43","guid":{"rendered":"http:\/\/zakrasnejsivimperk.cz\/?p=110551"},"modified":"2017-09-24T12:25:43","modified_gmt":"2017-09-24T11:25:43","slug":"reflex-jedete-autem-do-nemecka-davejte-velky-pozor-podstatne-se-tam-zvysily-pokuty-pro-ridice","status":"publish","type":"post","link":"https:\/\/zakrasnejsivimperk.cz\/?p=110551","title":{"rendered":"REFLEX: Jedete autem do N\u011bmecka? D\u00e1vejte velk\u00fd pozor, podstatn\u011b se tam zv\u00fd\u0161ily pokuty pro \u0159idi\u010de"},"content":{"rendered":"<h6><img loading=\"lazy\" decoding=\"async\" class=\"size-medium wp-image-21819 alignright\" src=\"http:\/\/zakrasnejsivimperk.cz\/wp-content\/uploads\/2015\/06\/reflex-300x143.jpg\" alt=\"\" width=\"300\" height=\"143\" srcset=\"https:\/\/zakrasnejsivimperk.cz\/wp-content\/uploads\/2015\/06\/reflex-300x143.jpg 300w, https:\/\/zakrasnejsivimperk.cz\/wp-content\/uploads\/2015\/06\/reflex-750x357.jpg 750w, https:\/\/zakrasnejsivimperk.cz\/wp-content\/uploads\/2015\/06\/reflex.jpg 798w\" sizes=\"(max-width: 300px) 100vw, 300px\" \/>Statis\u00edce \u010desk\u00fdch \u0159idi\u010d\u016f ka\u017ed\u00fd rok pou\u017eij\u00ed silnice v\u00a0N\u011bmecku. Te\u010f by m\u011bli b\u00fdt ale v\u0161ichni \u0159idi\u010di za volantem daleko opatrn\u011bj\u0161\u00ed a v\u00edce dodr\u017eovat m\u00edstn\u00ed p\u0159edpisy. N\u011bmeck\u00fd Bundesrat (Spolkov\u00e1 rada, kter\u00e1 je pova\u017eov\u00e1na za horn\u00ed komoru parlamentu) toti\u017e v\u00a0p\u00e1tek odhlasoval p\u0159ijet\u00ed z\u00e1kon\u016f, kter\u00e9 ukl\u00e1daj\u00ed daleko vy\u0161\u0161\u00ed tresty a pokuty za bezohledn\u00e9 \u0159\u00edzen\u00ed a dal\u0161\u00ed proh\u0159e\u0161ky, kter\u00e9 m\u016f\u017eete sp\u00e1chat v aut\u011b.<\/h6>\n<h4><a href=\"http:\/\/www.reflex.cz\/clanek\/zpravy\/82044\/jedete-autem-do-nemecka-davejte-velky-pozor-podstatne-se-tam-zvysily-pokuty-pro-ridice.html\" target=\"_blank\" rel=\"noopener\">CEL\u00dd \u010cL\u00c1NEK<\/a><\/h4>\n<p>&nbsp;<\/p>\n<p>&nbsp;<\/p>\n","protected":false},"excerpt":{"rendered":"<p>Statis\u00edce \u010desk\u00fdch <\/p>\n","protected":false},"author":2,"featured_media":21819,"comment_status":"open","ping_status":"open","sticky":false,"template":"","format":"gallery","meta":{"footnotes":""},"categories":[18],"tags":[],"jetpack_featured_media_url":"https:\/\/zakrasnejsivimperk.cz\/wp-content\/uploads\/2015\/06\/reflex.jpg","_links":{"self":[{"href":"https:\/\/zakrasnejsivimperk.cz\/index.php?rest_route=\/wp\/v2\/posts\/110551"}],"collection":[{"href":"https:\/\/zakrasnejsivimperk.cz\/index.php?rest_route=\/wp\/v2\/posts"}],"about":[{"href":"https:\/\/zakrasnejsivimperk.cz\/index.php?rest_route=\/wp\/v2\/types\/post"}],"author":[{"embeddable":true,"href":"https:\/\/zakrasnejsivimperk.cz\/index.php?rest_route=\/wp\/v2\/users\/2"}],"replies":[{"embeddable":true,"href":"https:\/\/zakrasnejsivimperk.cz\/index.php?rest_route=%2Fwp%2Fv2%2Fcomments&post=110551"}],"version-history":[{"count":1,"href":"https:\/\/zakrasnejsivimperk.cz\/index.php?rest_route=\/wp\/v2\/posts\/110551\/revisions"}],"predecessor-version":[{"id":110552,"href":"https:\/\/zakrasnejsivimperk.cz\/index.php?rest_route=\/wp\/v2\/posts\/110551\/revisions\/110552"}],"wp:featuredmedia":[{"embeddable":true,"href":"https:\/\/zakrasnejsivimperk.cz\/index.php?rest_route=\/wp\/v2\/media\/21819"}],"wp:attachment":[{"href":"https:\/\/zakrasnejsivimperk.cz\/index.php?rest_route=%2Fwp%2Fv2%2Fmedia&parent=110551"}],"wp:term":[{"taxonomy":"category","embeddable":true,"href":"https:\/\/zakrasnejsivimperk.cz\/index.php?rest_route=%2Fwp%2Fv2%2Fcategories&post=110551"},{"taxonomy":"post_tag","embeddable":true,"href":"https:\/\/zakrasnejsivimperk.cz\/index.php?rest_route=%2Fwp%2Fv2%2Ftags&post=110551"}],"curies":[{"name":"wp","href":"https:\/\/api.w.org\/{rel}","templated":true}]}}